{"id":49381,"date":"2022-03-03T11:07:24","date_gmt":"2022-03-03T16:07:24","guid":{"rendered":"https:\/\/l21.mx\/?p=49381"},"modified":"2022-03-03T11:07:40","modified_gmt":"2022-03-03T16:07:40","slug":"galardonan-a-robert-jan-woltering","status":"publish","type":"post","link":"https:\/\/l21.mx\/?p=49381","title":{"rendered":"Galardonan a Robert-Jan Woltering"},"content":{"rendered":"\n<p class=\"wp-block-paragraph\"><\/p>\n\n\n\n<p class=\"wp-block-paragraph\">Con m\u00e1s de 35 a\u00f1os de experiencia en el sector, Robert-Jan Woltering, vicepresidente Regional de M\u00e9xico y Centroam\u00e9rica de Accor Luxury Brands y director general de Fairmont Mayakoba, recibi\u00f3 el Premio Internacional General Manager al Mejor L\u00edder de la Hospitalidad en M\u00e9xico 2021 por parte de Golden Tree Events Organizing &amp; Managing, Dubai, UAE, que reconoce a los mejores gerentes generales del sector hotelero. Robert-Jan fue seleccionado entre m\u00e1s de 500 nominados de alrededor de 50 pa\u00edses como uno de los 50 ganadores en seis regiones del mundo.<\/p>\n\n\n\n<p class=\"wp-block-paragraph\">Este galard\u00f3n reconoce su gran experiencia en hospitalidad, incluyendo su reciente promoci\u00f3n como vicepresidente Regional de M\u00e9xico y Centroam\u00e9rica del \u00e1rea de marcas de lujo de Accor, as\u00ed como su continua dedicaci\u00f3n para mantener los m\u00e1s altos niveles de excelencia en el servicio en todos los hoteles de lujo de Accor en la regi\u00f3n.<\/p>\n\n\n\n<p class=\"wp-block-paragraph\">\u00abMe siento muy honrado de recibir este premio que, sin duda, no es s\u00f3lo un reflejo de m\u00ed, sino del incre\u00edble equipo de trabajo que formamos en todas las marcas de lujo de Accor de M\u00e9xico y Centroam\u00e9rica\u00bb, coment\u00f3 Robert, quien comenz\u00f3 su carrera en Accor en 1995 como director de Alimentos y Bebidas en Sofitel Luxembourg. Desde entonces, ha colaborado en varios puestos en numerosas propiedades en Emiratos \u00c1rabes Unidos, Singapur, Dubai, Alemania y por supuesto, M\u00e9xico.<\/p>\n","protected":false},"excerpt":{"rendered":"<p>Con m\u00e1s de 35 a\u00f1os de experiencia en el sector, Robert-Jan Woltering, vicepresidente Regional de M\u00e9xico&hellip;<\/p>\n","protected":false},"author":100,"featured_media":34629,"comment_status":"closed","ping_status":"closed","sticky":false,"template":"","format":"standard","meta":{"_acf_changed":false,"_lmt_disableupdate":"","_lmt_disable":"","_mbp_gutenberg_autopost":false,"footnotes":""},"categories":[38],"tags":[],"class_list":["post-49381","post","type-post","status-publish","format-standard","has-post-thumbnail","hentry","category-en-la-21-y-otras-latitudes"],"acf":[],"_links":{"self":[{"href":"https:\/\/l21.mx\/index.php?rest_route=\/wp\/v2\/posts\/49381","targetHints":{"allow":["GET"]}}],"collection":[{"href":"https:\/\/l21.mx\/index.php?rest_route=\/wp\/v2\/posts"}],"about":[{"href":"https:\/\/l21.mx\/index.php?rest_route=\/wp\/v2\/types\/post"}],"author":[{"embeddable":true,"href":"https:\/\/l21.mx\/index.php?rest_route=\/wp\/v2\/users\/100"}],"replies":[{"embeddable":true,"href":"https:\/\/l21.mx\/index.php?rest_route=%2Fwp%2Fv2%2Fcomments&post=49381"}],"version-history":[{"count":0,"href":"https:\/\/l21.mx\/index.php?rest_route=\/wp\/v2\/posts\/49381\/revisions"}],"wp:featuredmedia":[{"embeddable":true,"href":"https:\/\/l21.mx\/index.php?rest_route=\/wp\/v2\/media\/34629"}],"wp:attachment":[{"href":"https:\/\/l21.mx\/index.php?rest_route=%2Fwp%2Fv2%2Fmedia&parent=49381"}],"wp:term":[{"taxonomy":"category","embeddable":true,"href":"https:\/\/l21.mx\/index.php?rest_route=%2Fwp%2Fv2%2Fcategories&post=49381"},{"taxonomy":"post_tag","embeddable":true,"href":"https:\/\/l21.mx\/index.php?rest_route=%2Fwp%2Fv2%2Ftags&post=49381"}],"curies":[{"name":"wp","href":"https:\/\/api.w.org\/{rel}","templated":true}]}}