{"id":4944,"date":"2013-11-04T16:33:09","date_gmt":"2013-11-04T22:33:09","guid":{"rendered":"http:\/\/innovatori.space\/lat21\/?p=4944"},"modified":"2013-11-04T16:33:09","modified_gmt":"2013-11-04T22:33:09","slug":"ingresa-la-espanola-baltus-a-cancun","status":"publish","type":"post","link":"https:\/\/l21.mx\/?p=4944","title":{"rendered":"Ingresa la espa\u00f1ola Baltus a Canc\u00fan"},"content":{"rendered":"<p><a href=\"http:\/\/l21.mx\/wp-content\/uploads\/2013\/11\/BALTUS.jpg\" data-rel=\"penci-gallery-image-content\" ><img fetchpriority=\"high\" decoding=\"async\" class=\"alignleft size-large wp-image-4945\" title=\"BALTUS\" src=\"http:\/\/l21.mx\/wp-content\/uploads\/2013\/11\/BALTUS-1024x680.jpg\" alt=\"\" width=\"1024\" height=\"680\" srcset=\"https:\/\/l21.mx\/wp-content\/uploads\/2013\/11\/BALTUS-1024x680.jpg 1024w, https:\/\/l21.mx\/wp-content\/uploads\/2013\/11\/BALTUS-300x199.jpg 300w, https:\/\/l21.mx\/wp-content\/uploads\/2013\/11\/BALTUS-768x510.jpg 768w, https:\/\/l21.mx\/wp-content\/uploads\/2013\/11\/BALTUS-1536x1020.jpg 1536w, https:\/\/l21.mx\/wp-content\/uploads\/2013\/11\/BALTUS-2048x1360.jpg 2048w, https:\/\/l21.mx\/wp-content\/uploads\/2013\/11\/BALTUS-1920x1275.jpg 1920w, https:\/\/l21.mx\/wp-content\/uploads\/2013\/11\/BALTUS-1170x777.jpg 1170w, https:\/\/l21.mx\/wp-content\/uploads\/2013\/11\/BALTUS-585x389.jpg 585w, https:\/\/l21.mx\/wp-content\/uploads\/2013\/11\/BALTUS-263x175.jpg 263w\" sizes=\"(max-width: 1024px) 100vw, 1024px\" \/><\/a><\/p>\n<p>La firma espa\u00f1ola Baltus, dedicada a la fabricaci\u00f3n de muebles de lujo, ingresa a M\u00e9xico a trav\u00e9s del Caribe mexicano de la mano de la empresaria M\u00f3nica Arango y un grupo de socios. Con 10 a\u00f1os en el mercado, la empresa nacida en Murcia, Espa\u00f1a, instalar\u00e1 su<em> show room<\/em> en Canc\u00fan en el mes de diciembre.<\/p>\n<p>\u201cYa iniciamos con la comercializaci\u00f3n de productos, y actualmente estamos en la instalaci\u00f3n del <em>show room<\/em>, que contar\u00e1 con tres \u00e1reas: la residencial, un local exclusivo de m\u00f3dulos para el sector hotelero y un \u00e1rea para el segmento de condominios\u201d, indica Arango, directora del proyecto.<\/p>\n<p>La inversi\u00f3n para el establecimiento de la marca en Canc\u00fan es de aproximadamente un mill\u00f3n de d\u00f3lares, y entre los servicios, adem\u00e1s de la fabricaci\u00f3n de muebles, se encuentra la elaboraci\u00f3n de proyectos de interiorismo.<\/p>\n<p>El inter\u00e9s de la marca en arribar a la zona responde a la din\u00e1mica del sector hotelero, as\u00ed como del residencial detonado alrededor del turismo, caracter\u00edstica que abre una oportunidad de comercializaci\u00f3n, incluso para otras zonas del pa\u00eds.<\/p>\n<div><\/div>\n","protected":false},"excerpt":{"rendered":"<p>La firma espa\u00f1ola Baltus, dedicada a la fabricaci\u00f3n de muebles de lujo, ingresa a M\u00e9xico a&hellip;<\/p>\n","protected":false},"author":2,"featured_media":4946,"comment_status":"open","ping_status":"open","sticky":false,"template":"","format":"standard","meta":{"_acf_changed":false,"_lmt_disableupdate":"","_lmt_disable":"","_mbp_gutenberg_autopost":false,"footnotes":""},"categories":[4],"tags":[],"class_list":["post-4944","post","type-post","status-publish","format-standard","has-post-thumbnail","hentry","category-empresas-y-negocios"],"acf":[],"_links":{"self":[{"href":"https:\/\/l21.mx\/index.php?rest_route=\/wp\/v2\/posts\/4944","targetHints":{"allow":["GET"]}}],"collection":[{"href":"https:\/\/l21.mx\/index.php?rest_route=\/wp\/v2\/posts"}],"about":[{"href":"https:\/\/l21.mx\/index.php?rest_route=\/wp\/v2\/types\/post"}],"author":[{"embeddable":true,"href":"https:\/\/l21.mx\/index.php?rest_route=\/wp\/v2\/users\/2"}],"replies":[{"embeddable":true,"href":"https:\/\/l21.mx\/index.php?rest_route=%2Fwp%2Fv2%2Fcomments&post=4944"}],"version-history":[{"count":0,"href":"https:\/\/l21.mx\/index.php?rest_route=\/wp\/v2\/posts\/4944\/revisions"}],"wp:featuredmedia":[{"embeddable":true,"href":"https:\/\/l21.mx\/index.php?rest_route=\/wp\/v2\/media\/4946"}],"wp:attachment":[{"href":"https:\/\/l21.mx\/index.php?rest_route=%2Fwp%2Fv2%2Fmedia&parent=4944"}],"wp:term":[{"taxonomy":"category","embeddable":true,"href":"https:\/\/l21.mx\/index.php?rest_route=%2Fwp%2Fv2%2Fcategories&post=4944"},{"taxonomy":"post_tag","embeddable":true,"href":"https:\/\/l21.mx\/index.php?rest_route=%2Fwp%2Fv2%2Ftags&post=4944"}],"curies":[{"name":"wp","href":"https:\/\/api.w.org\/{rel}","templated":true}]}}