{"id":49532,"date":"2022-04-01T13:00:00","date_gmt":"2022-04-01T18:00:00","guid":{"rendered":"https:\/\/l21.mx\/?p=49532"},"modified":"2022-04-01T13:01:02","modified_gmt":"2022-04-01T18:01:02","slug":"mejor-control-a-los-agentes-de-transito","status":"publish","type":"post","link":"https:\/\/l21.mx\/?p=49532","title":{"rendered":"Mejor control a los agentes de Tr\u00e1nsito"},"content":{"rendered":"\n<figure class=\"wp-block-image size-large is-style-default\"><a href=\"https:\/\/l21.mx\/wp-content\/uploads\/2022\/04\/01.jpg\" data-rel=\"penci-gallery-image-content\" ><img fetchpriority=\"high\" decoding=\"async\" width=\"1024\" height=\"576\" src=\"https:\/\/l21.mx\/wp-content\/uploads\/2022\/04\/01-1024x576.jpg\" alt=\"\" class=\"wp-image-49536\" srcset=\"https:\/\/l21.mx\/wp-content\/uploads\/2022\/04\/01-1024x576.jpg 1024w, https:\/\/l21.mx\/wp-content\/uploads\/2022\/04\/01-300x169.jpg 300w, https:\/\/l21.mx\/wp-content\/uploads\/2022\/04\/01-768x432.jpg 768w, https:\/\/l21.mx\/wp-content\/uploads\/2022\/04\/01-1170x658.jpg 1170w, https:\/\/l21.mx\/wp-content\/uploads\/2022\/04\/01-585x329.jpg 585w, https:\/\/l21.mx\/wp-content\/uploads\/2022\/04\/01.jpg 1500w\" sizes=\"(max-width: 1024px) 100vw, 1024px\" \/><\/a><\/figure>\n\n\n\n<p class=\"wp-block-paragraph\"><strong>En Benito Ju\u00e1rez los elementos de Tr\u00e1nsito ya cuentan con gafetes de identificaci\u00f3n con c\u00f3digo QR para que la poblaci\u00f3n eval\u00fae su desempe\u00f1o y verificar que est\u00e9n acreditados para su funci\u00f3n&nbsp;<\/strong><\/p>\n\n\n\n<p class=\"wp-block-paragraph\">Agentes de la Direcci\u00f3n de Tr\u00e1nsito Municipal recibieron gafetes de identificaci\u00f3n por parte de la Contralor\u00eda Municipal, a fin de que los ciudadanos tengan una herramienta de las tecnolog\u00edas de informaci\u00f3n (c\u00f3digo QR) para corroborar que estos servidores p\u00fablicos est\u00e9n facultados y acreditados para ejercer su funci\u00f3n.<\/p>\n\n\n\n<p class=\"wp-block-paragraph\">En el evento realizado en la Plaza de la Reforma del Palacio Municipal, se otorg\u00f3 este tipo de distintivo oficial de manera simb\u00f3lica a 50 elementos de la corporaci\u00f3n policiaca, de un total de 360 que lo portar\u00e1n durante sus horarios de labor en esa dependencia.<\/p>\n\n\n\n<figure class=\"wp-block-image size-large is-style-default\"><a href=\"https:\/\/l21.mx\/wp-content\/uploads\/2022\/04\/04.jpg\" data-rel=\"penci-gallery-image-content\" ><img decoding=\"async\" width=\"1024\" height=\"576\" src=\"https:\/\/l21.mx\/wp-content\/uploads\/2022\/04\/04-1024x576.jpg\" alt=\"\" class=\"wp-image-49534\" srcset=\"https:\/\/l21.mx\/wp-content\/uploads\/2022\/04\/04-1024x576.jpg 1024w, https:\/\/l21.mx\/wp-content\/uploads\/2022\/04\/04-300x169.jpg 300w, https:\/\/l21.mx\/wp-content\/uploads\/2022\/04\/04-768x432.jpg 768w, https:\/\/l21.mx\/wp-content\/uploads\/2022\/04\/04-1170x658.jpg 1170w, https:\/\/l21.mx\/wp-content\/uploads\/2022\/04\/04-585x329.jpg 585w, https:\/\/l21.mx\/wp-content\/uploads\/2022\/04\/04.jpg 1500w\" sizes=\"(max-width: 1024px) 100vw, 1024px\" \/><\/a><\/figure>\n\n\n\n<p class=\"wp-block-paragraph\"><strong>Evaluaci\u00f3n en manos de la poblaci\u00f3n<\/strong><\/p>\n\n\n\n<p class=\"wp-block-paragraph\">Personal de la Contralor\u00eda Municipal enfatiz\u00f3 que la poblaci\u00f3n podr\u00e1 evaluar y calificar el servicio brindado de estos trabajadores municipales a trav\u00e9s de sus tel\u00e9fonos inteligentes y a su vez, estos elementos deber\u00e1n cumplir con el c\u00f3digo de \u00e9tica y conducta, as\u00ed como portar las nuevas credenciales con orgullo y dignidad durante sus labores diarias.<\/p>\n\n\n\n<p class=\"wp-block-paragraph\">Los gafetes cuentan con medidas de seguridad de sistemas inform\u00e1ticos, tales como: holograma con candados para evitar su falsificaci\u00f3n, ID \u00fanico y firma actualizada de cada trabajador, leyenda de verificado, as\u00ed como c\u00f3digo QR, que en este caso permite visualizar que el personal est\u00e9 registrado y vigente en la plataforma.<\/p>\n\n\n\n<p class=\"wp-block-paragraph\">&nbsp;Se enfatiz\u00f3 adem\u00e1s que el seguimiento a la credencializaci\u00f3n de estos servidores forma parte del Sistema Municipal \u201cVerifica y Califica\u201d, para que la poblaci\u00f3n conozca el personal con quienes tienen trato diario en la realizaci\u00f3n de tr\u00e1mites, servicios y actos de autoridad.<\/p>\n\n\n\n<p class=\"wp-block-paragraph\">Durante la ceremonia se entregaron los nuevos gafetes y en esta ocasi\u00f3n se hizo la demostraci\u00f3n del escaneo al c\u00f3digo QR del titular de la Direcci\u00f3n de Tr\u00e1nsito a trav\u00e9s de una tablet para comprobar el correcto funcionamiento del sistema.<\/p>\n\n\n\n<figure class=\"wp-block-image size-large is-style-default\"><a href=\"https:\/\/l21.mx\/wp-content\/uploads\/2022\/04\/02.jpg\" data-rel=\"penci-gallery-image-content\" ><img decoding=\"async\" width=\"1024\" height=\"576\" src=\"https:\/\/l21.mx\/wp-content\/uploads\/2022\/04\/02-1024x576.jpg\" alt=\"\" class=\"wp-image-49535\" srcset=\"https:\/\/l21.mx\/wp-content\/uploads\/2022\/04\/02-1024x576.jpg 1024w, https:\/\/l21.mx\/wp-content\/uploads\/2022\/04\/02-300x169.jpg 300w, https:\/\/l21.mx\/wp-content\/uploads\/2022\/04\/02-768x432.jpg 768w, https:\/\/l21.mx\/wp-content\/uploads\/2022\/04\/02-1170x658.jpg 1170w, https:\/\/l21.mx\/wp-content\/uploads\/2022\/04\/02-585x329.jpg 585w, https:\/\/l21.mx\/wp-content\/uploads\/2022\/04\/02.jpg 1500w\" sizes=\"(max-width: 1024px) 100vw, 1024px\" \/><\/a><\/figure>\n","protected":false},"excerpt":{"rendered":"<p>En Benito Ju\u00e1rez los elementos de Tr\u00e1nsito ya cuentan con gafetes de identificaci\u00f3n con c\u00f3digo QR&hellip;<\/p>\n","protected":false},"author":95,"featured_media":49538,"comment_status":"closed","ping_status":"closed","sticky":false,"template":"","format":"standard","meta":{"_acf_changed":false,"_lmt_disableupdate":"","_lmt_disable":"","_mbp_gutenberg_autopost":false,"footnotes":""},"categories":[4],"tags":[],"class_list":["post-49532","post","type-post","status-publish","format-standard","has-post-thumbnail","hentry","category-empresas-y-negocios"],"acf":[],"_links":{"self":[{"href":"https:\/\/l21.mx\/index.php?rest_route=\/wp\/v2\/posts\/49532","targetHints":{"allow":["GET"]}}],"collection":[{"href":"https:\/\/l21.mx\/index.php?rest_route=\/wp\/v2\/posts"}],"about":[{"href":"https:\/\/l21.mx\/index.php?rest_route=\/wp\/v2\/types\/post"}],"author":[{"embeddable":true,"href":"https:\/\/l21.mx\/index.php?rest_route=\/wp\/v2\/users\/95"}],"replies":[{"embeddable":true,"href":"https:\/\/l21.mx\/index.php?rest_route=%2Fwp%2Fv2%2Fcomments&post=49532"}],"version-history":[{"count":0,"href":"https:\/\/l21.mx\/index.php?rest_route=\/wp\/v2\/posts\/49532\/revisions"}],"wp:featuredmedia":[{"embeddable":true,"href":"https:\/\/l21.mx\/index.php?rest_route=\/wp\/v2\/media\/49538"}],"wp:attachment":[{"href":"https:\/\/l21.mx\/index.php?rest_route=%2Fwp%2Fv2%2Fmedia&parent=49532"}],"wp:term":[{"taxonomy":"category","embeddable":true,"href":"https:\/\/l21.mx\/index.php?rest_route=%2Fwp%2Fv2%2Fcategories&post=49532"},{"taxonomy":"post_tag","embeddable":true,"href":"https:\/\/l21.mx\/index.php?rest_route=%2Fwp%2Fv2%2Ftags&post=49532"}],"curies":[{"name":"wp","href":"https:\/\/api.w.org\/{rel}","templated":true}]}}