{"id":49539,"date":"2022-04-01T13:08:15","date_gmt":"2022-04-01T18:08:15","guid":{"rendered":"https:\/\/l21.mx\/?p=49539"},"modified":"2022-04-01T13:08:34","modified_gmt":"2022-04-01T18:08:34","slug":"viajes-mas-conscientes","status":"publish","type":"post","link":"https:\/\/l21.mx\/?p=49539","title":{"rendered":"Viajes m\u00e1s conscientes"},"content":{"rendered":"\n<p class=\"wp-block-paragraph\"><\/p>\n\n\n\n<p class=\"wp-block-paragraph\">En las vacaciones de Semana Santa y Verano, ya con mucho menos restricciones por la disminuci\u00f3n de la pandemia, los visitantes a los diversos destinos tur\u00edsticos&nbsp;seguir\u00e1n&nbsp;nuevas tendencias; sin embargo, hay que mantener cuidados sanitarios preventivos<\/p>\n\n\n\n<p class=\"wp-block-paragraph\">Son varios los estudios que se\u00f1alan que m\u00e1s del 80% de quienes regularmente hacen viajes o tiene previsto viajar este a\u00f1o, optar\u00e1n por el \u201cconscious travel\u201d, una tendencia que huye del turismo impersonal y busca destinos y alojamientos que aportan una experiencia m\u00e1s all\u00e1 de las excursiones programadas, ya sea por su emplazamiento o por su programa gastron\u00f3mico o experiencial, que se integra en el entorno que le rodea de una forma especial.<\/p>\n\n\n\n<p class=\"wp-block-paragraph\">Esto es algo&nbsp;que deben&nbsp;tomar muy en cuenta las ciudades para atraer visitantes; en M\u00e9xico y particularmente en Quintana Roo opciones con atractivos hay muchas, pero se necesita que tomen en cuenta lo que quieren los viajeros, tanto en t\u00e9rminos sustentables, como en cuesti\u00f3n de seguridad y salud, para garantizar su bienestar.&nbsp;<\/p>\n\n\n\n<p class=\"wp-block-paragraph\">Existe una tendencia de turismo sostenible en la que los hu\u00e9spedes valoran m\u00e1s positivamente el hotel si lleva a cabo medidas para minimizar el impacto sobre el medio ambiente y la cultura local. De hecho, un 30% de los clientes prefiere pagar m\u00e1s por este tipo de lugares.&nbsp;<\/p>\n\n\n\n<p class=\"wp-block-paragraph\">Por supuesto, mucho depende del paseante, que practique estas filosof\u00edas y que exija en los destinos que llegue, mayor compromiso.<\/p>\n\n\n\n<figure class=\"wp-block-image size-large is-style-default\"><a href=\"https:\/\/l21.mx\/wp-content\/uploads\/2022\/04\/infografia-abril-2022.jpg\" data-rel=\"penci-gallery-image-content\" ><img fetchpriority=\"high\" decoding=\"async\" width=\"1024\" height=\"682\" src=\"https:\/\/l21.mx\/wp-content\/uploads\/2022\/04\/infografia-abril-2022-1024x682.jpg\" alt=\"\" class=\"wp-image-49540\" srcset=\"https:\/\/l21.mx\/wp-content\/uploads\/2022\/04\/infografia-abril-2022-1024x682.jpg 1024w, https:\/\/l21.mx\/wp-content\/uploads\/2022\/04\/infografia-abril-2022-300x200.jpg 300w, https:\/\/l21.mx\/wp-content\/uploads\/2022\/04\/infografia-abril-2022-768x512.jpg 768w, https:\/\/l21.mx\/wp-content\/uploads\/2022\/04\/infografia-abril-2022-1536x1024.jpg 1536w, https:\/\/l21.mx\/wp-content\/uploads\/2022\/04\/infografia-abril-2022-1920x1280.jpg 1920w, https:\/\/l21.mx\/wp-content\/uploads\/2022\/04\/infografia-abril-2022-1170x780.jpg 1170w, https:\/\/l21.mx\/wp-content\/uploads\/2022\/04\/infografia-abril-2022-585x390.jpg 585w, https:\/\/l21.mx\/wp-content\/uploads\/2022\/04\/infografia-abril-2022-263x175.jpg 263w, https:\/\/l21.mx\/wp-content\/uploads\/2022\/04\/infografia-abril-2022.jpg 2000w\" sizes=\"(max-width: 1024px) 100vw, 1024px\" \/><\/a><\/figure>\n\n\n","protected":false},"excerpt":{"rendered":"<p>En las vacaciones de Semana Santa y Verano, ya con mucho menos restricciones por la disminuci\u00f3n&hellip;<\/p>\n","protected":false},"author":95,"featured_media":49542,"comment_status":"closed","ping_status":"closed","sticky":false,"template":"","format":"standard","meta":{"_acf_changed":false,"_lmt_disableupdate":"","_lmt_disable":"","_mbp_gutenberg_autopost":false,"footnotes":""},"categories":[709,23],"tags":[],"class_list":["post-49539","post","type-post","status-publish","format-standard","has-post-thumbnail","hentry","category-infografia","category-noticias"],"acf":[],"_links":{"self":[{"href":"https:\/\/l21.mx\/index.php?rest_route=\/wp\/v2\/posts\/49539","targetHints":{"allow":["GET"]}}],"collection":[{"href":"https:\/\/l21.mx\/index.php?rest_route=\/wp\/v2\/posts"}],"about":[{"href":"https:\/\/l21.mx\/index.php?rest_route=\/wp\/v2\/types\/post"}],"author":[{"embeddable":true,"href":"https:\/\/l21.mx\/index.php?rest_route=\/wp\/v2\/users\/95"}],"replies":[{"embeddable":true,"href":"https:\/\/l21.mx\/index.php?rest_route=%2Fwp%2Fv2%2Fcomments&post=49539"}],"version-history":[{"count":0,"href":"https:\/\/l21.mx\/index.php?rest_route=\/wp\/v2\/posts\/49539\/revisions"}],"wp:featuredmedia":[{"embeddable":true,"href":"https:\/\/l21.mx\/index.php?rest_route=\/wp\/v2\/media\/49542"}],"wp:attachment":[{"href":"https:\/\/l21.mx\/index.php?rest_route=%2Fwp%2Fv2%2Fmedia&parent=49539"}],"wp:term":[{"taxonomy":"category","embeddable":true,"href":"https:\/\/l21.mx\/index.php?rest_route=%2Fwp%2Fv2%2Fcategories&post=49539"},{"taxonomy":"post_tag","embeddable":true,"href":"https:\/\/l21.mx\/index.php?rest_route=%2Fwp%2Fv2%2Ftags&post=49539"}],"curies":[{"name":"wp","href":"https:\/\/api.w.org\/{rel}","templated":true}]}}