{"id":49601,"date":"2022-04-01T17:48:07","date_gmt":"2022-04-01T22:48:07","guid":{"rendered":"https:\/\/l21.mx\/?p=49601"},"modified":"2022-04-01T17:48:22","modified_gmt":"2022-04-01T22:48:22","slug":"leonor-villafana-liderazgo-femenino","status":"publish","type":"post","link":"https:\/\/l21.mx\/?p=49601","title":{"rendered":"Leonor Villafa\u00f1a:\u00a0Liderazgo\u00a0femenino"},"content":{"rendered":"\n<figure class=\"wp-block-image size-large is-style-default\"><a href=\"https:\/\/l21.mx\/wp-content\/uploads\/2022\/04\/Leo-villafana-3.jpg\" data-rel=\"penci-gallery-image-content\" ><img fetchpriority=\"high\" decoding=\"async\" width=\"683\" height=\"1024\" src=\"https:\/\/l21.mx\/wp-content\/uploads\/2022\/04\/Leo-villafana-3-683x1024.jpg\" alt=\"\" class=\"wp-image-49602\" srcset=\"https:\/\/l21.mx\/wp-content\/uploads\/2022\/04\/Leo-villafana-3-683x1024.jpg 683w, https:\/\/l21.mx\/wp-content\/uploads\/2022\/04\/Leo-villafana-3-200x300.jpg 200w, https:\/\/l21.mx\/wp-content\/uploads\/2022\/04\/Leo-villafana-3-768x1152.jpg 768w, https:\/\/l21.mx\/wp-content\/uploads\/2022\/04\/Leo-villafana-3-1024x1536.jpg 1024w, https:\/\/l21.mx\/wp-content\/uploads\/2022\/04\/Leo-villafana-3-1365x2048.jpg 1365w, https:\/\/l21.mx\/wp-content\/uploads\/2022\/04\/Leo-villafana-3-1170x1755.jpg 1170w, https:\/\/l21.mx\/wp-content\/uploads\/2022\/04\/Leo-villafana-3-585x878.jpg 585w, https:\/\/l21.mx\/wp-content\/uploads\/2022\/04\/Leo-villafana-3.jpg 1500w\" sizes=\"(max-width: 683px) 100vw, 683px\" \/><\/a><\/figure>\n\n\n\n<p class=\"wp-block-paragraph\"><strong>Con gran compromiso y sensibilidad, Leonor Villafa\u00f1a toma las riendas de Afeet Quintana Roo,\u00a0para fortalecer la presencia de las mujeres en el \u00e1mbito empresarial, sobre todo tur\u00edstico<\/strong><\/p>\n\n\n\n<p class=\"wp-block-paragraph\"><strong>C<\/strong>on tres d\u00e9cadas viviendo en Canc\u00fan y una larga experiencia en el mundo de los negocios, Leonor Villafa\u00f1a Caballero asumi\u00f3 el liderazgo de la Asociaci\u00f3n Femenil de Ejecutivas Tur\u00edsticas (Afeet) cap\u00edtulo Quintana Roo.\u00a0<\/p>\n\n\n\n<p class=\"wp-block-paragraph\">La tambi\u00e9n directora comercial de Marina El Cid en Puerto Morelos, se ha abierto puertas y aprovechado oportunidades en sus m\u00faltiples actividades.&nbsp;<\/p>\n\n\n\n<p class=\"wp-block-paragraph\">Acompa\u00f1ada de otras mujeres como ella, trabajadoras y con muchas ideas para continuar la reactivaci\u00f3n del estado, se comprometi\u00f3 a que durante su gesti\u00f3n (2022-2023) pondr\u00e1 todo su esfuerzo en promover e impulsar a las socias de las empresas que representan, dar continuidad a la responsabilidad social, continuar con las relaciones institucionales y medios para posicionar a las socias dentro del ramo <em>tur\u00edstico<\/em> e impulsar Quintana Roo en el entorno tur\u00edstico.<\/p>\n\n\n\n<p class=\"wp-block-paragraph\"><strong>\u00bfCu\u00e1l es tu principal compromiso con las afiliadas?<\/strong><\/p>\n\n\n\n<p class=\"wp-block-paragraph\">Definitivamente seguir conteniendo a nuestras socias en las empresas del turismo; muchas necesitan seguir creciendo, primero nosotros y a nivel profesional, porque muchas se quedaron sin trabajo. Tambi\u00e9n tenemos que darles mayor capacitaci\u00f3n, apoyarlas para salir adelante; haremos lo que est\u00e9 en nuestras manos para ello y respaldarlas para acrecentar la matr\u00edcula de afiliadas.<\/p>\n\n\n\n<figure class=\"wp-block-image size-large is-style-default\"><a href=\"https:\/\/l21.mx\/wp-content\/uploads\/2022\/04\/Afeet-evento-12.jpg\" data-rel=\"penci-gallery-image-content\" ><img decoding=\"async\" width=\"1024\" height=\"722\" src=\"https:\/\/l21.mx\/wp-content\/uploads\/2022\/04\/Afeet-evento-12-1024x722.jpg\" alt=\"\" class=\"wp-image-49604\" srcset=\"https:\/\/l21.mx\/wp-content\/uploads\/2022\/04\/Afeet-evento-12-1024x722.jpg 1024w, https:\/\/l21.mx\/wp-content\/uploads\/2022\/04\/Afeet-evento-12-300x211.jpg 300w, https:\/\/l21.mx\/wp-content\/uploads\/2022\/04\/Afeet-evento-12-768x541.jpg 768w, https:\/\/l21.mx\/wp-content\/uploads\/2022\/04\/Afeet-evento-12-1170x824.jpg 1170w, https:\/\/l21.mx\/wp-content\/uploads\/2022\/04\/Afeet-evento-12-585x412.jpg 585w, https:\/\/l21.mx\/wp-content\/uploads\/2022\/04\/Afeet-evento-12.jpg 1500w\" sizes=\"(max-width: 1024px) 100vw, 1024px\" \/><\/a><\/figure>\n\n\n\n<p class=\"wp-block-paragraph\"><strong>\u00bfQu\u00e9 representan las mujeres en el sector tur\u00edstico?<\/strong><\/p>\n\n\n\n<p class=\"wp-block-paragraph\">Representamos el 54% en las empresas de turismo, y como esta industria fue una de los m\u00e1s golpeados econ\u00f3micamente los dos \u00faltimos a\u00f1os por la pandemia, pues a este sector de la poblaci\u00f3n tambi\u00e9n le afect\u00f3; es innegable que muchas perdieron sus empleos o se fueron a medio tiempo; incluso hubo due\u00f1as de empresas que cerraron. Por eso uno de los objetivos de esta organizaci\u00f3n es contener a esas socias e invitar m\u00e1s para seguir creciendo.<\/p>\n\n\n\n<p class=\"wp-block-paragraph\"><strong>\u00bfCu\u00e1l es la principal apuesta como gremio para lograr las metas trazadas?<\/strong><\/p>\n\n\n\n<p class=\"wp-block-paragraph\">Reconozco en mis similares grandes virtudes, creo en las mujeres, en nuestras capacidades, en nuestra solidaridad, en el valor, la calidez y la calidad que cada una de nosotras podemos aportar en el \u00e1mbito profesional y familiar.<\/p>\n\n\n\n<p class=\"wp-block-paragraph\"><strong>\u00bfC\u00f3mo ven el panorama de la recuperaci\u00f3n econ\u00f3mica este a\u00f1o?<\/strong><\/p>\n\n\n\n<p class=\"wp-block-paragraph\">Yo considero que la entidad ha sido de las que mejor se ha recuperado, aunque falta mucho, pero tambi\u00e9n es importante reconocer el esfuerzo de todos, gobierno, empresas y colaboradores para salir adelante y continuar recuperando lo que se perdi\u00f3 por el impacto de la pandemia. Definitivamente creo que el Caribe Mexicano va muy bien y esto es gracias al compromiso de todos.<\/p>\n\n\n\n<p class=\"wp-block-paragraph\">Por otro lado, en lo que refiere a grupos y convenciones vamos creciendo; el primer trimestre empezamos muy fuerte, algunas de inicios de a\u00f1o se reprogramaron para el segundo trimestre del a\u00f1o por el impacto de la variante \u00d3micron, pero hemos avanzado en 50% en este segmento y la recuperaci\u00f3n total vendr\u00e1 en 2023, con cifras similares a 2019.<\/p>\n\n\n\n<p class=\"wp-block-paragraph\"><strong>Hacia la comunidad, \u00bfqu\u00e9 van a impulsar?<\/strong><\/p>\n\n\n\n<p class=\"wp-block-paragraph\">Queremos impulsar el turismo inclusivo, es un proyecto que inici\u00f3 la presidenta anterior, Cachis Betanzos; ya nos ofrecieron ayuda para llevar esto como pol\u00edtica p\u00fablica, aunque somos apol\u00edticas, pero tenemos que involucrarnos para seguir creciendo en el destino, a nivel nacional.<\/p>\n\n\n\n<p class=\"wp-block-paragraph\">Es un gran reto, porque muchas compa\u00f1\u00edas no est\u00e1n preparadas para personas con caracter\u00edsticas especiales, hoteles, <em>tours<\/em>, restaurantes y dem\u00e1s negocios no tienen la infraestructura para recibir a ese turismo.<\/p>\n\n\n\n<figure class=\"wp-block-image size-large is-style-default\"><a href=\"https:\/\/l21.mx\/wp-content\/uploads\/2022\/04\/afeet-evento-3.jpg\" data-rel=\"penci-gallery-image-content\" ><img decoding=\"async\" width=\"768\" height=\"1024\" src=\"https:\/\/l21.mx\/wp-content\/uploads\/2022\/04\/afeet-evento-3-768x1024.jpg\" alt=\"\" class=\"wp-image-49605\" srcset=\"https:\/\/l21.mx\/wp-content\/uploads\/2022\/04\/afeet-evento-3-768x1024.jpg 768w, https:\/\/l21.mx\/wp-content\/uploads\/2022\/04\/afeet-evento-3-225x300.jpg 225w, https:\/\/l21.mx\/wp-content\/uploads\/2022\/04\/afeet-evento-3-1152x1536.jpg 1152w, https:\/\/l21.mx\/wp-content\/uploads\/2022\/04\/afeet-evento-3-1170x1560.jpg 1170w, https:\/\/l21.mx\/wp-content\/uploads\/2022\/04\/afeet-evento-3-585x780.jpg 585w, https:\/\/l21.mx\/wp-content\/uploads\/2022\/04\/afeet-evento-3.jpg 1500w\" sizes=\"(max-width: 768px) 100vw, 768px\" \/><\/a><\/figure>\n\n\n\n<p class=\"wp-block-paragraph\"><strong>\u00bfA qui\u00e9nes va dirigido?<\/strong><\/p>\n\n\n\n<p class=\"wp-block-paragraph\">Queremos invitar a todos los hoteles, touroperadores y dem\u00e1s negocios relacionados con el sector, a que participen en este proyecto, aunque sabemos que no es f\u00e1cil, porque implica un costo, pero considero que ser\u00eda un buen punto a favor del destino si m\u00e1s compa\u00f1\u00edas se suman.<\/p>\n\n\n\n<p class=\"wp-block-paragraph\">Definitivamente una de las trabas es el costo de los cambios o ajustes que implican en los establecimientos, y no todos lo quieren asumir o incluir en sus presupuestos.<\/p>\n\n\n\n<p class=\"wp-block-paragraph\"><strong>Pero no es s\u00f3lo cuesti\u00f3n de la iniciativa privada, tambi\u00e9n de la autoridad\u2026<\/strong><\/p>\n\n\n\n<p class=\"wp-block-paragraph\">Por supuesto, tambi\u00e9n se requiere que en la ciudad haya accesos; y que en la comunidad haya compromiso, porque no le damos la importancia que merece ese sector, que tambi\u00e9n quieren salir a divertirse, es importante diversificarnos y abrir la posibilidad a otros grupos.<\/p>\n\n\n\n<p class=\"wp-block-paragraph\"><strong>\u00bfQu\u00e9 hace falta para detonar, a\u00fan m\u00e1s, la fortaleza profesional de las mujeres en el Caribe Mexicano?<\/strong><\/p>\n\n\n\n<p class=\"wp-block-paragraph\">En los discursos se recalca que el turismo es una industria que promueve la equidad de g\u00e9nero y el empoderamiento en las mujeres, y aunque las mujeres son la mayor\u00eda en la comunidad estudiantil de la educaci\u00f3n tur\u00edstica formal, son muchas las que carecen de formaci\u00f3n en capacidades de alto nivel y aptitudes interpersonales, necesarias para lograr una carrera profesional. S\u00ed, es cierto que el 54% de las personas que trabajan en el sector turismo son mujeres, pero ganan 14.7% menos que los hombres.<\/p>\n\n\n\n<p class=\"wp-block-paragraph\">Estas cifras reflejan una realidad y por eso se necesita un trabajo tit\u00e1nico y coordinado para revertirlas; desde nuestro organismo buscaremos contribuir al desarrollo personal y profesional de nuestras afiliadas, por medio de nuestras sesiones de capacitaci\u00f3n, talleres, jornadas de asistencia social y networking, entre otras acciones.<\/p>\n\n\n\n<p class=\"wp-block-paragraph\"><strong>\u00bfYa tuvieron o tendr\u00e1n acercamiento con los aspirantes a cargos de elecci\u00f3n popular?<\/strong><\/p>\n\n\n\n<p class=\"wp-block-paragraph\">Somos una organizaci\u00f3n apol\u00edtica; sin embargo, estamos abiertos a que, como parte importante de un sector vital de la econom\u00eda del estado, hacer propuestas encaminadas en beneficio de todos. &nbsp;<\/p>\n","protected":false},"excerpt":{"rendered":"<p>Con gran compromiso y sensibilidad, Leonor Villafa\u00f1a toma las riendas de Afeet Quintana Roo,\u00a0para fortalecer la&hellip;<\/p>\n","protected":false},"author":95,"featured_media":49603,"comment_status":"closed","ping_status":"closed","sticky":false,"template":"","format":"standard","meta":{"_acf_changed":false,"_lmt_disableupdate":"","_lmt_disable":"","_mbp_gutenberg_autopost":false,"footnotes":""},"categories":[36,23],"tags":[],"class_list":["post-49601","post","type-post","status-publish","format-standard","has-post-thumbnail","hentry","category-encuentros","category-noticias"],"acf":[],"_links":{"self":[{"href":"https:\/\/l21.mx\/index.php?rest_route=\/wp\/v2\/posts\/49601","targetHints":{"allow":["GET"]}}],"collection":[{"href":"https:\/\/l21.mx\/index.php?rest_route=\/wp\/v2\/posts"}],"about":[{"href":"https:\/\/l21.mx\/index.php?rest_route=\/wp\/v2\/types\/post"}],"author":[{"embeddable":true,"href":"https:\/\/l21.mx\/index.php?rest_route=\/wp\/v2\/users\/95"}],"replies":[{"embeddable":true,"href":"https:\/\/l21.mx\/index.php?rest_route=%2Fwp%2Fv2%2Fcomments&post=49601"}],"version-history":[{"count":0,"href":"https:\/\/l21.mx\/index.php?rest_route=\/wp\/v2\/posts\/49601\/revisions"}],"wp:featuredmedia":[{"embeddable":true,"href":"https:\/\/l21.mx\/index.php?rest_route=\/wp\/v2\/media\/49603"}],"wp:attachment":[{"href":"https:\/\/l21.mx\/index.php?rest_route=%2Fwp%2Fv2%2Fmedia&parent=49601"}],"wp:term":[{"taxonomy":"category","embeddable":true,"href":"https:\/\/l21.mx\/index.php?rest_route=%2Fwp%2Fv2%2Fcategories&post=49601"},{"taxonomy":"post_tag","embeddable":true,"href":"https:\/\/l21.mx\/index.php?rest_route=%2Fwp%2Fv2%2Ftags&post=49601"}],"curies":[{"name":"wp","href":"https:\/\/api.w.org\/{rel}","templated":true}]}}