{"id":49607,"date":"2022-04-01T17:51:21","date_gmt":"2022-04-01T22:51:21","guid":{"rendered":"https:\/\/l21.mx\/?p=49607"},"modified":"2022-04-01T17:51:35","modified_gmt":"2022-04-01T22:51:35","slug":"agitacion","status":"publish","type":"post","link":"https:\/\/l21.mx\/?p=49607","title":{"rendered":"Agitaci\u00f3n"},"content":{"rendered":"\n<ul class=\"wp-block-list\"><li><strong>Nelly Garc\u00eda<\/strong><\/li><li>ngarcia@latitud21.com.mx<\/li><\/ul>\n\n\n\n<p>La primavera lleg\u00f3 a Quintana Roo para llenar la atm\u00f3sfera de un ambiente bastante agitado, movido, muy caluroso; y no solamente por las condiciones clim\u00e1ticas, que tanto llaman a disfrutar de d\u00edas de sol y playa, sino porque es tiempo de que empiecen las campa\u00f1as, y como dicen por ah\u00ed, se va a poner buena la cosa.\u00a0<\/p>\n\n\n\n<p>Y esperamos que de verdad sea buena, en todos los aspectos, que los candidatos presenten propuestas, recorran la geograf\u00eda estatal para que conozcan las necesidades de la gente, que escuchen a todos, a los empresarios, al obrero, a los j\u00f3venes, a las mujeres, a los ni\u00f1os, a los deportistas, que no se queden sin enterarse de la realidad que impera en todos los rincones de Quintana Roo; una realidad que en muchos de los casos no es la deseada, porque duele, porque lastima, porque es de puras carencias, injusticias o vejaciones.&nbsp;<\/p>\n\n\n\n<p>Es cierto, no todo es negativo, hay cosas muy buenas, pero seamos sinceros, las \u00e1reas de oportunidad, las de necesidades, son por mucho, demasiadas. Es hora de que atiendan los llamados y presenten propuestas de valor, alcanzables, medibles y cuantificables, que las promesas no sean huecas, porque luego, a quien le favorezca el voto el 6 de junio, debe comprometerse doblemente, tanto con quienes lo (a) llevaron al poder, como con los que no creyeron en \u00e9l o ella; debe cumplir a todos los quintanarroenses, y ese, es un paquete grande, muy grande. \u00bfQui\u00e9n estar\u00e1 dispuesto a echarse al hombro esa tarea? Valoremos el sufragio, su importancia y el enorme poder que tenemos los ciudadanos en nuestras manos, el futuro de los pr\u00f3ximos seis a\u00f1os depende de ello; no lo echemos en saco roto.<\/p>\n\n\n\n<p>Pero la agitaci\u00f3n no es solo pol\u00edtica, este segundo trimestre del a\u00f1o se antoja bastante bueno en cuesti\u00f3n tur\u00edstica, con una ocupaci\u00f3n hotelera por arriba del 80% y con m\u00e1s de 500 vuelos en promedio; sin duda, la afluencia va para arriba y hay que aprovecharla, no retroceder en el sem\u00e1foro epidemiol\u00f3gico para avanzar y que la econom\u00eda siga viento en popa. Hacemos un llamado a todos los prestadores de servicios para que den lo mejor de s\u00ed y que, m\u00e1s all\u00e1 de las propinas (que son de mucha ayuda al bolsillo), se preocupen por generar un buen sabor de boca en los turistas, para que, si la Semana Santa es positiva, desde ahora aseguremos un verano mucho mejor.<\/p>\n\n\n\n<p>Por lo pronto, parece que los impactos globales de la guerra en Ucrania se est\u00e1n quedando en algunos incrementos, esperemos que cada vez se minimicen y los n\u00fameros de inflaci\u00f3n en M\u00e9xico ya se estabilicen.&nbsp;<\/p>\n\n\n\n<p>Disfruten la temporada de calor, pero recuerden que si viajan, no tiren colillas de cigarros ni botellas en el camino, porque eso puede generar una chispa que provoque un gran incendio. Cuidemos nuestros recursos. &nbsp;<\/p>\n","protected":false},"excerpt":{"rendered":"<p>Nelly Garc\u00eda ngarcia@latitud21.com.mx La primavera lleg\u00f3 a Quintana Roo para llenar la atm\u00f3sfera de un ambiente&hellip;<\/p>\n","protected":false},"author":95,"featured_media":46181,"comment_status":"closed","ping_status":"closed","sticky":false,"template":"","format":"standard","meta":{"_acf_changed":false,"_lmt_disableupdate":"","_lmt_disable":"","_mbp_gutenberg_autopost":false,"footnotes":""},"categories":[923],"tags":[],"class_list":["post-49607","post","type-post","status-publish","format-standard","has-post-thumbnail","hentry","category-nelly-garcia"],"acf":[],"yoast_head":"<!-- This site is optimized with the Yoast SEO plugin v27.5 - https:\/\/yoast.com\/product\/yoast-seo-wordpress\/ -->\n<title>Agitaci\u00f3n | Revista Latitud 21<\/title>\n<meta name=\"description\" content=\"L21, Emprendedores y Negocios en el Caribe Mexicano, es la revista l\u00edder entre el Sector Empresarial y Tur\u00edstico del Caribe Mexicano.\" \/>\n<meta name=\"robots\" content=\"index, follow, max-snippet:-1, max-image-preview:large, max-video-preview:-1\" \/>\n<link rel=\"canonical\" href=\"https:\/\/l21.mx\/?p=49607\" \/>\n<meta name=\"twitter:card\" content=\"summary_large_image\" \/>\n<meta name=\"twitter:title\" content=\"Agitaci\u00f3n | Revista Latitud 21\" \/>\n<meta name=\"twitter:description\" content=\"L21, Emprendedores y Negocios en el Caribe Mexicano, es la revista l\u00edder entre el Sector Empresarial y Tur\u00edstico del Caribe Mexicano.\" \/>\n<meta name=\"twitter:image\" content=\"https:\/\/l21.mx\/wp-content\/uploads\/2021\/04\/nelly-garcia-carta-del-editor.jpg\" \/>\n<meta name=\"twitter:creator\" content=\"@Latitud21mx\" \/>\n<meta name=\"twitter:site\" content=\"@Latitud21mx\" \/>\n<meta name=\"twitter:label1\" content=\"Escrito por\" \/>\n\t<meta name=\"twitter:data1\" content=\"ahernandez@latitud21.com.mx\" \/>\n\t<meta name=\"twitter:label2\" content=\"Tiempo de lectura\" \/>\n\t<meta name=\"twitter:data2\" content=\"3 minutos\" \/>\n<script type=\"application\/ld+json\" class=\"yoast-schema-graph\">{\"@context\":\"https:\\\/\\\/schema.org\",\"@graph\":[{\"@type\":\"Article\",\"@id\":\"https:\\\/\\\/l21.mx\\\/?p=49607#article\",\"isPartOf\":{\"@id\":\"https:\\\/\\\/l21.mx\\\/?p=49607\"},\"author\":{\"name\":\"ahernandez@latitud21.com.mx\",\"@id\":\"https:\\\/\\\/l21.mx\\\/#\\\/schema\\\/person\\\/b3cb342bb947a88e1fc27e05770479da\"},\"headline\":\"Agitaci\u00f3n\",\"datePublished\":\"2022-04-01T22:51:21+00:00\",\"dateModified\":\"2022-04-01T22:51:35+00:00\",\"mainEntityOfPage\":{\"@id\":\"https:\\\/\\\/l21.mx\\\/?p=49607\"},\"wordCount\":504,\"publisher\":{\"@id\":\"https:\\\/\\\/l21.mx\\\/#organization\"},\"image\":{\"@id\":\"https:\\\/\\\/l21.mx\\\/?p=49607#primaryimage\"},\"thumbnailUrl\":\"https:\\\/\\\/l21.mx\\\/wp-content\\\/uploads\\\/2021\\\/04\\\/nelly-garcia-carta-del-editor.jpg\",\"articleSection\":[\"Nelly Garc\u00eda\"],\"inLanguage\":\"es\"},{\"@type\":\"WebPage\",\"@id\":\"https:\\\/\\\/l21.mx\\\/?p=49607\",\"url\":\"https:\\\/\\\/l21.mx\\\/?p=49607\",\"name\":\"Agitaci\u00f3n | Revista Latitud 21\",\"isPartOf\":{\"@id\":\"https:\\\/\\\/l21.mx\\\/#website\"},\"primaryImageOfPage\":{\"@id\":\"https:\\\/\\\/l21.mx\\\/?p=49607#primaryimage\"},\"image\":{\"@id\":\"https:\\\/\\\/l21.mx\\\/?p=49607#primaryimage\"},\"thumbnailUrl\":\"https:\\\/\\\/l21.mx\\\/wp-content\\\/uploads\\\/2021\\\/04\\\/nelly-garcia-carta-del-editor.jpg\",\"datePublished\":\"2022-04-01T22:51:21+00:00\",\"dateModified\":\"2022-04-01T22:51:35+00:00\",\"description\":\"L21, Emprendedores y Negocios en el Caribe Mexicano, es la revista l\u00edder entre el Sector Empresarial y Tur\u00edstico del Caribe Mexicano.\",\"breadcrumb\":{\"@id\":\"https:\\\/\\\/l21.mx\\\/?p=49607#breadcrumb\"},\"inLanguage\":\"es\",\"potentialAction\":[{\"@type\":\"ReadAction\",\"target\":[\"https:\\\/\\\/l21.mx\\\/?p=49607\"]}]},{\"@type\":\"ImageObject\",\"inLanguage\":\"es\",\"@id\":\"https:\\\/\\\/l21.mx\\\/?p=49607#primaryimage\",\"url\":\"https:\\\/\\\/l21.mx\\\/wp-content\\\/uploads\\\/2021\\\/04\\\/nelly-garcia-carta-del-editor.jpg\",\"contentUrl\":\"https:\\\/\\\/l21.mx\\\/wp-content\\\/uploads\\\/2021\\\/04\\\/nelly-garcia-carta-del-editor.jpg\",\"width\":900,\"height\":599},{\"@type\":\"BreadcrumbList\",\"@id\":\"https:\\\/\\\/l21.mx\\\/?p=49607#breadcrumb\",\"itemListElement\":[{\"@type\":\"ListItem\",\"position\":1,\"name\":\"Portada\",\"item\":\"https:\\\/\\\/l21.mx\\\/\"},{\"@type\":\"ListItem\",\"position\":2,\"name\":\"Agitaci\u00f3n\"}]},{\"@type\":\"WebSite\",\"@id\":\"https:\\\/\\\/l21.mx\\\/#website\",\"url\":\"https:\\\/\\\/l21.mx\\\/\",\"name\":\"Revista Latitud 21\",\"description\":\"Emprendedores  y negocios en el Caribe Mexicano\",\"publisher\":{\"@id\":\"https:\\\/\\\/l21.mx\\\/#organization\"},\"potentialAction\":[{\"@type\":\"SearchAction\",\"target\":{\"@type\":\"EntryPoint\",\"urlTemplate\":\"https:\\\/\\\/l21.mx\\\/?s={search_term_string}\"},\"query-input\":{\"@type\":\"PropertyValueSpecification\",\"valueRequired\":true,\"valueName\":\"search_term_string\"}}],\"inLanguage\":\"es\"},{\"@type\":\"Organization\",\"@id\":\"https:\\\/\\\/l21.mx\\\/#organization\",\"name\":\"Grupo Editorial Latitud 21 SA de CV\",\"url\":\"https:\\\/\\\/l21.mx\\\/\",\"logo\":{\"@type\":\"ImageObject\",\"inLanguage\":\"es\",\"@id\":\"https:\\\/\\\/l21.mx\\\/#\\\/schema\\\/logo\\\/image\\\/\",\"url\":\"https:\\\/\\\/l21.mx\\\/wp-content\\\/uploads\\\/2020\\\/10\\\/logo-l21-baja.jpg\",\"contentUrl\":\"https:\\\/\\\/l21.mx\\\/wp-content\\\/uploads\\\/2020\\\/10\\\/logo-l21-baja.jpg\",\"width\":250,\"height\":250,\"caption\":\"Grupo Editorial Latitud 21 SA de CV\"},\"image\":{\"@id\":\"https:\\\/\\\/l21.mx\\\/#\\\/schema\\\/logo\\\/image\\\/\"},\"sameAs\":[\"https:\\\/\\\/www.facebook.com\\\/RevistaLatitud21\\\/\",\"https:\\\/\\\/x.com\\\/Latitud21mx\"]},{\"@type\":\"Person\",\"@id\":\"https:\\\/\\\/l21.mx\\\/#\\\/schema\\\/person\\\/b3cb342bb947a88e1fc27e05770479da\",\"name\":\"ahernandez@latitud21.com.mx\",\"url\":\"https:\\\/\\\/l21.mx\\\/?author=95\"}]}<\/script>\n<!-- \/ Yoast SEO plugin. -->","yoast_head_json":{"title":"Agitaci\u00f3n | Revista Latitud 21","description":"L21, Emprendedores y Negocios en el Caribe Mexicano, es la revista l\u00edder entre el Sector Empresarial y Tur\u00edstico del Caribe Mexicano.","robots":{"index":"index","follow":"follow","max-snippet":"max-snippet:-1","max-image-preview":"max-image-preview:large","max-video-preview":"max-video-preview:-1"},"canonical":"https:\/\/l21.mx\/?p=49607","twitter_card":"summary_large_image","twitter_title":"Agitaci\u00f3n | Revista Latitud 21","twitter_description":"L21, Emprendedores y Negocios en el Caribe Mexicano, es la revista l\u00edder entre el Sector Empresarial y Tur\u00edstico del Caribe Mexicano.","twitter_image":"https:\/\/l21.mx\/wp-content\/uploads\/2021\/04\/nelly-garcia-carta-del-editor.jpg","twitter_creator":"@Latitud21mx","twitter_site":"@Latitud21mx","twitter_misc":{"Escrito por":"ahernandez@latitud21.com.mx","Tiempo de lectura":"3 minutos"},"schema":{"@context":"https:\/\/schema.org","@graph":[{"@type":"Article","@id":"https:\/\/l21.mx\/?p=49607#article","isPartOf":{"@id":"https:\/\/l21.mx\/?p=49607"},"author":{"name":"ahernandez@latitud21.com.mx","@id":"https:\/\/l21.mx\/#\/schema\/person\/b3cb342bb947a88e1fc27e05770479da"},"headline":"Agitaci\u00f3n","datePublished":"2022-04-01T22:51:21+00:00","dateModified":"2022-04-01T22:51:35+00:00","mainEntityOfPage":{"@id":"https:\/\/l21.mx\/?p=49607"},"wordCount":504,"publisher":{"@id":"https:\/\/l21.mx\/#organization"},"image":{"@id":"https:\/\/l21.mx\/?p=49607#primaryimage"},"thumbnailUrl":"https:\/\/l21.mx\/wp-content\/uploads\/2021\/04\/nelly-garcia-carta-del-editor.jpg","articleSection":["Nelly Garc\u00eda"],"inLanguage":"es"},{"@type":"WebPage","@id":"https:\/\/l21.mx\/?p=49607","url":"https:\/\/l21.mx\/?p=49607","name":"Agitaci\u00f3n | Revista Latitud 21","isPartOf":{"@id":"https:\/\/l21.mx\/#website"},"primaryImageOfPage":{"@id":"https:\/\/l21.mx\/?p=49607#primaryimage"},"image":{"@id":"https:\/\/l21.mx\/?p=49607#primaryimage"},"thumbnailUrl":"https:\/\/l21.mx\/wp-content\/uploads\/2021\/04\/nelly-garcia-carta-del-editor.jpg","datePublished":"2022-04-01T22:51:21+00:00","dateModified":"2022-04-01T22:51:35+00:00","description":"L21, Emprendedores y Negocios en el Caribe Mexicano, es la revista l\u00edder entre el Sector Empresarial y Tur\u00edstico del Caribe Mexicano.","breadcrumb":{"@id":"https:\/\/l21.mx\/?p=49607#breadcrumb"},"inLanguage":"es","potentialAction":[{"@type":"ReadAction","target":["https:\/\/l21.mx\/?p=49607"]}]},{"@type":"ImageObject","inLanguage":"es","@id":"https:\/\/l21.mx\/?p=49607#primaryimage","url":"https:\/\/l21.mx\/wp-content\/uploads\/2021\/04\/nelly-garcia-carta-del-editor.jpg","contentUrl":"https:\/\/l21.mx\/wp-content\/uploads\/2021\/04\/nelly-garcia-carta-del-editor.jpg","width":900,"height":599},{"@type":"BreadcrumbList","@id":"https:\/\/l21.mx\/?p=49607#breadcrumb","itemListElement":[{"@type":"ListItem","position":1,"name":"Portada","item":"https:\/\/l21.mx\/"},{"@type":"ListItem","position":2,"name":"Agitaci\u00f3n"}]},{"@type":"WebSite","@id":"https:\/\/l21.mx\/#website","url":"https:\/\/l21.mx\/","name":"Revista Latitud 21","description":"Emprendedores  y negocios en el Caribe Mexicano","publisher":{"@id":"https:\/\/l21.mx\/#organization"},"potentialAction":[{"@type":"SearchAction","target":{"@type":"EntryPoint","urlTemplate":"https:\/\/l21.mx\/?s={search_term_string}"},"query-input":{"@type":"PropertyValueSpecification","valueRequired":true,"valueName":"search_term_string"}}],"inLanguage":"es"},{"@type":"Organization","@id":"https:\/\/l21.mx\/#organization","name":"Grupo Editorial Latitud 21 SA de CV","url":"https:\/\/l21.mx\/","logo":{"@type":"ImageObject","inLanguage":"es","@id":"https:\/\/l21.mx\/#\/schema\/logo\/image\/","url":"https:\/\/l21.mx\/wp-content\/uploads\/2020\/10\/logo-l21-baja.jpg","contentUrl":"https:\/\/l21.mx\/wp-content\/uploads\/2020\/10\/logo-l21-baja.jpg","width":250,"height":250,"caption":"Grupo Editorial Latitud 21 SA de CV"},"image":{"@id":"https:\/\/l21.mx\/#\/schema\/logo\/image\/"},"sameAs":["https:\/\/www.facebook.com\/RevistaLatitud21\/","https:\/\/x.com\/Latitud21mx"]},{"@type":"Person","@id":"https:\/\/l21.mx\/#\/schema\/person\/b3cb342bb947a88e1fc27e05770479da","name":"ahernandez@latitud21.com.mx","url":"https:\/\/l21.mx\/?author=95"}]}},"amp_enabled":true,"_links":{"self":[{"href":"https:\/\/l21.mx\/index.php?rest_route=\/wp\/v2\/posts\/49607","targetHints":{"allow":["GET"]}}],"collection":[{"href":"https:\/\/l21.mx\/index.php?rest_route=\/wp\/v2\/posts"}],"about":[{"href":"https:\/\/l21.mx\/index.php?rest_route=\/wp\/v2\/types\/post"}],"author":[{"embeddable":true,"href":"https:\/\/l21.mx\/index.php?rest_route=\/wp\/v2\/users\/95"}],"replies":[{"embeddable":true,"href":"https:\/\/l21.mx\/index.php?rest_route=%2Fwp%2Fv2%2Fcomments&post=49607"}],"version-history":[{"count":1,"href":"https:\/\/l21.mx\/index.php?rest_route=\/wp\/v2\/posts\/49607\/revisions"}],"predecessor-version":[{"id":49608,"href":"https:\/\/l21.mx\/index.php?rest_route=\/wp\/v2\/posts\/49607\/revisions\/49608"}],"wp:featuredmedia":[{"embeddable":true,"href":"https:\/\/l21.mx\/index.php?rest_route=\/wp\/v2\/media\/46181"}],"wp:attachment":[{"href":"https:\/\/l21.mx\/index.php?rest_route=%2Fwp%2Fv2%2Fmedia&parent=49607"}],"wp:term":[{"taxonomy":"category","embeddable":true,"href":"https:\/\/l21.mx\/index.php?rest_route=%2Fwp%2Fv2%2Fcategories&post=49607"},{"taxonomy":"post_tag","embeddable":true,"href":"https:\/\/l21.mx\/index.php?rest_route=%2Fwp%2Fv2%2Ftags&post=49607"}],"curies":[{"name":"wp","href":"https:\/\/api.w.org\/{rel}","templated":true}]}}