{"id":4979,"date":"2013-11-04T17:25:01","date_gmt":"2013-11-04T23:25:01","guid":{"rendered":"http:\/\/innovatori.space\/lat21\/?p=4979"},"modified":"2013-11-04T17:25:01","modified_gmt":"2013-11-04T23:25:01","slug":"buscanos-quincenalmente","status":"publish","type":"post","link":"https:\/\/l21.mx\/?p=4979","title":{"rendered":"B\u00fascanos quincenalmente"},"content":{"rendered":"<p><a href=\"http:\/\/l21.mx\/wp-content\/uploads\/2013\/11\/diggea.jpg\" data-rel=\"penci-gallery-image-content\" ><img fetchpriority=\"high\" decoding=\"async\" class=\"alignleft size-large wp-image-4980\" title=\"diggea\" src=\"http:\/\/l21.mx\/wp-content\/uploads\/2013\/11\/diggea-1024x878.jpg\" alt=\"\" width=\"1024\" height=\"878\" \/><\/a><\/p>\n<p><strong>Br\u00fajula, a la vanguardia tecnol\u00f3gica con su incursi\u00f3n en la plataforma de reconocimiento de im\u00e1genes y objetos<\/strong><\/p>\n<p>Proyecto Br\u00fajula<strong>,<\/strong>\u00a0 de Grupo Editorial Latitud 21, se incorpora a la innovaci\u00f3n tecnol\u00f3gica a trav\u00e9s de la plataforma de reconocimiento de im\u00e1genes y objetos que brinda\u00a0 la aplicaci\u00f3n Diggea, lo que implicar\u00e1 una reingenier\u00eda operativa y t\u00e9cnica que demandar\u00e1 la periodicidad quincenal de la revista.<\/p>\n<p>Mariana Orea, directora ejecutiva del grupo, explic\u00f3 que a partir del 15 de noviembre la revista, cuyo target es la esfera social del Caribe mexicano y la segunda del grupo en incursionar en el uso de la aplicaci\u00f3n luego de<strong> Canc\u00fan iTips, <\/strong>tendr\u00e1 un nuevo formato que permitir\u00e1 a los lectores acceder a videos e im\u00e1genes, como parte de un proceso que se ir\u00e1 desarrollando de manera gradual.<\/p>\n<p>\u201cCon el seguimiento de la estrategia respaldamos la inclusi\u00f3n del grupo editorial en la innovaci\u00f3n tecnol\u00f3gica, y lo coloca a la vanguardia editorial no s\u00f3lo en la Pen\u00ednsula de Yucat\u00e1n sino en el resto del pa\u00eds. Esperamos que en 2014 se logr\u00e9 incorporar la revista<strong> Latitud 21<\/strong>, cuyo mercado objetivo es el empresarial, y con ello concretar la integraci\u00f3n de nuestros tres productos\u201d.<\/p>\n<p>La revista<strong> Br\u00fajula<\/strong> naci\u00f3 en 2005 con un formato mensual y target juvenil. Dos a\u00f1os despu\u00e9s, en agosto de 2007, se llev\u00f3 a cabo una primera reingenier\u00eda y se realiz\u00f3 el lanzamiento del producto editorial como <strong>Proyecto Br\u00fajula<\/strong>, manteniendo no s\u00f3lo el target juvenil sino que se ampli\u00f3 a todos los espectros de la esfera social, pero con un formato tama\u00f1o oficio y una periodicidad semanal.<\/p>\n<div>\n<p>[editor]empresas-y-negocios[\/editor]<\/p>\n<\/div>\n","protected":false},"excerpt":{"rendered":"<p>Br\u00fajula, a la vanguardia tecnol\u00f3gica con su incursi\u00f3n en la plataforma de reconocimiento de im\u00e1genes y&hellip;<\/p>\n","protected":false},"author":2,"featured_media":4981,"comment_status":"open","ping_status":"open","sticky":false,"template":"","format":"standard","meta":{"_acf_changed":false,"_lmt_disableupdate":"","_lmt_disable":"","_mbp_gutenberg_autopost":false,"footnotes":""},"categories":[4],"tags":[],"class_list":["post-4979","post","type-post","status-publish","format-standard","has-post-thumbnail","hentry","category-empresas-y-negocios"],"acf":[],"_links":{"self":[{"href":"https:\/\/l21.mx\/index.php?rest_route=\/wp\/v2\/posts\/4979","targetHints":{"allow":["GET"]}}],"collection":[{"href":"https:\/\/l21.mx\/index.php?rest_route=\/wp\/v2\/posts"}],"about":[{"href":"https:\/\/l21.mx\/index.php?rest_route=\/wp\/v2\/types\/post"}],"author":[{"embeddable":true,"href":"https:\/\/l21.mx\/index.php?rest_route=\/wp\/v2\/users\/2"}],"replies":[{"embeddable":true,"href":"https:\/\/l21.mx\/index.php?rest_route=%2Fwp%2Fv2%2Fcomments&post=4979"}],"version-history":[{"count":0,"href":"https:\/\/l21.mx\/index.php?rest_route=\/wp\/v2\/posts\/4979\/revisions"}],"wp:featuredmedia":[{"embeddable":true,"href":"https:\/\/l21.mx\/index.php?rest_route=\/wp\/v2\/media\/4981"}],"wp:attachment":[{"href":"https:\/\/l21.mx\/index.php?rest_route=%2Fwp%2Fv2%2Fmedia&parent=4979"}],"wp:term":[{"taxonomy":"category","embeddable":true,"href":"https:\/\/l21.mx\/index.php?rest_route=%2Fwp%2Fv2%2Fcategories&post=4979"},{"taxonomy":"post_tag","embeddable":true,"href":"https:\/\/l21.mx\/index.php?rest_route=%2Fwp%2Fv2%2Ftags&post=4979"}],"curies":[{"name":"wp","href":"https:\/\/api.w.org\/{rel}","templated":true}]}}