{"id":50074,"date":"2022-05-20T16:57:07","date_gmt":"2022-05-20T21:57:07","guid":{"rendered":"https:\/\/l21.mx\/?p=50074"},"modified":"2022-05-20T16:57:07","modified_gmt":"2022-05-20T21:57:07","slug":"video-elecciones-2022-laura-fernandez","status":"publish","type":"post","link":"https:\/\/l21.mx\/?p=50074","title":{"rendered":"Video \u2022\u00a0Elecciones 2022 \u2022 Laura Fernandez"},"content":{"rendered":"<p>Laura Fern\u00e1ndez, candidata de \u201cVamos por Quintana Roo\u201d, integrada por el PAN, PRD y el partido Confianza por Quintana Roo. Es la de mayor trayectoria pol\u00edtica, ya que en 1999 ocup\u00f3 la direcci\u00f3n municipal de Turismo de Benito Ju\u00e1rez y posteriormente tambi\u00e9n fue delegada del Instituto Quintanarroense de la Mujer. En 2005 fue secretaria t\u00e9cnica de gabinete del Ayuntamiento y diputada por el PVEM en el X Distrito; presidi\u00f3 la Comisi\u00f3n de Hacienda y Cuenta P\u00fablica.<\/p>\n<p>En 2018 obtuvo la primera alcald\u00eda de Puerto Morelos, en donde fue reelecta en 2021, aunque en 2022 renunci\u00f3 al Partido Verde para postularse como candidata a la gubernatura de Quintana Roo por la alianza PAN-PRD.<\/p>\n<p><iframe title=\"Laura Fern\u00e1ndez, Candidata a la gubernatura de Q. Roo por la coalici\u00f3n \u201cVamos por Quintana Roo\u201d\" width=\"1170\" height=\"658\" src=\"https:\/\/www.youtube.com\/embed\/uoTgM4eKJ8o?feature=oembed\" frameborder=\"0\" allow=\"accelerometer; autoplay; clipboard-write; encrypted-media; gyroscope; picture-in-picture\" allowfullscreen><\/iframe><\/p>\n","protected":false},"excerpt":{"rendered":"<p>Laura Fern\u00e1ndez, candidata de \u201cVamos por Quintana Roo\u201d, integrada por el PAN, PRD y el partido&hellip;<\/p>\n","protected":false},"author":95,"featured_media":0,"comment_status":"closed","ping_status":"closed","sticky":false,"template":"","format":"standard","meta":{"_acf_changed":false,"_lmt_disableupdate":"","_lmt_disable":"","_mbp_gutenberg_autopost":false,"footnotes":""},"categories":[1640],"tags":[],"class_list":["post-50074","post","type-post","status-publish","format-standard","hentry","category-elecciones-2022"],"acf":[],"_links":{"self":[{"href":"https:\/\/l21.mx\/index.php?rest_route=\/wp\/v2\/posts\/50074","targetHints":{"allow":["GET"]}}],"collection":[{"href":"https:\/\/l21.mx\/index.php?rest_route=\/wp\/v2\/posts"}],"about":[{"href":"https:\/\/l21.mx\/index.php?rest_route=\/wp\/v2\/types\/post"}],"author":[{"embeddable":true,"href":"https:\/\/l21.mx\/index.php?rest_route=\/wp\/v2\/users\/95"}],"replies":[{"embeddable":true,"href":"https:\/\/l21.mx\/index.php?rest_route=%2Fwp%2Fv2%2Fcomments&post=50074"}],"version-history":[{"count":0,"href":"https:\/\/l21.mx\/index.php?rest_route=\/wp\/v2\/posts\/50074\/revisions"}],"wp:attachment":[{"href":"https:\/\/l21.mx\/index.php?rest_route=%2Fwp%2Fv2%2Fmedia&parent=50074"}],"wp:term":[{"taxonomy":"category","embeddable":true,"href":"https:\/\/l21.mx\/index.php?rest_route=%2Fwp%2Fv2%2Fcategories&post=50074"},{"taxonomy":"post_tag","embeddable":true,"href":"https:\/\/l21.mx\/index.php?rest_route=%2Fwp%2Fv2%2Ftags&post=50074"}],"curies":[{"name":"wp","href":"https:\/\/api.w.org\/{rel}","templated":true}]}}