{"id":50076,"date":"2022-05-20T16:58:00","date_gmt":"2022-05-20T21:58:00","guid":{"rendered":"https:\/\/l21.mx\/?p=50076"},"modified":"2022-05-20T16:58:00","modified_gmt":"2022-05-20T21:58:00","slug":"video-elecciones-2022-mara-lezama","status":"publish","type":"post","link":"https:\/\/l21.mx\/?p=50076","title":{"rendered":"Video \u2022 Elecciones 2022 \u2022 Mara Lezama"},"content":{"rendered":"<p>Mara Lezama abandera la coalici\u00f3n \u201cJuntos Haremos Historia\u201d, conformada por Morena, PT, PVEM. Comunic\u00f3loga de profesi\u00f3n, se dio a conocer en Canc\u00fan a trav\u00e9s de un programa radiof\u00f3nico de ayuda social. Fue candidata a la alcald\u00eda del destino en 2018 por Morena y se reeligi\u00f3 en 2021 por este mismo partido.<\/p>\n<p><iframe title=\"Mara Lezama, candidata a la gubernatura de Quintana Roo por la alianza Morena, PVEM Y PT\" width=\"1170\" height=\"658\" src=\"https:\/\/www.youtube.com\/embed\/50rPNDQxJUE?feature=oembed\" frameborder=\"0\" allow=\"accelerometer; autoplay; clipboard-write; encrypted-media; gyroscope; picture-in-picture\" allowfullscreen><\/iframe><\/p>\n","protected":false},"excerpt":{"rendered":"<p>Mara Lezama abandera la coalici\u00f3n \u201cJuntos Haremos Historia\u201d, conformada por Morena, PT, PVEM. Comunic\u00f3loga de profesi\u00f3n,&hellip;<\/p>\n","protected":false},"author":95,"featured_media":0,"comment_status":"closed","ping_status":"closed","sticky":false,"template":"","format":"standard","meta":{"_acf_changed":false,"_lmt_disableupdate":"","_lmt_disable":"","_mbp_gutenberg_autopost":false,"footnotes":""},"categories":[1640],"tags":[],"class_list":["post-50076","post","type-post","status-publish","format-standard","hentry","category-elecciones-2022"],"acf":[],"_links":{"self":[{"href":"https:\/\/l21.mx\/index.php?rest_route=\/wp\/v2\/posts\/50076","targetHints":{"allow":["GET"]}}],"collection":[{"href":"https:\/\/l21.mx\/index.php?rest_route=\/wp\/v2\/posts"}],"about":[{"href":"https:\/\/l21.mx\/index.php?rest_route=\/wp\/v2\/types\/post"}],"author":[{"embeddable":true,"href":"https:\/\/l21.mx\/index.php?rest_route=\/wp\/v2\/users\/95"}],"replies":[{"embeddable":true,"href":"https:\/\/l21.mx\/index.php?rest_route=%2Fwp%2Fv2%2Fcomments&post=50076"}],"version-history":[{"count":0,"href":"https:\/\/l21.mx\/index.php?rest_route=\/wp\/v2\/posts\/50076\/revisions"}],"wp:attachment":[{"href":"https:\/\/l21.mx\/index.php?rest_route=%2Fwp%2Fv2%2Fmedia&parent=50076"}],"wp:term":[{"taxonomy":"category","embeddable":true,"href":"https:\/\/l21.mx\/index.php?rest_route=%2Fwp%2Fv2%2Fcategories&post=50076"},{"taxonomy":"post_tag","embeddable":true,"href":"https:\/\/l21.mx\/index.php?rest_route=%2Fwp%2Fv2%2Ftags&post=50076"}],"curies":[{"name":"wp","href":"https:\/\/api.w.org\/{rel}","templated":true}]}}