{"id":50097,"date":"2022-05-20T17:19:36","date_gmt":"2022-05-20T22:19:36","guid":{"rendered":"https:\/\/l21.mx\/?p=50097"},"modified":"2022-05-23T11:39:14","modified_gmt":"2022-05-23T16:39:14","slug":"video-elecciones-2022-desafio-en-el-caribe-mexicano","status":"publish","type":"post","link":"https:\/\/l21.mx\/?p=50097","title":{"rendered":"Video\u2022\u00a0Elecciones 2022 \u2022 Desaf\u00edo en el Caribe Mexicano"},"content":{"rendered":"<p><strong>El pr\u00f3ximo 5 de junio miles de ciudadanos tendr\u00e1n la oportunidad de elegir al nuevo titular del Ejecutivo en Quintana Roo, as\u00ed como a los diputados locales; conoce las propuestas de los aspirantes a la gubernatura<\/strong><\/p>\n<p>&nbsp;<\/p>\n<p>Quintana Roo entr\u00f3 en la cuenta regresiva para una nueva contienda electoral; los ciudadanos tienen el derecho y la obligaci\u00f3n de acudir a las urnas, para votar por la propuesta que consideren mejor.<\/p>\n<p>Por la gubernatura compiten <strong>Laura Fern\u00e1ndez<\/strong>, candidata de \u201cVamos por Quintana Roo\u201d, integrada por el PAN, PRD y el partido Confianza por Quintana Roo. Es la de mayor trayectoria pol\u00edtica, ya que en 1999 ocup\u00f3 la direcci\u00f3n municipal de Turismo de Benito Ju\u00e1rez y posteriormente tambi\u00e9n fue delegada del Instituto Quintanarroense de la Mujer. En 2005 fue secretaria t\u00e9cnica de gabinete del Ayuntamiento y diputada por el PVEM en el X Distrito; presidi\u00f3 la Comisi\u00f3n de Hacienda y Cuenta P\u00fablica.<\/p>\n<p>En 2018 obtuvo la primera alcald\u00eda de Puerto Morelos, en donde fue reelecta en 2021, aunque en 2022 renunci\u00f3 al Partido Verde para postularse como candidata a la gubernatura de Quintana Roo por la alianza PAN-PRD.<\/p>\n<p><iframe title=\"Laura Fern\u00e1ndez, Candidata a la gubernatura de Q. Roo por la coalici\u00f3n \u201cVamos por Quintana Roo\u201d\" width=\"1170\" height=\"658\" src=\"https:\/\/www.youtube.com\/embed\/uoTgM4eKJ8o?feature=oembed\" frameborder=\"0\" allow=\"accelerometer; autoplay; clipboard-write; encrypted-media; gyroscope; picture-in-picture\" allowfullscreen><\/iframe><\/p>\n<p>&nbsp;<\/p>\n<p><strong>Mara Lezama<\/strong> abandera la coalici\u00f3n \u201cJuntos Haremos Historia\u201d, conformada por Morena, PT, PVEM. Comunic\u00f3loga de profesi\u00f3n, se dio a conocer en Canc\u00fan a trav\u00e9s de un programa radiof\u00f3nico de ayuda social. Fue candidata a la alcald\u00eda del destino en 2018 por Morena y se reeligi\u00f3 en 2021 por este mismo partido.<\/p>\n<p><iframe title=\"Mara Lezama, candidata a la gubernatura de Quintana Roo por la alianza Morena, PVEM Y PT\" width=\"1170\" height=\"658\" src=\"https:\/\/www.youtube.com\/embed\/50rPNDQxJUE?feature=oembed\" frameborder=\"0\" allow=\"accelerometer; autoplay; clipboard-write; encrypted-media; gyroscope; picture-in-picture\" allowfullscreen><\/iframe><\/p>\n<p><strong>Leslie Hendricks<\/strong> va por el PRI; es hija del exgobernador de Quintana Roo, Joaqu\u00edn Hendricks; abogada de profesi\u00f3n, lider\u00f3 el Patronato del DIF estatal, fue rectora de la Universidad Tecnol\u00f3gica de Canc\u00fan en 2014 y diputada local de 2016 a 2019<\/p>\n<p><iframe title=\"Leslie Hendricks, Candidata a la gubernatura de Quintana Roo por el PRI\" width=\"1170\" height=\"658\" src=\"https:\/\/www.youtube.com\/embed\/xH2DL2J__AU?feature=oembed\" frameborder=\"0\" allow=\"accelerometer; autoplay; clipboard-write; encrypted-media; gyroscope; picture-in-picture\" allowfullscreen><\/iframe><\/p>\n<p><strong>Nivardo Mena<\/strong> representa al Movimiento Aut\u00e9ntico Social (MAS), originario de Holbox, donde es propietario de una l\u00ednea de transporte mar\u00edtimo; fue regidor por el Partido del Trabajo y despu\u00e9s result\u00f3 electo alcalde de L\u00e1zaro C\u00e1rdenas. En 2022 se uni\u00f3 al MAS para ser su candidato a la gubernatura del estado.<\/p>\n<p><iframe title=\"Nivardo Mena, candidato a la gubernatura de Quintana Roo por el partido MAS\" width=\"1170\" height=\"658\" src=\"https:\/\/www.youtube.com\/embed\/hIysQ27yXXc?feature=oembed\" frameborder=\"0\" allow=\"accelerometer; autoplay; clipboard-write; encrypted-media; gyroscope; picture-in-picture\" allowfullscreen><\/iframe><\/p>\n<p><strong>Jos\u00e9 Luis Pech<\/strong> es el candidato de Movimiento Ciudadano; fue militante de Morena y desde 2018 es senador del Congreso de la Uni\u00f3n, pero pidi\u00f3 licencia por tiempo indefinido a partir del 5 de marzo para contender por la candidatura. Fue Secretario T\u00e9cnico de Gabinete, de Hacienda y Educaci\u00f3n estatal, adem\u00e1s de rector de la Universidad de Quintana Roo. En 2016 fue candidato a la gubernatura del estado por Morena, quedando en tercer lugar.<\/p>\n<p><iframe title=\"Jos\u00e9 Luis Pech, candidato a gobernador por el partido Movimiento Ciudadano\" width=\"1170\" height=\"658\" src=\"https:\/\/www.youtube.com\/embed\/GSzKRQAH12k?feature=oembed\" frameborder=\"0\" allow=\"accelerometer; autoplay; clipboard-write; encrypted-media; gyroscope; picture-in-picture\" allowfullscreen><\/iframe><\/p>\n<p>&nbsp;<\/p>\n","protected":false},"excerpt":{"rendered":"<p>El pr\u00f3ximo 5 de junio miles de ciudadanos tendr\u00e1n la oportunidad de elegir al nuevo titular&hellip;<\/p>\n","protected":false},"author":95,"featured_media":50106,"comment_status":"closed","ping_status":"closed","sticky":false,"template":"","format":"standard","meta":{"_acf_changed":false,"_lmt_disableupdate":"","_lmt_disable":"","_mbp_gutenberg_autopost":false,"footnotes":""},"categories":[1640,23,19],"tags":[],"class_list":["post-50097","post","type-post","status-publish","format-standard","has-post-thumbnail","hentry","category-elecciones-2022","category-noticias","category-portada"],"acf":[],"_links":{"self":[{"href":"https:\/\/l21.mx\/index.php?rest_route=\/wp\/v2\/posts\/50097","targetHints":{"allow":["GET"]}}],"collection":[{"href":"https:\/\/l21.mx\/index.php?rest_route=\/wp\/v2\/posts"}],"about":[{"href":"https:\/\/l21.mx\/index.php?rest_route=\/wp\/v2\/types\/post"}],"author":[{"embeddable":true,"href":"https:\/\/l21.mx\/index.php?rest_route=\/wp\/v2\/users\/95"}],"replies":[{"embeddable":true,"href":"https:\/\/l21.mx\/index.php?rest_route=%2Fwp%2Fv2%2Fcomments&post=50097"}],"version-history":[{"count":0,"href":"https:\/\/l21.mx\/index.php?rest_route=\/wp\/v2\/posts\/50097\/revisions"}],"wp:featuredmedia":[{"embeddable":true,"href":"https:\/\/l21.mx\/index.php?rest_route=\/wp\/v2\/media\/50106"}],"wp:attachment":[{"href":"https:\/\/l21.mx\/index.php?rest_route=%2Fwp%2Fv2%2Fmedia&parent=50097"}],"wp:term":[{"taxonomy":"category","embeddable":true,"href":"https:\/\/l21.mx\/index.php?rest_route=%2Fwp%2Fv2%2Fcategories&post=50097"},{"taxonomy":"post_tag","embeddable":true,"href":"https:\/\/l21.mx\/index.php?rest_route=%2Fwp%2Fv2%2Ftags&post=50097"}],"curies":[{"name":"wp","href":"https:\/\/api.w.org\/{rel}","templated":true}]}}