{"id":50285,"date":"2022-06-01T08:13:50","date_gmt":"2022-06-01T13:13:50","guid":{"rendered":"https:\/\/l21.mx\/?p=50285"},"modified":"2022-06-01T13:16:40","modified_gmt":"2022-06-01T18:16:40","slug":"preparados-y-unidos","status":"publish","type":"post","link":"https:\/\/l21.mx\/?p=50285","title":{"rendered":"Preparados y unidos, Comit\u00e9 Ciclones Tropicales 2022"},"content":{"rendered":"<p>&nbsp;<\/p>\n<p><b>Autoridades de Quintana Roo adelantaron la instalaci\u00f3n del Comit\u00e9 Operativo para la Temporada de Lluvias y Ciclones Tropicales 2022<\/b><\/p>\n<p><b><a href=\"https:\/\/l21.mx\/wp-content\/uploads\/2022\/06\/comite-2.jpg\" data-rel=\"penci-gallery-image-content\" ><img fetchpriority=\"high\" decoding=\"async\" class=\"aligncenter size-large wp-image-50287\" src=\"https:\/\/l21.mx\/wp-content\/uploads\/2022\/06\/comite-2-1024x699.jpg\" alt=\"\" width=\"1024\" height=\"699\" srcset=\"https:\/\/l21.mx\/wp-content\/uploads\/2022\/06\/comite-2-1024x699.jpg 1024w, https:\/\/l21.mx\/wp-content\/uploads\/2022\/06\/comite-2-300x205.jpg 300w, https:\/\/l21.mx\/wp-content\/uploads\/2022\/06\/comite-2-768x524.jpg 768w, https:\/\/l21.mx\/wp-content\/uploads\/2022\/06\/comite-2-1170x799.jpg 1170w, https:\/\/l21.mx\/wp-content\/uploads\/2022\/06\/comite-2-585x399.jpg 585w, https:\/\/l21.mx\/wp-content\/uploads\/2022\/06\/comite-2.jpg 1500w\" sizes=\"(max-width: 1024px) 100vw, 1024px\" \/><\/a><a href=\"https:\/\/l21.mx\/wp-content\/uploads\/2022\/06\/comite-1.jpg\"><br \/>\n<\/a><\/b>Desde hace mucho, los habitantes, autoridades y empresarios en Quintana Roo, saben que no hay nada mejor para enfrentar la temporada de huracanes, que la organizaci\u00f3n, preparaci\u00f3n y unidad. Por eso, en este a\u00f1o que el pron\u00f3stico es de una actividad alta en el Atl\u00e1ntico, es vital definir estrategias a tiempo para que, en caso de emergencias, la respuesta antes, durante y despu\u00e9s, sea la \u00f3ptima, para minimizar el impacto de un fen\u00f3meno hidrometeorol\u00f3gico.<span class=\"Apple-converted-space\">\u00a0<\/span><\/p>\n<p>Basados en ello, y para reforzar la cultura de la protecci\u00f3n, el Consejo Estatal de Protecci\u00f3n Civil, presidido por el gobernador Carlos Joaqu\u00edn, instal\u00f3 el Comit\u00e9 Operativo para la Temporada de Lluvias y Ciclones Tropicales 2022, que inici\u00f3 el 1 de junio y concluye el 30 de noviembre.<span class=\"Apple-converted-space\">\u00a0<\/span><\/p>\n<p>Esto es importante, pues la Conagua pronostica la llegada a Quintana Roo de entre 16 y 21 fen\u00f3menos meteorol\u00f3gicos, de ellos se espera que 4 o 6 huracanes lleguen en categor\u00eda 1 y 2, y entre 2 y 4 podr\u00edan impactar con categor\u00eda 4 y 5.<\/p>\n<p>El mandatario estatal reconoci\u00f3 y destac\u00f3 que \u201cnunca podemos sentirnos ajenos o fuera de peligro, ya que es inevitable que cualquier contingencia pueda aparecer de repente, especialmente con los efectos del cambio clim\u00e1tico que est\u00e1 trastornando los ciclos naturales y la deforestaci\u00f3n que agudiza los efectos de las trombas\u201d.<\/p>\n<p>Informaron que en Quintana Roo hay 985 refugios distribuidos en los 11 municipios, de los cuales 238 son urbanos, 653 rurales y 94 para turistas.<\/p>\n<p>Se tiene capacidad de atenci\u00f3n para m\u00e1s de 126 mil personas, entre familias, turistas y hasta \u00e1reas para pacientes de Covid-19.<a href=\"https:\/\/l21.mx\/wp-content\/uploads\/2022\/06\/comite-3.jpg\" data-rel=\"penci-gallery-image-content\" ><img decoding=\"async\" class=\"aligncenter size-large wp-image-50288\" src=\"https:\/\/l21.mx\/wp-content\/uploads\/2022\/06\/comite-3-1024x631.jpg\" alt=\"\" width=\"1024\" height=\"631\" srcset=\"https:\/\/l21.mx\/wp-content\/uploads\/2022\/06\/comite-3-1024x631.jpg 1024w, https:\/\/l21.mx\/wp-content\/uploads\/2022\/06\/comite-3-300x185.jpg 300w, https:\/\/l21.mx\/wp-content\/uploads\/2022\/06\/comite-3-768x474.jpg 768w, https:\/\/l21.mx\/wp-content\/uploads\/2022\/06\/comite-3-1170x722.jpg 1170w, https:\/\/l21.mx\/wp-content\/uploads\/2022\/06\/comite-3-585x361.jpg 585w, https:\/\/l21.mx\/wp-content\/uploads\/2022\/06\/comite-3.jpg 1500w\" sizes=\"(max-width: 1024px) 100vw, 1024px\" \/><\/a><\/p>\n","protected":false},"excerpt":{"rendered":"<p>&nbsp; Autoridades de Quintana Roo adelantaron la instalaci\u00f3n del Comit\u00e9 Operativo para la Temporada de Lluvias&hellip;<\/p>\n","protected":false},"author":95,"featured_media":50286,"comment_status":"closed","ping_status":"closed","sticky":false,"template":"","format":"standard","meta":{"_acf_changed":false,"_lmt_disableupdate":"","_lmt_disable":"","_mbp_gutenberg_autopost":false,"footnotes":""},"categories":[23],"tags":[],"class_list":["post-50285","post","type-post","status-publish","format-standard","has-post-thumbnail","hentry","category-noticias"],"acf":[],"_links":{"self":[{"href":"https:\/\/l21.mx\/index.php?rest_route=\/wp\/v2\/posts\/50285","targetHints":{"allow":["GET"]}}],"collection":[{"href":"https:\/\/l21.mx\/index.php?rest_route=\/wp\/v2\/posts"}],"about":[{"href":"https:\/\/l21.mx\/index.php?rest_route=\/wp\/v2\/types\/post"}],"author":[{"embeddable":true,"href":"https:\/\/l21.mx\/index.php?rest_route=\/wp\/v2\/users\/95"}],"replies":[{"embeddable":true,"href":"https:\/\/l21.mx\/index.php?rest_route=%2Fwp%2Fv2%2Fcomments&post=50285"}],"version-history":[{"count":0,"href":"https:\/\/l21.mx\/index.php?rest_route=\/wp\/v2\/posts\/50285\/revisions"}],"wp:featuredmedia":[{"embeddable":true,"href":"https:\/\/l21.mx\/index.php?rest_route=\/wp\/v2\/media\/50286"}],"wp:attachment":[{"href":"https:\/\/l21.mx\/index.php?rest_route=%2Fwp%2Fv2%2Fmedia&parent=50285"}],"wp:term":[{"taxonomy":"category","embeddable":true,"href":"https:\/\/l21.mx\/index.php?rest_route=%2Fwp%2Fv2%2Fcategories&post=50285"},{"taxonomy":"post_tag","embeddable":true,"href":"https:\/\/l21.mx\/index.php?rest_route=%2Fwp%2Fv2%2Ftags&post=50285"}],"curies":[{"name":"wp","href":"https:\/\/api.w.org\/{rel}","templated":true}]}}