{"id":5032,"date":"2013-11-06T13:15:12","date_gmt":"2013-11-06T19:15:12","guid":{"rendered":"http:\/\/innovatori.space\/lat21\/?p=5032"},"modified":"2013-11-06T13:15:12","modified_gmt":"2013-11-06T19:15:12","slug":"convoca-ruiz-massieu-a-reconciliar-el-turismo-y-las-politicas-de-aviacion","status":"publish","type":"post","link":"https:\/\/l21.mx\/?p=5032","title":{"rendered":"Convoca Ruiz Massieu a reconciliar el turismo y las pol\u00edticas de aviaci\u00f3n"},"content":{"rendered":"<ul>\n<li><strong><a href=\"http:\/\/l21.mx\/wp-content\/uploads\/2013\/11\/claudia-ruiz-massieu.jpg\" data-rel=\"penci-gallery-image-content\" ><img fetchpriority=\"high\" decoding=\"async\" class=\"alignleft size-medium wp-image-5033\" title=\"claudia ruiz massieu\" src=\"http:\/\/l21.mx\/wp-content\/uploads\/2013\/11\/claudia-ruiz-massieu-300x225.jpg\" alt=\"\" width=\"300\" height=\"225\" srcset=\"https:\/\/l21.mx\/wp-content\/uploads\/2013\/11\/claudia-ruiz-massieu-300x225.jpg 300w, https:\/\/l21.mx\/wp-content\/uploads\/2013\/11\/claudia-ruiz-massieu-585x439.jpg 585w, https:\/\/l21.mx\/wp-content\/uploads\/2013\/11\/claudia-ruiz-massieu.jpg 680w\" sizes=\"(max-width: 300px) 100vw, 300px\" \/><\/a>La Secretaria de Turismo habl\u00f3 en la Cumbre de Ministros de la OMT y de la WTM<\/strong><\/li>\n<li><strong>Llam\u00f3 a reflexionar sobre la importancia de flexibilizar los visados para incrementar los flujos tur\u00edsticos<\/strong><\/li>\n<li><strong>M\u00e1s de los mitad de los mil millones de turistas que viajaron en el 2012, lo hizo por la v\u00eda a\u00e9rea<\/strong><\/li>\n<\/ul>\n<p>En la Cumbre de Ministros de la Organizaci\u00f3n Mundial de Turismo (OMT) y de los participantes en la <em>World Travel Market <\/em>(WTM), la Secretaria de Turismo del Gobierno de la Rep\u00fablica, Claudia Ruiz Massieu, llam\u00f3 a reflexionar sobre la importancia de flexibilizar los visados para incrementar los flujos tur\u00edsticos y a reconciliar el turismo y las pol\u00edticas de aviaci\u00f3n de una manera m\u00e1s innovadora.<\/p>\n<p>Dijo que el turismo y las pol\u00edticas de aviaci\u00f3n necesitan ser dise\u00f1adas conjuntamente para atender temas como: identificar mercados potenciales; revisar la infraestructura aeroportuaria; generar estrategias de promoci\u00f3n y acuerdos bilaterales o multilaterales, e identificar potenciales destinos tur\u00edsticos.<\/p>\n<p>Ruiz Massieu explic\u00f3 el funcionamiento del Gabinete Tur\u00edstico en M\u00e9xico, implementado por el Presidente Enrique Pe\u00f1a Nieto, para coordinar las acciones gubernamentales al m\u00e1s alto nivel.<\/p>\n<p>Nunca antes hab\u00eda existido un mecanismo de coordinaci\u00f3n tan ambicioso como este en turismo, resalt\u00f3 la titular de la SECTUR, quien explic\u00f3 que nueve secretarias de Estado participan en el Gabinete y otras contribuyen como invitadas.<\/p>\n<p>&nbsp;<\/p>\n<p>En los trabajos de la Cumbre de Ministros de la OMT se expuso la necesidad de unir fuerzas entre la aviaci\u00f3n y el turismo, a fin de estimular el crecimiento de la econom\u00eda en su conjunto.<\/p>\n<p>Los participantes se\u00f1alaron que el crecimiento del transporte a\u00e9reo est\u00e1 intr\u00ednsecamente ligado a la expansi\u00f3n del turismo, de ah\u00ed la urgencia de posicionar a ambas actividades de manera colectiva y como un sector estrat\u00e9gico nacional e internacional.<\/p>\n<p>En la reuni\u00f3n se puso de manifiesto que en 2012, mil millones de turistas internacionales viajaron alrededor del mundo, generando m\u00e1s de 1.3 billones de d\u00f3lares. M\u00e1s de la mitad de estos turistas llegaron a su destino v\u00eda a\u00e9rea, lo cual representa una mayor proporci\u00f3n de destinos de larga distancia, particularmente islas y pa\u00edses sin litoral en v\u00edas de desarrollo.<\/p>\n<p>Destacaron que el extraordinario crecimiento del turismo internacional que se ha dado en las \u00faltimas d\u00e9cadas \u2013de 25 millones de turistas en 1950 a mil millones en 2012- se debe principalmente a los avances en el transporte a\u00e9reo, as\u00ed como el aumento de la clase media.<\/p>\n<p>Sin embargo, a pesar de la relaci\u00f3n entre transporte a\u00e9reo y turismo, las pol\u00edticas sectoriales separadas resultan en una falta de comunicaci\u00f3n y, en ocasiones, conflictivas. Incluso, en muchos pa\u00edses constituye una limitante al desarrollo del viaje y el turismo, as\u00ed como a la aviaci\u00f3n y sus respectivos beneficios econ\u00f3micos.<\/p>\n<p>La reuni\u00f3n se dio en el marco de la <em>World Travel Market<\/em>, que se lleva a cabo en esta ciudad, con la participaci\u00f3n de delegaciones de 189 pa\u00edses.<\/p>\n","protected":false},"excerpt":{"rendered":"<p>La Secretaria de Turismo habl\u00f3 en la Cumbre de Ministros de la OMT y de la&hellip;<\/p>\n","protected":false},"author":2,"featured_media":5036,"comment_status":"open","ping_status":"open","sticky":false,"template":"","format":"standard","meta":{"_acf_changed":false,"_lmt_disableupdate":"","_lmt_disable":"","_mbp_gutenberg_autopost":false,"footnotes":""},"categories":[23,8],"tags":[],"class_list":["post-5032","post","type-post","status-publish","format-standard","has-post-thumbnail","hentry","category-noticias","category-turismo"],"acf":[],"yoast_head":"<!-- This site is optimized with the Yoast SEO plugin v27.3 - https:\/\/yoast.com\/product\/yoast-seo-wordpress\/ -->\n<title>Convoca Ruiz Massieu a reconciliar el turismo y las pol\u00edticas de aviaci\u00f3n | Revista Latitud 21<\/title>\n<meta name=\"description\" content=\"L21, Emprendedores y Negocios en el Caribe Mexicano, es la revista l\u00edder entre el Sector Empresarial y Tur\u00edstico del Caribe Mexicano.\" \/>\n<meta name=\"robots\" content=\"index, follow, max-snippet:-1, max-image-preview:large, max-video-preview:-1\" \/>\n<link rel=\"canonical\" href=\"https:\/\/l21.mx\/?p=5032\" \/>\n<meta name=\"twitter:card\" content=\"summary_large_image\" \/>\n<meta name=\"twitter:title\" content=\"Convoca Ruiz Massieu a reconciliar el turismo y las pol\u00edticas de aviaci\u00f3n | Revista Latitud 21\" \/>\n<meta name=\"twitter:description\" content=\"L21, Emprendedores y Negocios en el Caribe Mexicano, es la revista l\u00edder entre el Sector Empresarial y Tur\u00edstico del Caribe Mexicano.\" \/>\n<meta name=\"twitter:image\" content=\"https:\/\/l21.mx\/wp-content\/uploads\/2013\/11\/claudia-ruiz-massieu-n.jpg\" \/>\n<meta name=\"twitter:creator\" content=\"@Latitud21mx\" \/>\n<meta name=\"twitter:site\" content=\"@Latitud21mx\" \/>\n<meta name=\"twitter:label1\" content=\"Escrito por\" \/>\n\t<meta name=\"twitter:data1\" content=\"Latitud21 Redacci\u00f3n\" \/>\n\t<meta name=\"twitter:label2\" content=\"Tiempo de lectura\" \/>\n\t<meta name=\"twitter:data2\" content=\"3 minutos\" \/>\n<script type=\"application\/ld+json\" class=\"yoast-schema-graph\">{\"@context\":\"https:\\\/\\\/schema.org\",\"@graph\":[{\"@type\":\"Article\",\"@id\":\"https:\\\/\\\/l21.mx\\\/?p=5032#article\",\"isPartOf\":{\"@id\":\"https:\\\/\\\/l21.mx\\\/?p=5032\"},\"author\":{\"name\":\"Latitud21 Redacci\u00f3n\",\"@id\":\"https:\\\/\\\/l21.mx\\\/#\\\/schema\\\/person\\\/4b571cc212089f95579f3b66253728f1\"},\"headline\":\"Convoca Ruiz Massieu a reconciliar el turismo y las pol\u00edticas de aviaci\u00f3n\",\"datePublished\":\"2013-11-06T19:15:12+00:00\",\"mainEntityOfPage\":{\"@id\":\"https:\\\/\\\/l21.mx\\\/?p=5032\"},\"wordCount\":532,\"commentCount\":0,\"publisher\":{\"@id\":\"https:\\\/\\\/l21.mx\\\/#organization\"},\"image\":{\"@id\":\"https:\\\/\\\/l21.mx\\\/?p=5032#primaryimage\"},\"thumbnailUrl\":\"https:\\\/\\\/l21.mx\\\/wp-content\\\/uploads\\\/2013\\\/11\\\/claudia-ruiz-massieu-n.jpg\",\"articleSection\":[\"Noticias\",\"Turismo\"],\"inLanguage\":\"es\",\"potentialAction\":[{\"@type\":\"CommentAction\",\"name\":\"Comment\",\"target\":[\"https:\\\/\\\/l21.mx\\\/?p=5032#respond\"]}]},{\"@type\":\"WebPage\",\"@id\":\"https:\\\/\\\/l21.mx\\\/?p=5032\",\"url\":\"https:\\\/\\\/l21.mx\\\/?p=5032\",\"name\":\"Convoca Ruiz Massieu a reconciliar el turismo y las pol\u00edticas de aviaci\u00f3n | Revista Latitud 21\",\"isPartOf\":{\"@id\":\"https:\\\/\\\/l21.mx\\\/#website\"},\"primaryImageOfPage\":{\"@id\":\"https:\\\/\\\/l21.mx\\\/?p=5032#primaryimage\"},\"image\":{\"@id\":\"https:\\\/\\\/l21.mx\\\/?p=5032#primaryimage\"},\"thumbnailUrl\":\"https:\\\/\\\/l21.mx\\\/wp-content\\\/uploads\\\/2013\\\/11\\\/claudia-ruiz-massieu-n.jpg\",\"datePublished\":\"2013-11-06T19:15:12+00:00\",\"description\":\"L21, Emprendedores y Negocios en el Caribe Mexicano, es la revista l\u00edder entre el Sector Empresarial y Tur\u00edstico del Caribe Mexicano.\",\"breadcrumb\":{\"@id\":\"https:\\\/\\\/l21.mx\\\/?p=5032#breadcrumb\"},\"inLanguage\":\"es\",\"potentialAction\":[{\"@type\":\"ReadAction\",\"target\":[\"https:\\\/\\\/l21.mx\\\/?p=5032\"]}]},{\"@type\":\"ImageObject\",\"inLanguage\":\"es\",\"@id\":\"https:\\\/\\\/l21.mx\\\/?p=5032#primaryimage\",\"url\":\"https:\\\/\\\/l21.mx\\\/wp-content\\\/uploads\\\/2013\\\/11\\\/claudia-ruiz-massieu-n.jpg\",\"contentUrl\":\"https:\\\/\\\/l21.mx\\\/wp-content\\\/uploads\\\/2013\\\/11\\\/claudia-ruiz-massieu-n.jpg\",\"width\":90,\"height\":60},{\"@type\":\"BreadcrumbList\",\"@id\":\"https:\\\/\\\/l21.mx\\\/?p=5032#breadcrumb\",\"itemListElement\":[{\"@type\":\"ListItem\",\"position\":1,\"name\":\"Portada\",\"item\":\"https:\\\/\\\/l21.mx\\\/\"},{\"@type\":\"ListItem\",\"position\":2,\"name\":\"Convoca Ruiz Massieu a reconciliar el turismo y las pol\u00edticas de aviaci\u00f3n\"}]},{\"@type\":\"WebSite\",\"@id\":\"https:\\\/\\\/l21.mx\\\/#website\",\"url\":\"https:\\\/\\\/l21.mx\\\/\",\"name\":\"Revista Latitud 21\",\"description\":\"Emprendedores  y negocios en el Caribe Mexicano\",\"publisher\":{\"@id\":\"https:\\\/\\\/l21.mx\\\/#organization\"},\"potentialAction\":[{\"@type\":\"SearchAction\",\"target\":{\"@type\":\"EntryPoint\",\"urlTemplate\":\"https:\\\/\\\/l21.mx\\\/?s={search_term_string}\"},\"query-input\":{\"@type\":\"PropertyValueSpecification\",\"valueRequired\":true,\"valueName\":\"search_term_string\"}}],\"inLanguage\":\"es\"},{\"@type\":\"Organization\",\"@id\":\"https:\\\/\\\/l21.mx\\\/#organization\",\"name\":\"Grupo Editorial Latitud 21 SA de CV\",\"url\":\"https:\\\/\\\/l21.mx\\\/\",\"logo\":{\"@type\":\"ImageObject\",\"inLanguage\":\"es\",\"@id\":\"https:\\\/\\\/l21.mx\\\/#\\\/schema\\\/logo\\\/image\\\/\",\"url\":\"https:\\\/\\\/l21.mx\\\/wp-content\\\/uploads\\\/2020\\\/10\\\/logo-l21-baja.jpg\",\"contentUrl\":\"https:\\\/\\\/l21.mx\\\/wp-content\\\/uploads\\\/2020\\\/10\\\/logo-l21-baja.jpg\",\"width\":250,\"height\":250,\"caption\":\"Grupo Editorial Latitud 21 SA de CV\"},\"image\":{\"@id\":\"https:\\\/\\\/l21.mx\\\/#\\\/schema\\\/logo\\\/image\\\/\"},\"sameAs\":[\"https:\\\/\\\/www.facebook.com\\\/RevistaLatitud21\\\/\",\"https:\\\/\\\/x.com\\\/Latitud21mx\"]},{\"@type\":\"Person\",\"@id\":\"https:\\\/\\\/l21.mx\\\/#\\\/schema\\\/person\\\/4b571cc212089f95579f3b66253728f1\",\"name\":\"Latitud21 Redacci\u00f3n\",\"url\":\"https:\\\/\\\/l21.mx\\\/?author=2\"}]}<\/script>\n<!-- \/ Yoast SEO plugin. -->","yoast_head_json":{"title":"Convoca Ruiz Massieu a reconciliar el turismo y las pol\u00edticas de aviaci\u00f3n | Revista Latitud 21","description":"L21, Emprendedores y Negocios en el Caribe Mexicano, es la revista l\u00edder entre el Sector Empresarial y Tur\u00edstico del Caribe Mexicano.","robots":{"index":"index","follow":"follow","max-snippet":"max-snippet:-1","max-image-preview":"max-image-preview:large","max-video-preview":"max-video-preview:-1"},"canonical":"https:\/\/l21.mx\/?p=5032","twitter_card":"summary_large_image","twitter_title":"Convoca Ruiz Massieu a reconciliar el turismo y las pol\u00edticas de aviaci\u00f3n | Revista Latitud 21","twitter_description":"L21, Emprendedores y Negocios en el Caribe Mexicano, es la revista l\u00edder entre el Sector Empresarial y Tur\u00edstico del Caribe Mexicano.","twitter_image":"https:\/\/l21.mx\/wp-content\/uploads\/2013\/11\/claudia-ruiz-massieu-n.jpg","twitter_creator":"@Latitud21mx","twitter_site":"@Latitud21mx","twitter_misc":{"Escrito por":"Latitud21 Redacci\u00f3n","Tiempo de lectura":"3 minutos"},"schema":{"@context":"https:\/\/schema.org","@graph":[{"@type":"Article","@id":"https:\/\/l21.mx\/?p=5032#article","isPartOf":{"@id":"https:\/\/l21.mx\/?p=5032"},"author":{"name":"Latitud21 Redacci\u00f3n","@id":"https:\/\/l21.mx\/#\/schema\/person\/4b571cc212089f95579f3b66253728f1"},"headline":"Convoca Ruiz Massieu a reconciliar el turismo y las pol\u00edticas de aviaci\u00f3n","datePublished":"2013-11-06T19:15:12+00:00","mainEntityOfPage":{"@id":"https:\/\/l21.mx\/?p=5032"},"wordCount":532,"commentCount":0,"publisher":{"@id":"https:\/\/l21.mx\/#organization"},"image":{"@id":"https:\/\/l21.mx\/?p=5032#primaryimage"},"thumbnailUrl":"https:\/\/l21.mx\/wp-content\/uploads\/2013\/11\/claudia-ruiz-massieu-n.jpg","articleSection":["Noticias","Turismo"],"inLanguage":"es","potentialAction":[{"@type":"CommentAction","name":"Comment","target":["https:\/\/l21.mx\/?p=5032#respond"]}]},{"@type":"WebPage","@id":"https:\/\/l21.mx\/?p=5032","url":"https:\/\/l21.mx\/?p=5032","name":"Convoca Ruiz Massieu a reconciliar el turismo y las pol\u00edticas de aviaci\u00f3n | Revista Latitud 21","isPartOf":{"@id":"https:\/\/l21.mx\/#website"},"primaryImageOfPage":{"@id":"https:\/\/l21.mx\/?p=5032#primaryimage"},"image":{"@id":"https:\/\/l21.mx\/?p=5032#primaryimage"},"thumbnailUrl":"https:\/\/l21.mx\/wp-content\/uploads\/2013\/11\/claudia-ruiz-massieu-n.jpg","datePublished":"2013-11-06T19:15:12+00:00","description":"L21, Emprendedores y Negocios en el Caribe Mexicano, es la revista l\u00edder entre el Sector Empresarial y Tur\u00edstico del Caribe Mexicano.","breadcrumb":{"@id":"https:\/\/l21.mx\/?p=5032#breadcrumb"},"inLanguage":"es","potentialAction":[{"@type":"ReadAction","target":["https:\/\/l21.mx\/?p=5032"]}]},{"@type":"ImageObject","inLanguage":"es","@id":"https:\/\/l21.mx\/?p=5032#primaryimage","url":"https:\/\/l21.mx\/wp-content\/uploads\/2013\/11\/claudia-ruiz-massieu-n.jpg","contentUrl":"https:\/\/l21.mx\/wp-content\/uploads\/2013\/11\/claudia-ruiz-massieu-n.jpg","width":90,"height":60},{"@type":"BreadcrumbList","@id":"https:\/\/l21.mx\/?p=5032#breadcrumb","itemListElement":[{"@type":"ListItem","position":1,"name":"Portada","item":"https:\/\/l21.mx\/"},{"@type":"ListItem","position":2,"name":"Convoca Ruiz Massieu a reconciliar el turismo y las pol\u00edticas de aviaci\u00f3n"}]},{"@type":"WebSite","@id":"https:\/\/l21.mx\/#website","url":"https:\/\/l21.mx\/","name":"Revista Latitud 21","description":"Emprendedores  y negocios en el Caribe Mexicano","publisher":{"@id":"https:\/\/l21.mx\/#organization"},"potentialAction":[{"@type":"SearchAction","target":{"@type":"EntryPoint","urlTemplate":"https:\/\/l21.mx\/?s={search_term_string}"},"query-input":{"@type":"PropertyValueSpecification","valueRequired":true,"valueName":"search_term_string"}}],"inLanguage":"es"},{"@type":"Organization","@id":"https:\/\/l21.mx\/#organization","name":"Grupo Editorial Latitud 21 SA de CV","url":"https:\/\/l21.mx\/","logo":{"@type":"ImageObject","inLanguage":"es","@id":"https:\/\/l21.mx\/#\/schema\/logo\/image\/","url":"https:\/\/l21.mx\/wp-content\/uploads\/2020\/10\/logo-l21-baja.jpg","contentUrl":"https:\/\/l21.mx\/wp-content\/uploads\/2020\/10\/logo-l21-baja.jpg","width":250,"height":250,"caption":"Grupo Editorial Latitud 21 SA de CV"},"image":{"@id":"https:\/\/l21.mx\/#\/schema\/logo\/image\/"},"sameAs":["https:\/\/www.facebook.com\/RevistaLatitud21\/","https:\/\/x.com\/Latitud21mx"]},{"@type":"Person","@id":"https:\/\/l21.mx\/#\/schema\/person\/4b571cc212089f95579f3b66253728f1","name":"Latitud21 Redacci\u00f3n","url":"https:\/\/l21.mx\/?author=2"}]}},"amp_enabled":true,"_links":{"self":[{"href":"https:\/\/l21.mx\/index.php?rest_route=\/wp\/v2\/posts\/5032","targetHints":{"allow":["GET"]}}],"collection":[{"href":"https:\/\/l21.mx\/index.php?rest_route=\/wp\/v2\/posts"}],"about":[{"href":"https:\/\/l21.mx\/index.php?rest_route=\/wp\/v2\/types\/post"}],"author":[{"embeddable":true,"href":"https:\/\/l21.mx\/index.php?rest_route=\/wp\/v2\/users\/2"}],"replies":[{"embeddable":true,"href":"https:\/\/l21.mx\/index.php?rest_route=%2Fwp%2Fv2%2Fcomments&post=5032"}],"version-history":[{"count":0,"href":"https:\/\/l21.mx\/index.php?rest_route=\/wp\/v2\/posts\/5032\/revisions"}],"wp:featuredmedia":[{"embeddable":true,"href":"https:\/\/l21.mx\/index.php?rest_route=\/wp\/v2\/media\/5036"}],"wp:attachment":[{"href":"https:\/\/l21.mx\/index.php?rest_route=%2Fwp%2Fv2%2Fmedia&parent=5032"}],"wp:term":[{"taxonomy":"category","embeddable":true,"href":"https:\/\/l21.mx\/index.php?rest_route=%2Fwp%2Fv2%2Fcategories&post=5032"},{"taxonomy":"post_tag","embeddable":true,"href":"https:\/\/l21.mx\/index.php?rest_route=%2Fwp%2Fv2%2Ftags&post=5032"}],"curies":[{"name":"wp","href":"https:\/\/api.w.org\/{rel}","templated":true}]}}