{"id":5039,"date":"2013-11-06T13:27:10","date_gmt":"2013-11-06T19:27:10","guid":{"rendered":"http:\/\/innovatori.space\/lat21\/?p=5039"},"modified":"2013-11-06T13:29:33","modified_gmt":"2013-11-06T19:29:33","slug":"amresorts-inaugura-el-primer-breathless-resort-spa","status":"publish","type":"post","link":"https:\/\/l21.mx\/?p=5039","title":{"rendered":"AMResorts inaugura el primer Breathless Resort &#038; Spa"},"content":{"rendered":"<div id=\"attachment_5040\" style=\"width: 287px\" class=\"wp-caption alignleft\"><img fetchpriority=\"high\" decoding=\"async\" aria-describedby=\"caption-attachment-5040\" class=\"size-full wp-image-5040\" title=\"amresorts\" src=\"http:\/\/l21.mx\/wp-content\/uploads\/2013\/11\/amresorts.jpg\" alt=\"\" width=\"277\" height=\"263\" \/><p id=\"caption-attachment-5040\" class=\"wp-caption-text\"><span style=\"color: #000000;\">El Presidente de Rep\u00fablica Dominicana Danilo Medina; Kourtney Kardashian del reality Show Keeping up with the Kardashians y Enrique Martin\u00f3n Garc\u00eda, Presidente de Grupo Martin\u00f3n<\/span><\/p><\/div>\n<p><span style=\"color: #000000;\"><strong><em>Destacada participaci\u00f3n del Presidente de Rep\u00fablica Dominicana Danilo Medina, Kourtney Kardashian y Scott Disick en la fiesta de apertura de la nueva marca s\u00f3lo adultos en Punta Cana<\/em><\/strong><\/span><\/p>\n<p><span style=\"color: #000000;\">AMResorts oficializ\u00f3 el lanzamiento de su nueva marca s\u00f3lo para adultos con la apertura de <a href=\"http:\/\/www.breathlessresorts.com\/punta-cana\"><span style=\"color: #000000;\">Breathless Punta Cana Resort &amp; Spa<\/span><\/a> en Rep\u00fablica Dominicana el pasado 2 de noviembre. El Presidente de Rep\u00fablica Dominicana Danilo Medina, junto con los invitados especiales Kourtney Kardashian (Keeping Up with the Kardashians) y Scott Disick, se unieron a los ejecutivos de la empresa y propietarios del hotel en la ceremonia de corte del list\u00f3n de inauguraci\u00f3n que dio inicio a la velada.<\/span><\/p>\n<p><span style=\"color: #000000;\">El evento cont\u00f3 con la participaci\u00f3n de m\u00e1s de 900 invitados, entre ellos personalidades como Jos\u00e9 Manuel Soria L\u00f3pez, Ministro de Industria, Energ\u00eda y Turismo de Espa\u00f1a; Francisco Javier Garc\u00eda, Ministro de Turismo de Rep\u00fablica Dominicana; Jos\u00e9 Ram\u00f3n Peralta, Ministro de Administraci\u00f3n de Rep\u00fablica Dominicana; Alejandro Zozaya, CEO de Apple Leisure Group; Federico Gonz\u00e1lez Tejera, CEO de Hoteles NH,\u00a0 Enrique Martin\u00f3n Garc\u00eda, Presidente del Grupo Martin\u00f3n y Gonzalo del Pe\u00f3n, Presidente de AMResorts, quienes disfrutaron del espect\u00e1culo de fuegos artificiales con el cual dio inicio la noche, y bailaron con la actuaci\u00f3n especial del DJ Rhiannon as\u00ed como con el equipo de animaci\u00f3n del hotel.<\/span><\/p>\n<p><span style=\"color: #000000;\">\u00a0<\/span><\/p>\n<div id=\"attachment_5041\" style=\"width: 310px\" class=\"wp-caption alignleft\"><img decoding=\"async\" aria-describedby=\"caption-attachment-5041\" class=\"size-medium wp-image-5041\" title=\"amresorts\" src=\"http:\/\/l21.mx\/wp-content\/uploads\/2013\/11\/amresorts--300x255.jpg\" alt=\"\" width=\"300\" height=\"255\" \/><p id=\"caption-attachment-5041\" class=\"wp-caption-text\"><span style=\"color: #000000;\">Kourtney Kardashian y Scott Disick de \u201cKeeping Up with the Kardashians\u201d<\/span><\/p><\/div>\n<p><span style=\"color: #000000;\">Cabe se\u00f1alar que durante los cuatro d\u00edas de festejos por la apertura del hotel, los invitados pudieron disfrutar adem\u00e1s de shows en vivo de reconocidas figuras del espect\u00e1culo en el \u00e1mbito internacional como el cantautor de flamenco y soul latino, Pitingo; una de las voces m\u00e1s espectaculares de Rep\u00fablica Dominicana, Maridalia Hern\u00e1ndez, y la actuaci\u00f3n magistral del cantautor dominicano, Juan Luis Guerra y 440 al son de merengue y bachata-bolero.<\/span><\/p>\n<p><span style=\"color: #000000;\">\u201cCon el lanzamiento de esta nueva marca, da inicio la siguiente fase de crecimiento de AMResorts y destaca nuestro compromiso con Rep\u00fablica Dominicana, donde ahora contamos con siete hoteles\u00bb, dijo Gonzalo del Pe\u00f3n, presidente de AMResorts. \u00abBreathless Resorts &amp; Spas ofrece una opci\u00f3n vacacional innovadora para viajeros sofisticados que buscan un ambiente social vibrante, s\u00f3lo para adultos que viajan en pareja, de forma individual o en grupos de amigos\u201d, agreg\u00f3.<\/span><\/p>\n<div id=\"attachment_5042\" style=\"width: 310px\" class=\"wp-caption alignleft\"><img decoding=\"async\" aria-describedby=\"caption-attachment-5042\" class=\"size-medium wp-image-5042\" title=\"amresorts\" src=\"http:\/\/l21.mx\/wp-content\/uploads\/2013\/11\/amresorts-1-300x235.jpg\" alt=\"\" width=\"300\" height=\"235\" srcset=\"https:\/\/l21.mx\/wp-content\/uploads\/2013\/11\/amresorts-1-300x235.jpg 300w, https:\/\/l21.mx\/wp-content\/uploads\/2013\/11\/amresorts-1.jpg 302w\" sizes=\"(max-width: 300px) 100vw, 300px\" \/><p id=\"caption-attachment-5042\" class=\"wp-caption-text\"><span style=\"color: #000000;\">Alejandro Zozaya, CEO de Apple Leisure Group; Scott Disick, de Keeping Up with the Kardashians; y Federico Gonz\u00e1lez Tejera, CEO de Hoteles NH<\/span><\/p><\/div>\n<p><span style=\"color: #000000;\">Las 750 habitaciones con las que cuenta el primer Breathless Resorts &amp; Spa en Punta Cana, estar\u00e1n dispuestas para recibir a sus primeros hu\u00e9spedes a partir del 15 de noviembre del presente a\u00f1o. El nuevo hotel est\u00e1 dise\u00f1ado para cultivar la interacci\u00f3n con los hu\u00e9spedes a trav\u00e9s de un energizante entretenimiento, innovadores restaurantes, todo en un ambiente de arte y arquitectura modernos, adem\u00e1s de proporcionar una relajante escapada al Spa en uno de los m\u00e1s deseables frentes de playa del destino.<\/span><\/p>\n<p><span style=\"color: #000000;\">Como un est\u00e1ndar de la marca Breathless Resorts &amp; Spas se incluye Unlimited-Luxury\u00ae: concepto propio donde cada amenidad y servicio de primera clase est\u00e1n incluidos, con el cual los hu\u00e9spedes podr\u00e1n disfrutar de elegantes y amplias suites con vista al mar y terrazas privadas, televisores de pantalla plana con sistemas de sonido envolvente; mini bar reabastecido diariamente, 24 horas de servicio a cuartos y concierge, conexi\u00f3n Wi-Fi y llamadas internacionales con <a href=\"http:\/\/www.breathlessresorts.com\/unlimited-connectivity\"><span style=\"color: #000000;\"><em>Unlimited Connectivity<\/em><\/span><\/a><em>,<\/em>13 opciones de gastron\u00f3micas gourmet, 7 bares y lounges, un spa y gimnasio. Servicios de bodas y paquetes de luna de miel tambi\u00e9n estar\u00e1n disponibles en todas las propiedades de la marca Breathless Resorts &amp; Spas.<\/span><\/p>\n<p><span style=\"color: #000000;\">AMResorts y Hoteles NH expanden su alianza de 3 a\u00f1os con la apertura del Breathless Punta Cana Resort &amp; Spa en Rep\u00fablica Dominicana. Las dos compa\u00f1\u00edas comenzaron en 2011 a trabajar juntas en el destino, siendo AMResorts quien provee los servicios de ventas y mercadotecnia, as\u00ed como la administraci\u00f3n e implementaci\u00f3n de los est\u00e1ndares caracter\u00edsticos de las marcas para los hoteles Secrets Royal Beach Punta Cana y Now Larimar Punta Cana. Bajo el acuerdo, Hoteles NH contin\u00faa con el control operativo de las propiedades con el Grupo Martin\u00f3n como accionista mayoritario.<\/span><\/p>\n","protected":false},"excerpt":{"rendered":"<p>Destacada participaci\u00f3n del Presidente de Rep\u00fablica Dominicana Danilo Medina, Kourtney Kardashian y Scott Disick en la&hellip;<\/p>\n","protected":false},"author":2,"featured_media":5046,"comment_status":"open","ping_status":"open","sticky":false,"template":"","format":"standard","meta":{"_acf_changed":false,"_lmt_disableupdate":"","_lmt_disable":"","_mbp_gutenberg_autopost":false,"footnotes":""},"categories":[23,8],"tags":[],"class_list":["post-5039","post","type-post","status-publish","format-standard","has-post-thumbnail","hentry","category-noticias","category-turismo"],"acf":[],"yoast_head":"<!-- This site is optimized with the Yoast SEO plugin v27.3 - https:\/\/yoast.com\/product\/yoast-seo-wordpress\/ -->\n<title>AMResorts inaugura el primer Breathless Resort &amp; Spa | Revista Latitud 21<\/title>\n<meta name=\"description\" content=\"L21, Emprendedores y Negocios en el Caribe Mexicano, es la revista l\u00edder entre el Sector Empresarial y Tur\u00edstico del Caribe Mexicano.\" \/>\n<meta name=\"robots\" content=\"index, follow, max-snippet:-1, max-image-preview:large, max-video-preview:-1\" \/>\n<link rel=\"canonical\" href=\"https:\/\/l21.mx\/?p=5039\" \/>\n<meta name=\"twitter:card\" content=\"summary_large_image\" \/>\n<meta name=\"twitter:title\" content=\"AMResorts inaugura el primer Breathless Resort &amp; Spa | Revista Latitud 21\" \/>\n<meta name=\"twitter:description\" content=\"L21, Emprendedores y Negocios en el Caribe Mexicano, es la revista l\u00edder entre el Sector Empresarial y Tur\u00edstico del Caribe Mexicano.\" \/>\n<meta name=\"twitter:image\" content=\"https:\/\/l21.mx\/wp-content\/uploads\/2013\/11\/amresorts-n.jpg\" \/>\n<meta name=\"twitter:creator\" content=\"@Latitud21mx\" \/>\n<meta name=\"twitter:site\" content=\"@Latitud21mx\" \/>\n<meta name=\"twitter:label1\" content=\"Escrito por\" \/>\n\t<meta name=\"twitter:data1\" content=\"Latitud21 Redacci\u00f3n\" \/>\n\t<meta name=\"twitter:label2\" content=\"Tiempo de lectura\" \/>\n\t<meta name=\"twitter:data2\" content=\"4 minutos\" \/>\n<script type=\"application\/ld+json\" class=\"yoast-schema-graph\">{\"@context\":\"https:\\\/\\\/schema.org\",\"@graph\":[{\"@type\":\"Article\",\"@id\":\"https:\\\/\\\/l21.mx\\\/?p=5039#article\",\"isPartOf\":{\"@id\":\"https:\\\/\\\/l21.mx\\\/?p=5039\"},\"author\":{\"name\":\"Latitud21 Redacci\u00f3n\",\"@id\":\"https:\\\/\\\/l21.mx\\\/#\\\/schema\\\/person\\\/4b571cc212089f95579f3b66253728f1\"},\"headline\":\"AMResorts inaugura el primer Breathless Resort &#038; Spa\",\"datePublished\":\"2013-11-06T19:27:10+00:00\",\"dateModified\":\"2013-11-06T19:29:33+00:00\",\"mainEntityOfPage\":{\"@id\":\"https:\\\/\\\/l21.mx\\\/?p=5039\"},\"wordCount\":778,\"commentCount\":0,\"publisher\":{\"@id\":\"https:\\\/\\\/l21.mx\\\/#organization\"},\"image\":{\"@id\":\"https:\\\/\\\/l21.mx\\\/?p=5039#primaryimage\"},\"thumbnailUrl\":\"https:\\\/\\\/l21.mx\\\/wp-content\\\/uploads\\\/2013\\\/11\\\/amresorts-n.jpg\",\"articleSection\":[\"Noticias\",\"Turismo\"],\"inLanguage\":\"es\",\"potentialAction\":[{\"@type\":\"CommentAction\",\"name\":\"Comment\",\"target\":[\"https:\\\/\\\/l21.mx\\\/?p=5039#respond\"]}]},{\"@type\":\"WebPage\",\"@id\":\"https:\\\/\\\/l21.mx\\\/?p=5039\",\"url\":\"https:\\\/\\\/l21.mx\\\/?p=5039\",\"name\":\"AMResorts inaugura el primer Breathless Resort & Spa | Revista Latitud 21\",\"isPartOf\":{\"@id\":\"https:\\\/\\\/l21.mx\\\/#website\"},\"primaryImageOfPage\":{\"@id\":\"https:\\\/\\\/l21.mx\\\/?p=5039#primaryimage\"},\"image\":{\"@id\":\"https:\\\/\\\/l21.mx\\\/?p=5039#primaryimage\"},\"thumbnailUrl\":\"https:\\\/\\\/l21.mx\\\/wp-content\\\/uploads\\\/2013\\\/11\\\/amresorts-n.jpg\",\"datePublished\":\"2013-11-06T19:27:10+00:00\",\"dateModified\":\"2013-11-06T19:29:33+00:00\",\"description\":\"L21, Emprendedores y Negocios en el Caribe Mexicano, es la revista l\u00edder entre el Sector Empresarial y Tur\u00edstico del Caribe Mexicano.\",\"breadcrumb\":{\"@id\":\"https:\\\/\\\/l21.mx\\\/?p=5039#breadcrumb\"},\"inLanguage\":\"es\",\"potentialAction\":[{\"@type\":\"ReadAction\",\"target\":[\"https:\\\/\\\/l21.mx\\\/?p=5039\"]}]},{\"@type\":\"ImageObject\",\"inLanguage\":\"es\",\"@id\":\"https:\\\/\\\/l21.mx\\\/?p=5039#primaryimage\",\"url\":\"https:\\\/\\\/l21.mx\\\/wp-content\\\/uploads\\\/2013\\\/11\\\/amresorts-n.jpg\",\"contentUrl\":\"https:\\\/\\\/l21.mx\\\/wp-content\\\/uploads\\\/2013\\\/11\\\/amresorts-n.jpg\",\"width\":90,\"height\":60},{\"@type\":\"BreadcrumbList\",\"@id\":\"https:\\\/\\\/l21.mx\\\/?p=5039#breadcrumb\",\"itemListElement\":[{\"@type\":\"ListItem\",\"position\":1,\"name\":\"Portada\",\"item\":\"https:\\\/\\\/l21.mx\\\/\"},{\"@type\":\"ListItem\",\"position\":2,\"name\":\"AMResorts inaugura el primer Breathless Resort &#038; Spa\"}]},{\"@type\":\"WebSite\",\"@id\":\"https:\\\/\\\/l21.mx\\\/#website\",\"url\":\"https:\\\/\\\/l21.mx\\\/\",\"name\":\"Revista Latitud 21\",\"description\":\"Emprendedores  y negocios en el Caribe Mexicano\",\"publisher\":{\"@id\":\"https:\\\/\\\/l21.mx\\\/#organization\"},\"potentialAction\":[{\"@type\":\"SearchAction\",\"target\":{\"@type\":\"EntryPoint\",\"urlTemplate\":\"https:\\\/\\\/l21.mx\\\/?s={search_term_string}\"},\"query-input\":{\"@type\":\"PropertyValueSpecification\",\"valueRequired\":true,\"valueName\":\"search_term_string\"}}],\"inLanguage\":\"es\"},{\"@type\":\"Organization\",\"@id\":\"https:\\\/\\\/l21.mx\\\/#organization\",\"name\":\"Grupo Editorial Latitud 21 SA de CV\",\"url\":\"https:\\\/\\\/l21.mx\\\/\",\"logo\":{\"@type\":\"ImageObject\",\"inLanguage\":\"es\",\"@id\":\"https:\\\/\\\/l21.mx\\\/#\\\/schema\\\/logo\\\/image\\\/\",\"url\":\"https:\\\/\\\/l21.mx\\\/wp-content\\\/uploads\\\/2020\\\/10\\\/logo-l21-baja.jpg\",\"contentUrl\":\"https:\\\/\\\/l21.mx\\\/wp-content\\\/uploads\\\/2020\\\/10\\\/logo-l21-baja.jpg\",\"width\":250,\"height\":250,\"caption\":\"Grupo Editorial Latitud 21 SA de CV\"},\"image\":{\"@id\":\"https:\\\/\\\/l21.mx\\\/#\\\/schema\\\/logo\\\/image\\\/\"},\"sameAs\":[\"https:\\\/\\\/www.facebook.com\\\/RevistaLatitud21\\\/\",\"https:\\\/\\\/x.com\\\/Latitud21mx\"]},{\"@type\":\"Person\",\"@id\":\"https:\\\/\\\/l21.mx\\\/#\\\/schema\\\/person\\\/4b571cc212089f95579f3b66253728f1\",\"name\":\"Latitud21 Redacci\u00f3n\",\"url\":\"https:\\\/\\\/l21.mx\\\/?author=2\"}]}<\/script>\n<!-- \/ Yoast SEO plugin. -->","yoast_head_json":{"title":"AMResorts inaugura el primer Breathless Resort & Spa | Revista Latitud 21","description":"L21, Emprendedores y Negocios en el Caribe Mexicano, es la revista l\u00edder entre el Sector Empresarial y Tur\u00edstico del Caribe Mexicano.","robots":{"index":"index","follow":"follow","max-snippet":"max-snippet:-1","max-image-preview":"max-image-preview:large","max-video-preview":"max-video-preview:-1"},"canonical":"https:\/\/l21.mx\/?p=5039","twitter_card":"summary_large_image","twitter_title":"AMResorts inaugura el primer Breathless Resort & Spa | Revista Latitud 21","twitter_description":"L21, Emprendedores y Negocios en el Caribe Mexicano, es la revista l\u00edder entre el Sector Empresarial y Tur\u00edstico del Caribe Mexicano.","twitter_image":"https:\/\/l21.mx\/wp-content\/uploads\/2013\/11\/amresorts-n.jpg","twitter_creator":"@Latitud21mx","twitter_site":"@Latitud21mx","twitter_misc":{"Escrito por":"Latitud21 Redacci\u00f3n","Tiempo de lectura":"4 minutos"},"schema":{"@context":"https:\/\/schema.org","@graph":[{"@type":"Article","@id":"https:\/\/l21.mx\/?p=5039#article","isPartOf":{"@id":"https:\/\/l21.mx\/?p=5039"},"author":{"name":"Latitud21 Redacci\u00f3n","@id":"https:\/\/l21.mx\/#\/schema\/person\/4b571cc212089f95579f3b66253728f1"},"headline":"AMResorts inaugura el primer Breathless Resort &#038; Spa","datePublished":"2013-11-06T19:27:10+00:00","dateModified":"2013-11-06T19:29:33+00:00","mainEntityOfPage":{"@id":"https:\/\/l21.mx\/?p=5039"},"wordCount":778,"commentCount":0,"publisher":{"@id":"https:\/\/l21.mx\/#organization"},"image":{"@id":"https:\/\/l21.mx\/?p=5039#primaryimage"},"thumbnailUrl":"https:\/\/l21.mx\/wp-content\/uploads\/2013\/11\/amresorts-n.jpg","articleSection":["Noticias","Turismo"],"inLanguage":"es","potentialAction":[{"@type":"CommentAction","name":"Comment","target":["https:\/\/l21.mx\/?p=5039#respond"]}]},{"@type":"WebPage","@id":"https:\/\/l21.mx\/?p=5039","url":"https:\/\/l21.mx\/?p=5039","name":"AMResorts inaugura el primer Breathless Resort & Spa | Revista Latitud 21","isPartOf":{"@id":"https:\/\/l21.mx\/#website"},"primaryImageOfPage":{"@id":"https:\/\/l21.mx\/?p=5039#primaryimage"},"image":{"@id":"https:\/\/l21.mx\/?p=5039#primaryimage"},"thumbnailUrl":"https:\/\/l21.mx\/wp-content\/uploads\/2013\/11\/amresorts-n.jpg","datePublished":"2013-11-06T19:27:10+00:00","dateModified":"2013-11-06T19:29:33+00:00","description":"L21, Emprendedores y Negocios en el Caribe Mexicano, es la revista l\u00edder entre el Sector Empresarial y Tur\u00edstico del Caribe Mexicano.","breadcrumb":{"@id":"https:\/\/l21.mx\/?p=5039#breadcrumb"},"inLanguage":"es","potentialAction":[{"@type":"ReadAction","target":["https:\/\/l21.mx\/?p=5039"]}]},{"@type":"ImageObject","inLanguage":"es","@id":"https:\/\/l21.mx\/?p=5039#primaryimage","url":"https:\/\/l21.mx\/wp-content\/uploads\/2013\/11\/amresorts-n.jpg","contentUrl":"https:\/\/l21.mx\/wp-content\/uploads\/2013\/11\/amresorts-n.jpg","width":90,"height":60},{"@type":"BreadcrumbList","@id":"https:\/\/l21.mx\/?p=5039#breadcrumb","itemListElement":[{"@type":"ListItem","position":1,"name":"Portada","item":"https:\/\/l21.mx\/"},{"@type":"ListItem","position":2,"name":"AMResorts inaugura el primer Breathless Resort &#038; Spa"}]},{"@type":"WebSite","@id":"https:\/\/l21.mx\/#website","url":"https:\/\/l21.mx\/","name":"Revista Latitud 21","description":"Emprendedores  y negocios en el Caribe Mexicano","publisher":{"@id":"https:\/\/l21.mx\/#organization"},"potentialAction":[{"@type":"SearchAction","target":{"@type":"EntryPoint","urlTemplate":"https:\/\/l21.mx\/?s={search_term_string}"},"query-input":{"@type":"PropertyValueSpecification","valueRequired":true,"valueName":"search_term_string"}}],"inLanguage":"es"},{"@type":"Organization","@id":"https:\/\/l21.mx\/#organization","name":"Grupo Editorial Latitud 21 SA de CV","url":"https:\/\/l21.mx\/","logo":{"@type":"ImageObject","inLanguage":"es","@id":"https:\/\/l21.mx\/#\/schema\/logo\/image\/","url":"https:\/\/l21.mx\/wp-content\/uploads\/2020\/10\/logo-l21-baja.jpg","contentUrl":"https:\/\/l21.mx\/wp-content\/uploads\/2020\/10\/logo-l21-baja.jpg","width":250,"height":250,"caption":"Grupo Editorial Latitud 21 SA de CV"},"image":{"@id":"https:\/\/l21.mx\/#\/schema\/logo\/image\/"},"sameAs":["https:\/\/www.facebook.com\/RevistaLatitud21\/","https:\/\/x.com\/Latitud21mx"]},{"@type":"Person","@id":"https:\/\/l21.mx\/#\/schema\/person\/4b571cc212089f95579f3b66253728f1","name":"Latitud21 Redacci\u00f3n","url":"https:\/\/l21.mx\/?author=2"}]}},"amp_enabled":true,"_links":{"self":[{"href":"https:\/\/l21.mx\/index.php?rest_route=\/wp\/v2\/posts\/5039","targetHints":{"allow":["GET"]}}],"collection":[{"href":"https:\/\/l21.mx\/index.php?rest_route=\/wp\/v2\/posts"}],"about":[{"href":"https:\/\/l21.mx\/index.php?rest_route=\/wp\/v2\/types\/post"}],"author":[{"embeddable":true,"href":"https:\/\/l21.mx\/index.php?rest_route=\/wp\/v2\/users\/2"}],"replies":[{"embeddable":true,"href":"https:\/\/l21.mx\/index.php?rest_route=%2Fwp%2Fv2%2Fcomments&post=5039"}],"version-history":[{"count":0,"href":"https:\/\/l21.mx\/index.php?rest_route=\/wp\/v2\/posts\/5039\/revisions"}],"wp:featuredmedia":[{"embeddable":true,"href":"https:\/\/l21.mx\/index.php?rest_route=\/wp\/v2\/media\/5046"}],"wp:attachment":[{"href":"https:\/\/l21.mx\/index.php?rest_route=%2Fwp%2Fv2%2Fmedia&parent=5039"}],"wp:term":[{"taxonomy":"category","embeddable":true,"href":"https:\/\/l21.mx\/index.php?rest_route=%2Fwp%2Fv2%2Fcategories&post=5039"},{"taxonomy":"post_tag","embeddable":true,"href":"https:\/\/l21.mx\/index.php?rest_route=%2Fwp%2Fv2%2Ftags&post=5039"}],"curies":[{"name":"wp","href":"https:\/\/api.w.org\/{rel}","templated":true}]}}