{"id":50951,"date":"2022-08-02T09:41:00","date_gmt":"2022-08-02T14:41:00","guid":{"rendered":"https:\/\/l21.mx\/?p=50951"},"modified":"2022-08-02T09:43:31","modified_gmt":"2022-08-02T14:43:31","slug":"nuevo-rostro-en-isla-mujeres","status":"publish","type":"post","link":"https:\/\/l21.mx\/?p=50951","title":{"rendered":"Nuevo rostro en Isla Mujeres"},"content":{"rendered":"\n<p class=\"wp-block-paragraph\"><\/p>\n\n\n\n<p class=\"wp-block-paragraph\">Este verano, Punta Sur, en Isla Mujeres, tiene un nuevo rostro; gracias a la inversi\u00f3n de 8 millones 483 mil pesos en la rehabilitaci\u00f3n del Parque Escult\u00f3rico.<\/p>\n\n\n\n<p class=\"wp-block-paragraph\">Acompa\u00f1ado por la presidenta municipal Atenea G\u00f3mez Ricalde, el gobernador de Quintana Roo, Carlos Joaqu\u00edn, inaugur\u00f3 las obras.<\/p>\n\n\n\n<p class=\"wp-block-paragraph\">Esto fue justo frente al acantilado y el esplendor de tonos azules y turquesas del Caribe Mexicano.<\/p>\n\n\n\n<figure class=\"wp-block-image size-large\"><a href=\"https:\/\/l21.mx\/wp-content\/uploads\/2022\/08\/Isla-mujeres-punta-sur-1.jpg\" data-rel=\"penci-gallery-image-content\" ><img fetchpriority=\"high\" decoding=\"async\" width=\"1024\" height=\"682\" src=\"https:\/\/l21.mx\/wp-content\/uploads\/2022\/08\/Isla-mujeres-punta-sur-1-1024x682.jpg\" alt=\"\" class=\"wp-image-50952\" srcset=\"https:\/\/l21.mx\/wp-content\/uploads\/2022\/08\/Isla-mujeres-punta-sur-1-1024x682.jpg 1024w, https:\/\/l21.mx\/wp-content\/uploads\/2022\/08\/Isla-mujeres-punta-sur-1-300x200.jpg 300w, https:\/\/l21.mx\/wp-content\/uploads\/2022\/08\/Isla-mujeres-punta-sur-1-768x512.jpg 768w, https:\/\/l21.mx\/wp-content\/uploads\/2022\/08\/Isla-mujeres-punta-sur-1-1170x780.jpg 1170w, https:\/\/l21.mx\/wp-content\/uploads\/2022\/08\/Isla-mujeres-punta-sur-1-585x390.jpg 585w, https:\/\/l21.mx\/wp-content\/uploads\/2022\/08\/Isla-mujeres-punta-sur-1-263x175.jpg 263w, https:\/\/l21.mx\/wp-content\/uploads\/2022\/08\/Isla-mujeres-punta-sur-1.jpg 1280w\" sizes=\"(max-width: 1024px) 100vw, 1024px\" \/><\/a><\/figure>\n\n\n\n<p class=\"wp-block-paragraph\"><\/p>\n\n\n\n<h2 class=\"wp-block-heading\">Espacios renovados<\/h2>\n\n\n\n<p class=\"wp-block-paragraph\">El mandatario destac\u00f3 que con este recurso se rehabilitaron 12 locales de venta de artesan\u00edas y se instal\u00f3 un parador fotogr\u00e1fico con las letras multicolores de \u201cPunta Sur\u201d.<\/p>\n\n\n\n<p class=\"wp-block-paragraph\">Adem\u00e1s, remodelaron andadores, se mejor\u00f3 el estacionamiento para promover del orden y la movilidad, y se instal\u00f3 una escultura de la diosa Ixchel.<\/p>\n\n\n\n<p class=\"wp-block-paragraph\">La presidenta municipal destac\u00f3 la sensibilidad y apoyo del gobernador para devolver la majestuosidad de Punta Sur.<\/p>\n\n\n\n<p class=\"wp-block-paragraph\">Record\u00f3 que es un sitio emblem\u00e1tico que fue abandonado por anteriores administraciones y con estas inversiones seguir\u00e1 siendo un sitio de orgullo para los isle\u00f1os y los casi 30 mil visitantes que recibe al d\u00eda.<\/p>\n\n\n\n<p class=\"wp-block-paragraph\">\u00bfQu\u00e9 esperas? Ven y visita Punta Sur en Isla Mujeres y t\u00f3mate la foto con estas esculturas. <\/p>\n","protected":false},"excerpt":{"rendered":"<p>Este verano, Punta Sur, en Isla Mujeres, tiene un nuevo rostro; gracias a la inversi\u00f3n de&hellip;<\/p>\n","protected":false},"author":100,"featured_media":50953,"comment_status":"closed","ping_status":"closed","sticky":false,"template":"","format":"standard","meta":{"_acf_changed":false,"_lmt_disableupdate":"","_lmt_disable":"","_mbp_gutenberg_autopost":false,"footnotes":""},"categories":[38],"tags":[],"class_list":["post-50951","post","type-post","status-publish","format-standard","has-post-thumbnail","hentry","category-en-la-21-y-otras-latitudes"],"acf":[],"_links":{"self":[{"href":"https:\/\/l21.mx\/index.php?rest_route=\/wp\/v2\/posts\/50951","targetHints":{"allow":["GET"]}}],"collection":[{"href":"https:\/\/l21.mx\/index.php?rest_route=\/wp\/v2\/posts"}],"about":[{"href":"https:\/\/l21.mx\/index.php?rest_route=\/wp\/v2\/types\/post"}],"author":[{"embeddable":true,"href":"https:\/\/l21.mx\/index.php?rest_route=\/wp\/v2\/users\/100"}],"replies":[{"embeddable":true,"href":"https:\/\/l21.mx\/index.php?rest_route=%2Fwp%2Fv2%2Fcomments&post=50951"}],"version-history":[{"count":0,"href":"https:\/\/l21.mx\/index.php?rest_route=\/wp\/v2\/posts\/50951\/revisions"}],"wp:featuredmedia":[{"embeddable":true,"href":"https:\/\/l21.mx\/index.php?rest_route=\/wp\/v2\/media\/50953"}],"wp:attachment":[{"href":"https:\/\/l21.mx\/index.php?rest_route=%2Fwp%2Fv2%2Fmedia&parent=50951"}],"wp:term":[{"taxonomy":"category","embeddable":true,"href":"https:\/\/l21.mx\/index.php?rest_route=%2Fwp%2Fv2%2Fcategories&post=50951"},{"taxonomy":"post_tag","embeddable":true,"href":"https:\/\/l21.mx\/index.php?rest_route=%2Fwp%2Fv2%2Ftags&post=50951"}],"curies":[{"name":"wp","href":"https:\/\/api.w.org\/{rel}","templated":true}]}}