{"id":51001,"date":"2022-08-30T11:12:51","date_gmt":"2022-08-30T16:12:51","guid":{"rendered":"https:\/\/l21.mx\/?p=51001"},"modified":"2022-08-30T11:12:52","modified_gmt":"2022-08-30T16:12:52","slug":"todo-listo-en-grupo-xcaret-para-el-16o-festival-de-tradiciones-de-vida-y-muerte","status":"publish","type":"post","link":"https:\/\/l21.mx\/?p=51001","title":{"rendered":"Todo listo en Grupo Xcaret para el 16\u00ba Festival de Tradiciones de Vida y Muerte"},"content":{"rendered":"\n<p class=\"wp-block-paragraph\"><\/p>\n\n\n\n<ul class=\"wp-block-list\"><li><em>El 16\u00ba Festival de Tradiciones de Vida y Muerte tendr\u00e1 lugar del pr\u00f3ximo 30 de octubre al 2 de noviembre.<\/em><\/li><li><em>Este a\u00f1o el invitado de honor al Festival de Tradiciones de Vida y Muerte es el bello estado de <strong>Tlaxcala<\/strong>.&nbsp; <\/em><em><\/em><\/li><li><em>Este 2022 se esperan a m\u00e1s de 50,000 visitantes, <\/em>que ser\u00e1n testigos de esta ic\u00f3nica celebraci\u00f3n en 14 foros simult\u00e1neos.<\/li><\/ul>\n\n\n\n<p class=\"wp-block-paragraph\"><strong>Xcaret, Riviera Maya. 29 de agosto, 2022.-<\/strong> El Festival de Tradiciones de Vida y Muerte de Grupo Xcaret se ha posicionado como una de las celebraciones m\u00e1s esperadas de M\u00e9xico. La 16\u00aa edici\u00f3n tendr\u00e1 lugar del pr\u00f3ximo 30 de octubre al 2 de noviembre y contar\u00e1 con la presencia del bello estado de Tlaxcala como invitado especial para mostrar y enaltecer las tradiciones y la riqueza cultural de nuestro pa\u00eds.<\/p>\n\n\n\n<p class=\"wp-block-paragraph\">Este 2022 se esperan a m\u00e1s de 50,000 visitantes que ser\u00e1n testigos de esta ic\u00f3nica celebraci\u00f3n en 14 foros simult\u00e1neos y para ello, hay dos d\u00edas de preventa de boletos el 29 y 30 de agosto para tarjetahabientes HSBC; preventa general abierta del 1 al 30 de septiembre, mientras que la venta general ser\u00e1 del 1 de octubre al 2 de noviembre, a trav\u00e9s del sitio oficial <a href=\"http:\/\/www.festivaldevidaymuerte.com\" target=\"_blank\" rel=\"noopener\">www.festivaldevidaymuerte.com<\/a>.<\/p>\n\n\n\n<figure class=\"wp-block-image size-large\"><a href=\"https:\/\/l21.mx\/wp-content\/uploads\/2022\/08\/xcaret-vida-y-muerte-festival-3.jpeg\" data-rel=\"penci-gallery-image-content\" ><img fetchpriority=\"high\" decoding=\"async\" width=\"1024\" height=\"683\" src=\"https:\/\/l21.mx\/wp-content\/uploads\/2022\/08\/xcaret-vida-y-muerte-festival-3-1024x683.jpeg\" alt=\"\" class=\"wp-image-51003\" srcset=\"https:\/\/l21.mx\/wp-content\/uploads\/2022\/08\/xcaret-vida-y-muerte-festival-3-1024x683.jpeg 1024w, https:\/\/l21.mx\/wp-content\/uploads\/2022\/08\/xcaret-vida-y-muerte-festival-3-300x200.jpeg 300w, https:\/\/l21.mx\/wp-content\/uploads\/2022\/08\/xcaret-vida-y-muerte-festival-3-768x512.jpeg 768w, https:\/\/l21.mx\/wp-content\/uploads\/2022\/08\/xcaret-vida-y-muerte-festival-3-1170x781.jpeg 1170w, https:\/\/l21.mx\/wp-content\/uploads\/2022\/08\/xcaret-vida-y-muerte-festival-3-585x390.jpeg 585w, https:\/\/l21.mx\/wp-content\/uploads\/2022\/08\/xcaret-vida-y-muerte-festival-3-263x175.jpeg 263w, https:\/\/l21.mx\/wp-content\/uploads\/2022\/08\/xcaret-vida-y-muerte-festival-3.jpeg 1280w\" sizes=\"(max-width: 1024px) 100vw, 1024px\" \/><\/a><\/figure>\n\n\n\n<p class=\"wp-block-paragraph\">Este 16\u00ba festival contar\u00e1 con un espectacular programa de actividades para disfrutarse en familia, que van desde muestras gastron\u00f3micas, talleres, altares y alfombras monumentales, murales, conciertos, t\u00edteres y presentaciones teatrales; lo anterior con artistas locales, talento de casa e invitados especiales en la sede principal que es el <strong>Parque Xcaret,<\/strong> as\u00ed como en el <strong>Hotel Xcaret M\u00e9xico, Hotel Xcaret Arte<\/strong> y en el <strong>Teatro de la Ciudad de Playa del Carmen<\/strong>. La programaci\u00f3n con todos los detalles ser\u00e1 visible a trav\u00e9s del sitio oficial, as\u00ed como la aplicaci\u00f3n Xcaret Events.<\/p>\n\n\n\n<p class=\"wp-block-paragraph\">A continuaci\u00f3n, algunas de ellas: &nbsp;<\/p>\n\n\n\n<p class=\"wp-block-paragraph\"><strong>En el P<\/strong><strong>arque Xcaret<\/strong>:<\/p>\n\n\n\n<ul class=\"wp-block-list\"><li>Este a\u00f1o el gran invitado del festival es Tlaxcala, estado considerado cuna de la naci\u00f3n y mestizaje que nos compartir\u00e1 su riqueza gastron\u00f3mica, artesanal, textil y danc\u00edstica.<\/li><li><strong>Algunas muestras musicales como:<\/strong> \u201cVoces Yuhmu de Ixtenco\u201d del Coro Infantil Otom\u00ed de Tlaxcala.<\/li><li><strong>Exposiciones de los artistas:<\/strong> Ignacio Nezahualc\u00f3yotl y Malena D\u00edaz.<\/li><li><strong>Teatro:<\/strong> \u201cCanek, Leyenda de un H\u00e9roe Maya\u201d de Compa\u00f1\u00eda Luna Morena; \u201cYa me llev\u00f3 la Calaca\u201d de Magia Esc\u00e9nica; y \u201cLa Muerte y el Ma\u00edz\u201d de Erik de Luna.<\/li><li><strong>Conciertos<\/strong>: Astrid Hadad con su espect\u00e1culo \u201cVivir Muriendo\u201d y Ernesto Anaya \u201cDe calacas, sones, muertos y tradiciones\u201d.<\/li><li><strong>Artistas Internacionales: <\/strong>El Contratenor Asael Cuesta de Colombia y la Compa\u00f1\u00eda de teatro \u201cLa Baldufa de Espa\u00f1a.<\/li><li><strong>Artistas de casa: <\/strong>Grupo Xipe Totek, Jugadores de Pelota, Compa\u00f1\u00eda de Danza Xcaret, el Mariachi Femenil, Orquesta T\u00edpica de Cuerdas.&nbsp;&nbsp;<\/li><li><strong>Grupos art\u00edsticos de Zona Maya:<\/strong> Charanga, Ballet Folcl\u00f3rico Tumben Lol, Ensamble Folcl\u00f3rico de Q.Roo JMM y Grupo Ilusi\u00f3n Arte.<\/li><li><strong>La Hacienda Interactiva<\/strong> contar\u00e1 con diferentes talleres para aprender a hacer calaveritas, bordados, dulces t\u00edpicos, escribir como en la \u00e9poca prehisp\u00e1nica o montar una ofrenda.&nbsp;&nbsp;<\/li><li>Con el objetivo de acercar el teatro a diferentes comunidades de Quintana Roo y en alianza con la Fundaci\u00f3n Truperias A.C. se llevar\u00e1 la obra \u201cTrupus Calacus\u201d a diferentes municipios en un circuito de 10 funciones del 3 al 12 de noviembre.<\/li><li>Sin duda, una de las grandes noticias, tras dos a\u00f1os de espera, es el regreso del concierto de gala en el gran Tlachco con la presentaci\u00f3n del proyecto que re\u00fane a dos leyendas de la m\u00fasica nacional: <strong>\u201c<\/strong><strong>TOUR La <\/strong><strong>Vecindad Santanera\u201d<\/strong>, un espect\u00e1culo sin precedentes que har\u00e1 bailar a los asistentes con la fusi\u00f3n de ritmos como danz\u00f3n, mambo, chachach\u00e1 y cumbia, con la fuerza del rock, ska y otras influencias tradicionales de la m\u00fasica mexicana que hacen posible <strong>La Sonora Santanera de Carlos Colorado y, Maldita Vecindad y los Hijos del 5\u00ba Patio.<\/strong><\/li><\/ul>\n\n\n\n<figure class=\"wp-block-image size-large\"><a href=\"https:\/\/l21.mx\/wp-content\/uploads\/2022\/08\/xcaret-vida-y-muerte-festival-1.jpeg\" data-rel=\"penci-gallery-image-content\" ><img decoding=\"async\" width=\"1024\" height=\"682\" src=\"https:\/\/l21.mx\/wp-content\/uploads\/2022\/08\/xcaret-vida-y-muerte-festival-1-1024x682.jpeg\" alt=\"\" class=\"wp-image-51004\" srcset=\"https:\/\/l21.mx\/wp-content\/uploads\/2022\/08\/xcaret-vida-y-muerte-festival-1-1024x682.jpeg 1024w, https:\/\/l21.mx\/wp-content\/uploads\/2022\/08\/xcaret-vida-y-muerte-festival-1-300x200.jpeg 300w, https:\/\/l21.mx\/wp-content\/uploads\/2022\/08\/xcaret-vida-y-muerte-festival-1-768x512.jpeg 768w, https:\/\/l21.mx\/wp-content\/uploads\/2022\/08\/xcaret-vida-y-muerte-festival-1-1170x780.jpeg 1170w, https:\/\/l21.mx\/wp-content\/uploads\/2022\/08\/xcaret-vida-y-muerte-festival-1-585x390.jpeg 585w, https:\/\/l21.mx\/wp-content\/uploads\/2022\/08\/xcaret-vida-y-muerte-festival-1-263x175.jpeg 263w, https:\/\/l21.mx\/wp-content\/uploads\/2022\/08\/xcaret-vida-y-muerte-festival-1.jpeg 1280w\" sizes=\"(max-width: 1024px) 100vw, 1024px\" \/><\/a><\/figure>\n\n\n\n<p class=\"wp-block-paragraph\"><strong>En el Hotel Xcaret M\u00e9xico<\/strong>.<\/p>\n\n\n\n<ul class=\"wp-block-list\"><li><strong>Restaurante Ha\u2019<\/strong>: Homenaje a la gastronom\u00eda de Tlaxcala por el <strong>Chef Francisco Molina<\/strong>del restaurante \u201cEvoka\u201d, caracterizado por procurar agregar valor a platillos tradicionales.<\/li><li><strong>Restaurante Mercado de la Merced<\/strong>: Muestra de Cocina Tradicional a manos de <strong>Do\u00f1a Elvia Contreras Becerra<\/strong>, originaria del municipio de Nanacamilpa, perteneciente al grupo Cocineras Manos de Mayahuel de Tlaxcala. <strong><\/strong><\/li><li><strong>Restaurante Las Cuevas<\/strong>: cocinera tradicional de zona maya Rosalinda Maay Poot.<strong><\/strong><\/li><\/ul>\n\n\n\n<p class=\"wp-block-paragraph\"><strong>En el Hotel Xcaret Arte.<\/strong><\/p>\n\n\n\n<ul class=\"wp-block-list\"><li><strong>Restaurante<\/strong> <strong>Kibi Kibi: <\/strong>Men\u00fa del <strong>Chef Iv\u00e1n Fernando del Razo <\/strong>del restaurante \u201cMexko\u201d con la combinaci\u00f3n de t\u00e9cnicas tradicionales, contempor\u00e1neas y de investigaci\u00f3n para mostrar la riqueza gastron\u00f3mica y cultural de Tlaxcala.<strong><\/strong><\/li><li><strong>Restaurante Cantina VI.AI.PY<\/strong>: Cocina Tlaxcalteca a manos del <strong>Chef <\/strong><strong>Andy Salazar L\u00f3pez del restaurante <\/strong>\u201cTequexquite\u201d. Interesado en el desarrollo agrotur\u00edstico y el turismo gastron\u00f3mico de su estado y con el ideal de evolucionar las maneras culinarias de su pueblo natal.<\/li><\/ul>\n\n\n\n<p class=\"wp-block-paragraph\"><\/p>\n\n\n\n<p class=\"wp-block-paragraph\"><strong>Grupo Xcaret declara todo listo para el 16\u00ba Festival de Tradiciones de Vida y Muerte; este a\u00f1o el invitado de honor es Tlaxcala<\/strong><\/p>\n\n\n\n<ul class=\"wp-block-list\"><li><em>El 16\u00ba Festival de Tradiciones de Vida y Muerte tendr\u00e1 lugar del pr\u00f3ximo 30 de octubre al 2 de noviembre.<\/em><\/li><li><em>Este a\u00f1o el invitado de honor al Festival de Tradiciones de Vida y Muerte es el bello estado de <strong>Tlaxcala<\/strong>.&nbsp; <\/em><em><\/em><\/li><li><em>Este 2022 se esperan a m\u00e1s de 50,000 visitantes, <\/em>que ser\u00e1n testigos de esta ic\u00f3nica celebraci\u00f3n en 14 foros simult\u00e1neos.<\/li><\/ul>\n\n\n\n<p class=\"wp-block-paragraph\"><strong>Xcaret, Riviera Maya. 29 de agosto, 2022.-<\/strong> El Festival de Tradiciones de Vida y Muerte de Grupo Xcaret se ha posicionado como una de las celebraciones m\u00e1s esperadas de M\u00e9xico. La 16\u00aa edici\u00f3n tendr\u00e1 lugar del pr\u00f3ximo 30 de octubre al 2 de noviembre y contar\u00e1 con la presencia del bello estado de Tlaxcala como invitado especial para mostrar y enaltecer las tradiciones y la riqueza cultural de nuestro pa\u00eds.<\/p>\n\n\n\n<p class=\"wp-block-paragraph\">Este 2022 se esperan a m\u00e1s de 50,000 visitantes que ser\u00e1n testigos de esta ic\u00f3nica celebraci\u00f3n en 14 foros simult\u00e1neos y para ello, hay dos d\u00edas de preventa de boletos el 29 y 30 de agosto para tarjetahabientes HSBC; preventa general abierta del 1 al 30 de septiembre, mientras que la venta general ser\u00e1 del 1 de octubre al 2 de noviembre, a trav\u00e9s del sitio oficial <a href=\"http:\/\/www.festivaldevidaymuerte.com\" target=\"_blank\" rel=\"noopener\">www.festivaldevidaymuerte.com<\/a>.<\/p>\n\n\n\n<p class=\"wp-block-paragraph\">Este 16\u00ba festival contar\u00e1 con un espectacular programa de actividades para disfrutarse en familia, que van desde muestras gastron\u00f3micas, talleres, altares y alfombras monumentales, murales, conciertos, t\u00edteres y presentaciones teatrales; lo anterior con artistas locales, talento de casa e invitados especiales en la sede principal que es el <strong>Parque Xcaret,<\/strong> as\u00ed como en el <strong>Hotel Xcaret M\u00e9xico, Hotel Xcaret Arte<\/strong> y en el <strong>Teatro de la Ciudad de Playa del Carmen<\/strong>. La programaci\u00f3n con todos los detalles ser\u00e1 visible a trav\u00e9s del sitio oficial, as\u00ed como la aplicaci\u00f3n Xcaret Events.<\/p>\n\n\n\n<p class=\"wp-block-paragraph\">A continuaci\u00f3n, algunas de ellas: &nbsp;<\/p>\n\n\n\n<p class=\"wp-block-paragraph\"><strong>En el P<\/strong><strong>arque Xcaret<\/strong>:<\/p>\n\n\n\n<ul class=\"wp-block-list\"><li>Este a\u00f1o el gran invitado del festival es Tlaxcala, estado considerado cuna de la naci\u00f3n y mestizaje que nos compartir\u00e1 su riqueza gastron\u00f3mica, artesanal, textil y danc\u00edstica.<\/li><li><strong>Algunas muestras musicales como:<\/strong> \u201cVoces Yuhmu de Ixtenco\u201d del Coro Infantil Otom\u00ed de Tlaxcala.<\/li><li><strong>Exposiciones de los artistas:<\/strong> Ignacio Nezahualc\u00f3yotl y Malena D\u00edaz.<\/li><li><strong>Teatro:<\/strong> \u201cCanek, Leyenda de un H\u00e9roe Maya\u201d de Compa\u00f1\u00eda Luna Morena; \u201cYa me llev\u00f3 la Calaca\u201d de Magia Esc\u00e9nica; y \u201cLa Muerte y el Ma\u00edz\u201d de Erik de Luna.<\/li><li><strong>Conciertos<\/strong>: Astrid Hadad con su espect\u00e1culo \u201cVivir Muriendo\u201d y Ernesto Anaya \u201cDe calacas, sones, muertos y tradiciones\u201d.<\/li><li><strong>Artistas Internacionales: <\/strong>El Contratenor Asael Cuesta de Colombia y la Compa\u00f1\u00eda de teatro \u201cLa Baldufa de Espa\u00f1a.<\/li><li><strong>Artistas de casa: <\/strong>Grupo Xipe Totek, Jugadores de Pelota, Compa\u00f1\u00eda de Danza Xcaret, el Mariachi Femenil, Orquesta T\u00edpica de Cuerdas.&nbsp;&nbsp;<\/li><li><strong>Grupos art\u00edsticos de Zona Maya:<\/strong> Charanga, Ballet Folcl\u00f3rico Tumben Lol, Ensamble Folcl\u00f3rico de Q.Roo JMM y Grupo Ilusi\u00f3n Arte.<\/li><li><strong>La Hacienda Interactiva<\/strong> contar\u00e1 con diferentes talleres para aprender a hacer calaveritas, bordados, dulces t\u00edpicos, escribir como en la \u00e9poca prehisp\u00e1nica o montar una ofrenda.&nbsp;&nbsp;<\/li><li>Con el objetivo de acercar el teatro a diferentes comunidades de Quintana Roo y en alianza con la Fundaci\u00f3n Truperias A.C. se llevar\u00e1 la obra \u201cTrupus Calacus\u201d a diferentes municipios en un circuito de 10 funciones del 3 al 12 de noviembre.<\/li><li>Sin duda, una de las grandes noticias, tras dos a\u00f1os de espera, es el regreso del concierto de gala en el gran Tlachco con la presentaci\u00f3n del proyecto que re\u00fane a dos leyendas de la m\u00fasica nacional: <strong>\u201c<\/strong><strong>TOUR La <\/strong><strong>Vecindad Santanera\u201d<\/strong>, un espect\u00e1culo sin precedentes que har\u00e1 bailar a los asistentes con la fusi\u00f3n de ritmos como danz\u00f3n, mambo, chachach\u00e1 y cumbia, con la fuerza del rock, ska y otras influencias tradicionales de la m\u00fasica mexicana que hacen posible <strong>La Sonora Santanera de Carlos Colorado y, Maldita Vecindad y los Hijos del 5\u00ba Patio.<\/strong><\/li><\/ul>\n\n\n\n<p class=\"wp-block-paragraph\"><strong>En el Hotel Xcaret M\u00e9xico<\/strong>.<\/p>\n\n\n\n<ul class=\"wp-block-list\"><li><strong>Restaurante Ha\u2019<\/strong>: Homenaje a la gastronom\u00eda de Tlaxcala por el <strong>Chef Francisco Molina<\/strong>del restaurante \u201cEvoka\u201d, caracterizado por procurar agregar valor a platillos tradicionales.<\/li><li><strong>Restaurante Mercado de la Merced<\/strong>: Muestra de Cocina Tradicional a manos de <strong>Do\u00f1a Elvia Contreras Becerra<\/strong>, originaria del municipio de Nanacamilpa, perteneciente al grupo Cocineras Manos de Mayahuel de Tlaxcala. <strong><\/strong><\/li><li><strong>Restaurante Las Cuevas<\/strong>: cocinera tradicional de zona maya Rosalinda Maay Poot.<strong><\/strong><\/li><\/ul>\n\n\n\n<p class=\"wp-block-paragraph\"><strong>En el Hotel Xcaret Arte.<\/strong><\/p>\n\n\n\n<ul class=\"wp-block-list\"><li><strong>Restaurante<\/strong> <strong>Kibi Kibi: <\/strong>Men\u00fa del <strong>Chef Iv\u00e1n Fernando del Razo <\/strong>del restaurante \u201cMexko\u201d con la combinaci\u00f3n de t\u00e9cnicas tradicionales, contempor\u00e1neas y de investigaci\u00f3n para mostrar la riqueza gastron\u00f3mica y cultural de Tlaxcala.<strong><\/strong><\/li><li><strong>Restaurante Cantina VI.AI.PY<\/strong>: Cocina Tlaxcalteca a manos del <strong>Chef <\/strong><strong>Andy Salazar L\u00f3pez del restaurante <\/strong>\u201cTequexquite\u201d. Interesado en el desarrollo agrotur\u00edstico y el turismo gastron\u00f3mico de su estado y con el ideal de evolucionar las maneras culinarias de su pueblo natal.<\/li><\/ul>\n","protected":false},"excerpt":{"rendered":"<p>El 16\u00ba Festival de Tradiciones de Vida y Muerte tendr\u00e1 lugar del pr\u00f3ximo 30 de octubre&hellip;<\/p>\n","protected":false},"author":100,"featured_media":51005,"comment_status":"closed","ping_status":"closed","sticky":false,"template":"","format":"standard","meta":{"_acf_changed":false,"_lmt_disableupdate":"","_lmt_disable":"","_mbp_gutenberg_autopost":false,"footnotes":""},"categories":[23],"tags":[],"class_list":["post-51001","post","type-post","status-publish","format-standard","has-post-thumbnail","hentry","category-noticias"],"acf":[],"_links":{"self":[{"href":"https:\/\/l21.mx\/index.php?rest_route=\/wp\/v2\/posts\/51001","targetHints":{"allow":["GET"]}}],"collection":[{"href":"https:\/\/l21.mx\/index.php?rest_route=\/wp\/v2\/posts"}],"about":[{"href":"https:\/\/l21.mx\/index.php?rest_route=\/wp\/v2\/types\/post"}],"author":[{"embeddable":true,"href":"https:\/\/l21.mx\/index.php?rest_route=\/wp\/v2\/users\/100"}],"replies":[{"embeddable":true,"href":"https:\/\/l21.mx\/index.php?rest_route=%2Fwp%2Fv2%2Fcomments&post=51001"}],"version-history":[{"count":0,"href":"https:\/\/l21.mx\/index.php?rest_route=\/wp\/v2\/posts\/51001\/revisions"}],"wp:featuredmedia":[{"embeddable":true,"href":"https:\/\/l21.mx\/index.php?rest_route=\/wp\/v2\/media\/51005"}],"wp:attachment":[{"href":"https:\/\/l21.mx\/index.php?rest_route=%2Fwp%2Fv2%2Fmedia&parent=51001"}],"wp:term":[{"taxonomy":"category","embeddable":true,"href":"https:\/\/l21.mx\/index.php?rest_route=%2Fwp%2Fv2%2Fcategories&post=51001"},{"taxonomy":"post_tag","embeddable":true,"href":"https:\/\/l21.mx\/index.php?rest_route=%2Fwp%2Fv2%2Ftags&post=51001"}],"curies":[{"name":"wp","href":"https:\/\/api.w.org\/{rel}","templated":true}]}}