{"id":51153,"date":"2022-09-02T07:57:09","date_gmt":"2022-09-02T12:57:09","guid":{"rendered":"https:\/\/l21.mx\/?p=51153"},"modified":"2022-09-02T07:57:11","modified_gmt":"2022-09-02T12:57:11","slug":"nueva-historia-para-q-roo","status":"publish","type":"post","link":"https:\/\/l21.mx\/?p=51153","title":{"rendered":"Nueva historia para Q. Roo"},"content":{"rendered":"\n<p class=\"wp-block-paragraph\"><\/p>\n\n\n\n<pre class=\"wp-block-verse\">En el Congreso del Estado, Mara Lezama recibi\u00f3 el Bando Solemne como gobernadora electa; rinde protesta el 25 de septiembre<\/pre>\n\n\n\n<p class=\"wp-block-paragraph\">Mara Lezama Espinosa, gobernadora electa de Quintana Roo, destac\u00f3 que velar\u00e1 por los intereses, el bienestar, el desarrollo y la justicia social de las y los quintanarroenses que le otorgaron su respaldo para estar al frente del Ejecutivo estatal en el periodo 2022-2027, y que fue ratificado por la XVI legislatura al entregarle el Bando Solemne.<\/p>\n\n\n\n<p class=\"wp-block-paragraph\">La diputada Cristina Torres G\u00f3mez, presidenta de la Mesa Directiva, fue la encargada de dar lectura al documento mediante el cual se informa que Mara Lezama ser\u00e1 la gobernadora constitucional, y que rendir\u00e1 protesta ante la Legislatura el 25 de septiembre.<\/p>\n\n\n\n<p class=\"wp-block-paragraph\">Destac\u00f3 que el triunfo hist\u00f3rico y contundente en las urnas el pasado 5 de junio de Mara Lezama, como la primera mujer mandataria en Quintana Roo, abre el camino para las mujeres: \u201ct\u00fa eres la primera, y seguro vendr\u00e1n muchas m\u00e1s\u201d, expres\u00f3.<\/p>\n\n\n\n<p class=\"wp-block-paragraph\">A\u00f1adi\u00f3 que el pasado 5 de junio la democracia dej\u00f3 grabado el nombre de Mara Lezama, y que el Estado dio un paso hacia adelante, al decidir elegir a una mujer para dirigir los destinos de la Entidad.<\/p>\n\n\n\n<p class=\"wp-block-paragraph\">\u201cQuintana Roo eligi\u00f3 hacer historia con una mujer que encarna ideales de lucha, perseverancia y capacidad\u201d, a\u00f1adi\u00f3 Torres G\u00f3mez.<\/p>\n\n\n\n<figure class=\"wp-block-image size-large\"><a href=\"https:\/\/l21.mx\/wp-content\/uploads\/2022\/09\/Mara-en-Congreso-3.jpg\" data-rel=\"penci-gallery-image-content\" ><img fetchpriority=\"high\" decoding=\"async\" width=\"1024\" height=\"676\" src=\"https:\/\/l21.mx\/wp-content\/uploads\/2022\/09\/Mara-en-Congreso-3-1024x676.jpg\" alt=\"\" class=\"wp-image-51081\" srcset=\"https:\/\/l21.mx\/wp-content\/uploads\/2022\/09\/Mara-en-Congreso-3-1024x676.jpg 1024w, https:\/\/l21.mx\/wp-content\/uploads\/2022\/09\/Mara-en-Congreso-3-300x198.jpg 300w, https:\/\/l21.mx\/wp-content\/uploads\/2022\/09\/Mara-en-Congreso-3-768x507.jpg 768w, https:\/\/l21.mx\/wp-content\/uploads\/2022\/09\/Mara-en-Congreso-3-1170x772.jpg 1170w, https:\/\/l21.mx\/wp-content\/uploads\/2022\/09\/Mara-en-Congreso-3-780x516.jpg 780w, https:\/\/l21.mx\/wp-content\/uploads\/2022\/09\/Mara-en-Congreso-3-585x386.jpg 585w, https:\/\/l21.mx\/wp-content\/uploads\/2022\/09\/Mara-en-Congreso-3-263x175.jpg 263w, https:\/\/l21.mx\/wp-content\/uploads\/2022\/09\/Mara-en-Congreso-3.jpg 1500w\" sizes=\"(max-width: 1024px) 100vw, 1024px\" \/><\/a><\/figure>\n\n\n\n<p class=\"wp-block-paragraph\">El decreto que contiene el Bando Solemne deber\u00e1 publicarse en el Peri\u00f3dico Oficial del Estado y ser\u00e1 dado a conocer en todo el territorio estatal mediante la difusi\u00f3n de los poderes Legislativo, Ejecutivo y Judicial, as\u00ed como de los 11 ayuntamientos.<\/p>\n\n\n\n<p class=\"wp-block-paragraph\">Posterior a la lectura del documento, la gobernadora electa, Mara Lezama recibi\u00f3 de manos de Torres G\u00f3mez un ejemplar enmarcado del Bando Solemne.<\/p>\n\n\n\n<p class=\"wp-block-paragraph\"><strong>Respaldo<\/strong><\/p>\n\n\n\n<p class=\"wp-block-paragraph\">A la gobernadora electa le acompa\u00f1aron al recinto legislativo su esposo, Omar Terrazas; y sus hijos, Marita, Omar y Daniel; los presidentes municipales Jensuni Mart\u00ednez, de Oth\u00f3n P. Blanco; Juanita Alonso, de Cozumel; Atenea G\u00f3mez, de Isla Mujeres; Mari Hern\u00e1ndez, de Felipe Carrillo Puerto; Blanca Merari, de Puerto Morelos; Lili Campos, de Solidaridad; Marciano Dzul, de Tulum; Orlando Bellos, de L\u00e1zaro C\u00e1rdenas y Jos\u00e9 Alfredo Contreras, de Bacalar.<\/p>\n\n\n\n<p class=\"wp-block-paragraph\">Tambi\u00e9n los exgobernadores y los diputados electos que integrar\u00e1n la XVII Legislatura, miembros del actual gabinete legal y ampliado, dirigentes de partidos pol\u00edticos en el estado, empresarios y organizaciones civiles y sociales.<\/p>\n\n\n\n<figure class=\"wp-block-image size-large\"><a href=\"https:\/\/l21.mx\/wp-content\/uploads\/2022\/09\/Mara-en-Congreso-2.jpg\" data-rel=\"penci-gallery-image-content\" ><img decoding=\"async\" width=\"1024\" height=\"682\" src=\"https:\/\/l21.mx\/wp-content\/uploads\/2022\/09\/Mara-en-Congreso-2-1024x682.jpg\" alt=\"\" class=\"wp-image-51082\" srcset=\"https:\/\/l21.mx\/wp-content\/uploads\/2022\/09\/Mara-en-Congreso-2-1024x682.jpg 1024w, https:\/\/l21.mx\/wp-content\/uploads\/2022\/09\/Mara-en-Congreso-2-300x200.jpg 300w, https:\/\/l21.mx\/wp-content\/uploads\/2022\/09\/Mara-en-Congreso-2-768x511.jpg 768w, https:\/\/l21.mx\/wp-content\/uploads\/2022\/09\/Mara-en-Congreso-2-1170x779.jpg 1170w, https:\/\/l21.mx\/wp-content\/uploads\/2022\/09\/Mara-en-Congreso-2-585x390.jpg 585w, https:\/\/l21.mx\/wp-content\/uploads\/2022\/09\/Mara-en-Congreso-2-263x175.jpg 263w, https:\/\/l21.mx\/wp-content\/uploads\/2022\/09\/Mara-en-Congreso-2.jpg 1500w\" sizes=\"(max-width: 1024px) 100vw, 1024px\" \/><\/a><\/figure>\n\n\n\n<p class=\"wp-block-paragraph\"><strong><u>:::::::::::::::::::::::<\/u><\/strong><\/p>\n\n\n\n<p class=\"wp-block-paragraph\"><strong>1\u00aa.<\/strong><\/p>\n\n\n\n<p class=\"wp-block-paragraph\">mujer que asume el Ejecutivo estatal en toda su historia; antes que ella, el cargo lo ocuparon ocho hombres, desde Jes\u00fas Mart\u00ednez Ross, en 1975<\/p>\n\n\n\n<p class=\"wp-block-paragraph\"><strong><u>:::::::::::::::::::::::::::<\/u><\/strong><\/p>\n\n\n\n<blockquote class=\"wp-block-quote is-layout-flow wp-block-quote-is-layout-flow\"><p>\u201cQuintana Roo sabe que eligi\u00f3 a una mujer f\u00e9rrea, luchadora contra las desigualdades y que busca tener un solo Quintana Roo, que se podr\u00e1 construir si todos trabajamos en un solo sentido\u201d.<\/p><p><\/p><cite>Cristina Torres G\u00f3mez<br>Presidenta de la Mesa Directiva del Congreso de Q. Roo<\/cite><\/blockquote>\n","protected":false},"excerpt":{"rendered":"<p>En el Congreso del Estado, Mara Lezama recibi\u00f3 el Bando Solemne como gobernadora electa; rinde protesta&hellip;<\/p>\n","protected":false},"author":100,"featured_media":51083,"comment_status":"closed","ping_status":"closed","sticky":false,"template":"","format":"standard","meta":{"_acf_changed":false,"_lmt_disableupdate":"","_lmt_disable":"","_mbp_gutenberg_autopost":false,"footnotes":""},"categories":[23],"tags":[],"class_list":["post-51153","post","type-post","status-publish","format-standard","has-post-thumbnail","hentry","category-noticias"],"acf":[],"_links":{"self":[{"href":"https:\/\/l21.mx\/index.php?rest_route=\/wp\/v2\/posts\/51153","targetHints":{"allow":["GET"]}}],"collection":[{"href":"https:\/\/l21.mx\/index.php?rest_route=\/wp\/v2\/posts"}],"about":[{"href":"https:\/\/l21.mx\/index.php?rest_route=\/wp\/v2\/types\/post"}],"author":[{"embeddable":true,"href":"https:\/\/l21.mx\/index.php?rest_route=\/wp\/v2\/users\/100"}],"replies":[{"embeddable":true,"href":"https:\/\/l21.mx\/index.php?rest_route=%2Fwp%2Fv2%2Fcomments&post=51153"}],"version-history":[{"count":0,"href":"https:\/\/l21.mx\/index.php?rest_route=\/wp\/v2\/posts\/51153\/revisions"}],"wp:featuredmedia":[{"embeddable":true,"href":"https:\/\/l21.mx\/index.php?rest_route=\/wp\/v2\/media\/51083"}],"wp:attachment":[{"href":"https:\/\/l21.mx\/index.php?rest_route=%2Fwp%2Fv2%2Fmedia&parent=51153"}],"wp:term":[{"taxonomy":"category","embeddable":true,"href":"https:\/\/l21.mx\/index.php?rest_route=%2Fwp%2Fv2%2Fcategories&post=51153"},{"taxonomy":"post_tag","embeddable":true,"href":"https:\/\/l21.mx\/index.php?rest_route=%2Fwp%2Fv2%2Ftags&post=51153"}],"curies":[{"name":"wp","href":"https:\/\/api.w.org\/{rel}","templated":true}]}}