{"id":51161,"date":"2022-09-02T08:03:25","date_gmt":"2022-09-02T13:03:25","guid":{"rendered":"https:\/\/l21.mx\/?p=51161"},"modified":"2022-09-02T08:03:43","modified_gmt":"2022-09-02T13:03:43","slug":"bvlgari-lujo-y-personalidad","status":"publish","type":"post","link":"https:\/\/l21.mx\/?p=51161","title":{"rendered":"Bvlgari, lujo y personalidad"},"content":{"rendered":"\n<p class=\"wp-block-paragraph\"><\/p>\n\n\n\n<p class=\"wp-block-paragraph\">Pisando fuerte y con mucho estilo, Bvlgari destac\u00f3 en el Geneva Watch Days&nbsp;2022, donde dio una muestra del regreso del&nbsp;oro rosa&nbsp;y las tonalidades en negro, los cuales sobresalieron como parte de un fascinante juego de elementos contrapuestos que, al combinarse, recrean siluetas inesperadas.<\/p>\n\n\n\n<p class=\"wp-block-paragraph\">Por supuesto, como es su personalidad, la prestigiada manufactura juega con las formas, los colores y los&nbsp;acabados&nbsp;para recrear instantes sublimes en el tiempo.<\/p>\n\n\n\n<p class=\"wp-block-paragraph\">Una de las propuestas que m\u00e1s gust\u00f3 en esta cita de&nbsp;<strong>alta relojer\u00eda<\/strong>&nbsp;es la familia&nbsp;<strong>Octo,<\/strong> que en poco tiempo se ha convertido en un&nbsp;<strong>cl\u00e1sico contempor\u00e1neo,<\/strong>&nbsp;al evocar a la antigua Roma, a trav\u00e9s de sus fuertes&nbsp;<strong>trazos geom\u00e9tricos&nbsp;<\/strong>hexagonales contrastados con la forma redonda del&nbsp;<strong>bisel. Adem\u00e1s, como <\/strong>cumple 10 a\u00f1os, su gama Finissimo se ha ampliado para incluir varias referencias de oro rosa.<\/p>\n\n\n\n<figure class=\"wp-block-image size-large\"><a href=\"https:\/\/l21.mx\/wp-content\/uploads\/2022\/09\/lujo-2.jpg\" data-rel=\"penci-gallery-image-content\" ><img fetchpriority=\"high\" decoding=\"async\" width=\"1024\" height=\"683\" src=\"https:\/\/l21.mx\/wp-content\/uploads\/2022\/09\/lujo-2-1024x683.jpg\" alt=\"\" class=\"wp-image-51076\" srcset=\"https:\/\/l21.mx\/wp-content\/uploads\/2022\/09\/lujo-2-1024x683.jpg 1024w, https:\/\/l21.mx\/wp-content\/uploads\/2022\/09\/lujo-2-300x200.jpg 300w, https:\/\/l21.mx\/wp-content\/uploads\/2022\/09\/lujo-2-768x512.jpg 768w, https:\/\/l21.mx\/wp-content\/uploads\/2022\/09\/lujo-2-1536x1024.jpg 1536w, https:\/\/l21.mx\/wp-content\/uploads\/2022\/09\/lujo-2-1170x780.jpg 1170w, https:\/\/l21.mx\/wp-content\/uploads\/2022\/09\/lujo-2-585x390.jpg 585w, https:\/\/l21.mx\/wp-content\/uploads\/2022\/09\/lujo-2-263x175.jpg 263w, https:\/\/l21.mx\/wp-content\/uploads\/2022\/09\/lujo-2.jpg 1800w\" sizes=\"(max-width: 1024px) 100vw, 1024px\" \/><\/a><\/figure>\n\n\n\n<p class=\"wp-block-paragraph\">Por otro lado, oculto en una&nbsp;<strong>caja de oro rosa satinado<\/strong>&nbsp;de 40 mm de di\u00e1metro, se esconde una de las m\u00e1ximas proezas de la actualidad: un&nbsp;<strong>calibre ultradelgado BVL 199 SK,<\/strong>&nbsp;el cual posee una sorprendente reserva de marcha de 8 d\u00edas. Mientras que la esfera calada revela un<strong>&nbsp;fondo de zafiro.<\/strong>&nbsp;<\/p>\n\n\n\n<p class=\"wp-block-paragraph\">En cuanto a sus creaciones femeninas, present\u00f3 sofisticados contrastes de&nbsp;diamantes y espinelas negras&nbsp;resaltan en un cuerpo ondulado, inspirado en una enigm\u00e1tica&nbsp;serpiente. La audaz referencia deslumbra por su fascinante encanto al remitir con su llamativa silueta a la mitolog\u00eda de este reptil que ha inspirado a Bvlgari desde la d\u00e9cada de 1940.&nbsp;<\/p>\n","protected":false},"excerpt":{"rendered":"<p>Pisando fuerte y con mucho estilo, Bvlgari destac\u00f3 en el Geneva Watch Days&nbsp;2022, donde dio una&hellip;<\/p>\n","protected":false},"author":100,"featured_media":51075,"comment_status":"closed","ping_status":"closed","sticky":false,"template":"","format":"standard","meta":{"_acf_changed":false,"_lmt_disableupdate":"","_lmt_disable":"","_mbp_gutenberg_autopost":false,"footnotes":""},"categories":[487],"tags":[],"class_list":["post-51161","post","type-post","status-publish","format-standard","has-post-thumbnail","hentry","category-lifestyle"],"acf":[],"_links":{"self":[{"href":"https:\/\/l21.mx\/index.php?rest_route=\/wp\/v2\/posts\/51161","targetHints":{"allow":["GET"]}}],"collection":[{"href":"https:\/\/l21.mx\/index.php?rest_route=\/wp\/v2\/posts"}],"about":[{"href":"https:\/\/l21.mx\/index.php?rest_route=\/wp\/v2\/types\/post"}],"author":[{"embeddable":true,"href":"https:\/\/l21.mx\/index.php?rest_route=\/wp\/v2\/users\/100"}],"replies":[{"embeddable":true,"href":"https:\/\/l21.mx\/index.php?rest_route=%2Fwp%2Fv2%2Fcomments&post=51161"}],"version-history":[{"count":0,"href":"https:\/\/l21.mx\/index.php?rest_route=\/wp\/v2\/posts\/51161\/revisions"}],"wp:featuredmedia":[{"embeddable":true,"href":"https:\/\/l21.mx\/index.php?rest_route=\/wp\/v2\/media\/51075"}],"wp:attachment":[{"href":"https:\/\/l21.mx\/index.php?rest_route=%2Fwp%2Fv2%2Fmedia&parent=51161"}],"wp:term":[{"taxonomy":"category","embeddable":true,"href":"https:\/\/l21.mx\/index.php?rest_route=%2Fwp%2Fv2%2Fcategories&post=51161"},{"taxonomy":"post_tag","embeddable":true,"href":"https:\/\/l21.mx\/index.php?rest_route=%2Fwp%2Fv2%2Ftags&post=51161"}],"curies":[{"name":"wp","href":"https:\/\/api.w.org\/{rel}","templated":true}]}}