{"id":51175,"date":"2022-09-24T07:16:29","date_gmt":"2022-09-24T12:16:29","guid":{"rendered":"https:\/\/l21.mx\/?p=51175"},"modified":"2022-09-24T07:16:31","modified_gmt":"2022-09-24T12:16:31","slug":"mara-lezama-presenta-su-gabinete-legal","status":"publish","type":"post","link":"https:\/\/l21.mx\/?p=51175","title":{"rendered":"Mara Lezama presenta su gabinete legal"},"content":{"rendered":"\n<p class=\"wp-block-paragraph\">Presenta Mara Lezama su gabinete legal para la administraci\u00f3n 2022-2027,\u00a0unas horas de asumir como Gobernadora Constitucional del Estado.<\/p>\n\n\n\n<p class=\"wp-block-paragraph\">Durante el acto, la gobernadora electa afirm\u00f3 que la transformaci\u00f3n de la vida p\u00fablica de Quintana Roo comienza hoy.<\/p>\n\n\n\n<p class=\"wp-block-paragraph\">En el Centro de Convenciones, present\u00f3 a las mujeres y hombres que le acompa\u00f1aran&nbsp;\u201cen&nbsp;la responsabilidad m\u00e1s grande que la vida me ha permitido\u201d.<\/p>\n\n\n\n<p class=\"wp-block-paragraph\">La Gobernadora electa les pidi\u00f3 presentar su declaraci\u00f3n 3 de 3 como parte de un ejercicio de transparencia.<\/p>\n\n\n\n<p class=\"wp-block-paragraph\">Porque&nbsp;la vocaci\u00f3n de los gobiernos de la 4T se fundamenta en la transparencia y el combate a la corrupci\u00f3n.<\/p>\n\n\n\n<p class=\"wp-block-paragraph\">Adem\u00e1s de los principios de no mentir, no robar y no traicionar, dijo, a horas de convertirse en Gobernadora Constitucional.<\/p>\n\n\n\n<p class=\"wp-block-paragraph\">Mara&nbsp;Lezama presenta su gabinete legal&nbsp;y les pide&nbsp;servir con eficiencia y eficacia, siempre basados en la legalidad &nbsp;y la honestidad con el pueblo.<\/p>\n\n\n\n<p class=\"wp-block-paragraph\">Tambi\u00e9n, la Gobernadora electa&nbsp;les pidi\u00f3&nbsp;\u201cno traicionar al pueblo de Quintana Roo que es quien nos otorg\u00f3 el gran honor de servirle\u201d, enfatiz\u00f3.<\/p>\n\n\n\n<p class=\"wp-block-paragraph\">Adem\u00e1s, aclar\u00f3 que no ser\u00e1n funcionarios de escritorio sino de territorio, que den resultados y est\u00e9n sometidos a la evaluaci\u00f3n del pueblo de Quintana Roo.<\/p>\n\n\n\n<p class=\"wp-block-paragraph\">El gabinete legal est\u00e1 integrado por Mar\u00eda Cristina Torres G\u00f3mez, en la Secretar\u00eda de Gobierno; Manelich Castilla Cravioto, en la Secretar\u00eda de Seguridad P\u00fablica.<\/p>\n\n\n\n<p class=\"wp-block-paragraph\">Tambi\u00e9n, Eugenio Segura V\u00e1zquez, Secretar\u00eda de Planeaci\u00f3n y Finanzas (Sefiplan); Bernardo Cueto Riesta, Secretar\u00eda de Turismo; Karla Mar\u00eda Almanza L\u00f3pez, Secretar\u00eda de Econom\u00eda.<\/p>\n\n\n\n<p class=\"wp-block-paragraph\">Adem\u00e1s, Carlos Manuel Gorocica Moreno, Secretar\u00eda de Educaci\u00f3n; Iraz\u00fa Marisol Sarabia, Secretar\u00eda de Obras P\u00fablicas.<\/p>\n\n\n\n<p class=\"wp-block-paragraph\">Flavio Carlos Rosado, Secretar\u00eda de Salud; Luis Pablo Bustamante, Secretar\u00eda de Desarrollo Social; Armando Lara de Nigris, Secretar\u00eda de Desarrollo Territorial Urbano Sustentable (Sedetus).<\/p>\n\n\n\n<p class=\"wp-block-paragraph\">As\u00ed como Linda Saray Cobos Castro, Secretar\u00eda de Desarrollo Agropecuario, Rural y Pesca; Josefina Huguette Hern\u00e1ndez G\u00f3mez, Secretar\u00eda de Ecolog\u00eda y Medio Ambiente.<\/p>\n\n\n\n<p class=\"wp-block-paragraph\">Finalmente, Flor Ruiz Cosio, Secretar\u00eda de Trabajo y Previsi\u00f3n Social, as\u00ed como Alma Alvarado en el Instituto Quintanarroense de la Juventud.<\/p>\n","protected":false},"excerpt":{"rendered":"<p>Presenta Mara Lezama su gabinete legal para la administraci\u00f3n 2022-2027,\u00a0unas horas de asumir como Gobernadora Constitucional&hellip;<\/p>\n","protected":false},"author":100,"featured_media":51176,"comment_status":"closed","ping_status":"closed","sticky":false,"template":"","format":"standard","meta":{"_acf_changed":false,"_lmt_disableupdate":"","_lmt_disable":"","_mbp_gutenberg_autopost":false,"footnotes":""},"categories":[23],"tags":[],"class_list":["post-51175","post","type-post","status-publish","format-standard","has-post-thumbnail","hentry","category-noticias"],"acf":[],"_links":{"self":[{"href":"https:\/\/l21.mx\/index.php?rest_route=\/wp\/v2\/posts\/51175","targetHints":{"allow":["GET"]}}],"collection":[{"href":"https:\/\/l21.mx\/index.php?rest_route=\/wp\/v2\/posts"}],"about":[{"href":"https:\/\/l21.mx\/index.php?rest_route=\/wp\/v2\/types\/post"}],"author":[{"embeddable":true,"href":"https:\/\/l21.mx\/index.php?rest_route=\/wp\/v2\/users\/100"}],"replies":[{"embeddable":true,"href":"https:\/\/l21.mx\/index.php?rest_route=%2Fwp%2Fv2%2Fcomments&post=51175"}],"version-history":[{"count":0,"href":"https:\/\/l21.mx\/index.php?rest_route=\/wp\/v2\/posts\/51175\/revisions"}],"wp:featuredmedia":[{"embeddable":true,"href":"https:\/\/l21.mx\/index.php?rest_route=\/wp\/v2\/media\/51176"}],"wp:attachment":[{"href":"https:\/\/l21.mx\/index.php?rest_route=%2Fwp%2Fv2%2Fmedia&parent=51175"}],"wp:term":[{"taxonomy":"category","embeddable":true,"href":"https:\/\/l21.mx\/index.php?rest_route=%2Fwp%2Fv2%2Fcategories&post=51175"},{"taxonomy":"post_tag","embeddable":true,"href":"https:\/\/l21.mx\/index.php?rest_route=%2Fwp%2Fv2%2Ftags&post=51175"}],"curies":[{"name":"wp","href":"https:\/\/api.w.org\/{rel}","templated":true}]}}