{"id":51199,"date":"2022-10-01T09:55:00","date_gmt":"2022-10-01T14:55:00","guid":{"rendered":"https:\/\/l21.mx\/?p=51199"},"modified":"2022-10-01T09:55:23","modified_gmt":"2022-10-01T14:55:23","slug":"egoismo-bien-comun","status":"publish","type":"post","link":"https:\/\/l21.mx\/?p=51199","title":{"rendered":"Ego\u00edsmo, \u00bfBien com\u00fan?"},"content":{"rendered":"\n<p class=\"wp-block-paragraph\"><\/p>\n\n\n\n<p class=\"wp-block-paragraph\">Los seres humanos somos sumamente ego\u00edstas, poco emp\u00e1ticos con nuestros cong\u00e9neres, y adem\u00e1s, a veces hacemos cosas irracionales que nos afectan directamente, pero creyendo firmemente que no es as\u00ed. &nbsp;<\/p>\n\n\n\n<p class=\"wp-block-paragraph\">Ejemplo:&nbsp; sacamos la basura a la calle en la ma\u00f1ana y la dejamos en la acera; ya no est\u00e1 dentro de mi casa, ya no es mi problema, \u00bfNo? Un perro abri\u00f3 la bolsa y esparci\u00f3 el contenido; si vives dentro de un fraccionamiento es seguro que ya lo hayan limpiado; si no es as\u00ed, seguramente pas\u00f3 el cami\u00f3n, se llev\u00f3 la bolsa a la mitad, lo que qued\u00f3 sali\u00f3 volando y lo otro se descompuso en el pavimento.&nbsp;<\/p>\n\n\n\n<p class=\"wp-block-paragraph\">En el caso del fraccionamiento, le di m\u00e1s trabajo a la gente de limpieza, que no pudieron atender otras \u00e1reas, as\u00ed que mis costos de mantenimiento subir\u00e1n. En el caso de la acera, se tap\u00f3 la coladera y se va a inundar el \u00e1rea en las pr\u00f3ximas lluvias, adem\u00e1s de que la suciedad afecta la salud y la imagen p\u00fablica. &nbsp;<\/p>\n\n\n\n<p class=\"wp-block-paragraph\">Esa es nuestra naturaleza, repetimos una y otra vez esos comportamientos individualistas. Estos ego\u00edsmos tambi\u00e9n pueden acomodarse en grupos, lo que genera guerras, persecuciones \u00e9tnicas y religiosas. En nuestro pa\u00eds hemos visto ese actuar convertido primero en partidos pol\u00edticos; hoy, en una clasificaci\u00f3n clasista de buenos y malos.<\/p>\n\n\n\n<p class=\"wp-block-paragraph\">Sin embargo, lo que nos ocupa en estas peque\u00f1as l\u00edneas es la situaci\u00f3n de nuestro estado; lleg\u00f3 un cambio de gobernador, lo que nos lleva a cambios en el gabinete, falta de continuidad de proyectos buenos y malos tambi\u00e9n. Pero s\u00f3lo espero, y es un humilde llamado a todos los involucrados en este cambio, a que dejen de lado pensamientos individualistas, partidistas y sobre todo de ganancia personal. Si al menos, e imaginando porcentajes, redujeran ego\u00edsmos en un 20%, podr\u00edamos incrementar la eficacia de un sistema gubernamental de transici\u00f3n, casi, en ese mismo porcentaje (ok, ok, denme chance con mi optimismo).&nbsp;<\/p>\n\n\n\n<p class=\"wp-block-paragraph\">Tenemos un estado con much\u00edsimos beneficios, a\u00fan en crecimiento. Uno de nuestros objetivos primarios es cuidar la naturaleza, les recuerdo que la mayor\u00eda de las empresas y empleos del estado est\u00e1n relacionados con el turismo; si no cuidamos nuestro producto principal de venta\u2026 \u00bfQu\u00e9 venderemos ma\u00f1ana?<\/p>\n\n\n\n<p class=\"wp-block-paragraph\">Otro objetivo es establecer un entorno de confianza y seguridad para que se siga invirtiendo; la seguridad p\u00fablica es vital para lograrlo.&nbsp;<\/p>\n\n\n\n<p class=\"wp-block-paragraph\">Hacer un gobierno eficiente que apoye a los municipios y viceversa. Como mujer me gustar\u00eda pensar que al tener mujeres a la cabeza se da la oportunidad de demostrar que las cosas pueden ser emp\u00e1ticas para todos; no gobiernen intentando imitar el entorno masculino hist\u00f3rico predominante. H\u00e1ganlo con el punto de vista femenino, qui\u00e9n sabe, a lo mejor nos llevamos una sorpresa positiva que siente las bases para cambiar paradigmas.<\/p>\n","protected":false},"excerpt":{"rendered":"<p>Los seres humanos somos sumamente ego\u00edstas, poco emp\u00e1ticos con nuestros cong\u00e9neres, y adem\u00e1s, a veces hacemos&hellip;<\/p>\n","protected":false},"author":100,"featured_media":49544,"comment_status":"closed","ping_status":"closed","sticky":false,"template":"","format":"standard","meta":{"_acf_changed":false,"_lmt_disableupdate":"","_lmt_disable":"","_mbp_gutenberg_autopost":false,"footnotes":""},"categories":[486],"tags":[],"class_list":["post-51199","post","type-post","status-publish","format-standard","has-post-thumbnail","hentry","category-inna-german"],"acf":[],"_links":{"self":[{"href":"https:\/\/l21.mx\/index.php?rest_route=\/wp\/v2\/posts\/51199","targetHints":{"allow":["GET"]}}],"collection":[{"href":"https:\/\/l21.mx\/index.php?rest_route=\/wp\/v2\/posts"}],"about":[{"href":"https:\/\/l21.mx\/index.php?rest_route=\/wp\/v2\/types\/post"}],"author":[{"embeddable":true,"href":"https:\/\/l21.mx\/index.php?rest_route=\/wp\/v2\/users\/100"}],"replies":[{"embeddable":true,"href":"https:\/\/l21.mx\/index.php?rest_route=%2Fwp%2Fv2%2Fcomments&post=51199"}],"version-history":[{"count":0,"href":"https:\/\/l21.mx\/index.php?rest_route=\/wp\/v2\/posts\/51199\/revisions"}],"wp:featuredmedia":[{"embeddable":true,"href":"https:\/\/l21.mx\/index.php?rest_route=\/wp\/v2\/media\/49544"}],"wp:attachment":[{"href":"https:\/\/l21.mx\/index.php?rest_route=%2Fwp%2Fv2%2Fmedia&parent=51199"}],"wp:term":[{"taxonomy":"category","embeddable":true,"href":"https:\/\/l21.mx\/index.php?rest_route=%2Fwp%2Fv2%2Fcategories&post=51199"},{"taxonomy":"post_tag","embeddable":true,"href":"https:\/\/l21.mx\/index.php?rest_route=%2Fwp%2Fv2%2Ftags&post=51199"}],"curies":[{"name":"wp","href":"https:\/\/api.w.org\/{rel}","templated":true}]}}