{"id":51399,"date":"2022-09-03T11:09:00","date_gmt":"2022-09-03T16:09:00","guid":{"rendered":"https:\/\/l21.mx\/?p=51399"},"modified":"2022-10-13T11:15:10","modified_gmt":"2022-10-13T16:15:10","slug":"en-solidaridad-apoyan-la-economia-familiar-en-el-regreso-a-clases","status":"publish","type":"post","link":"https:\/\/l21.mx\/?p=51399","title":{"rendered":"En Solidaridad apoyan la econom\u00eda familiar en el regreso a clases"},"content":{"rendered":"\n<p class=\"wp-block-paragraph\">Playa del Carmen, Solidaridad, 3 de septiembre de 2022<\/p>\n\n\n\n<p class=\"wp-block-paragraph\">Padres de familia, con lista de \u00fatiles en mano, abarrotaron la Feria de Regreso a Clases 2022 que la presidenta Lili Campos en coordinaci\u00f3n con la C\u00e1mara Nacional de Comercio Servitur Playa del Carmen, les acerc\u00f3 en el segundo parque de Villas del Sol, La Guadalupana y Puerto Aventuras, en apoyo a la econom\u00eda familiar.<\/p>\n\n\n\n<p class=\"wp-block-paragraph\">Adem\u00e1s, tuvieron facilidades para obtener actas de nacimiento, cortes de cabello, certificados m\u00e9dicos, optometrista y, en esta ocasi\u00f3n, se sum\u00f3 a los servicios, qu\u00edmica sangu\u00ednea gratuita, proporcionados por dependencias del Ayuntamiento.<\/p>\n\n\n\n<figure class=\"wp-block-image size-full\"><a href=\"https:\/\/l21.mx\/wp-content\/uploads\/2022\/10\/libros.jpg\" data-rel=\"penci-gallery-image-content\" ><img fetchpriority=\"high\" decoding=\"async\" width=\"660\" height=\"466\" src=\"https:\/\/l21.mx\/wp-content\/uploads\/2022\/10\/libros.jpg\" alt=\"\" class=\"wp-image-51400\" srcset=\"https:\/\/l21.mx\/wp-content\/uploads\/2022\/10\/libros.jpg 660w, https:\/\/l21.mx\/wp-content\/uploads\/2022\/10\/libros-300x212.jpg 300w, https:\/\/l21.mx\/wp-content\/uploads\/2022\/10\/libros-585x413.jpg 585w\" sizes=\"(max-width: 660px) 100vw, 660px\" \/><\/a><\/figure>\n\n\n\n<p class=\"wp-block-paragraph\">En apoyo coordinado, se reuni\u00f3 a microempresarios quienes ofertaron sus productos con descuentos desde el 10, hasta el 30 por ciento, \u00e9sto de acuerdo con el secretario de Desarrollo Econ\u00f3mico y de Atracci\u00f3n de Inversiones Ra\u00fal Alejandro Aguilar Acosta.<\/p>\n\n\n\n<p class=\"wp-block-paragraph\">La Feria tuvo un horario de 10 de la ma\u00f1ana a cinco de la tarde, en donde hubo \u00fatiles escolares, mochilas, material did\u00e1ctico, loncheras, estucheras, zapatos, novedades y uniformes.<\/p>\n","protected":false},"excerpt":{"rendered":"<p>Playa del Carmen, Solidaridad, 3 de septiembre de 2022 Padres de familia, con lista de \u00fatiles&hellip;<\/p>\n","protected":false},"author":100,"featured_media":51401,"comment_status":"closed","ping_status":"closed","sticky":false,"template":"","format":"standard","meta":{"_acf_changed":false,"_lmt_disableupdate":"","_lmt_disable":"","_mbp_gutenberg_autopost":false,"footnotes":""},"categories":[23,1654],"tags":[],"class_list":["post-51399","post","type-post","status-publish","format-standard","has-post-thumbnail","hentry","category-noticias","category-solidaridad"],"acf":[],"_links":{"self":[{"href":"https:\/\/l21.mx\/index.php?rest_route=\/wp\/v2\/posts\/51399","targetHints":{"allow":["GET"]}}],"collection":[{"href":"https:\/\/l21.mx\/index.php?rest_route=\/wp\/v2\/posts"}],"about":[{"href":"https:\/\/l21.mx\/index.php?rest_route=\/wp\/v2\/types\/post"}],"author":[{"embeddable":true,"href":"https:\/\/l21.mx\/index.php?rest_route=\/wp\/v2\/users\/100"}],"replies":[{"embeddable":true,"href":"https:\/\/l21.mx\/index.php?rest_route=%2Fwp%2Fv2%2Fcomments&post=51399"}],"version-history":[{"count":0,"href":"https:\/\/l21.mx\/index.php?rest_route=\/wp\/v2\/posts\/51399\/revisions"}],"wp:featuredmedia":[{"embeddable":true,"href":"https:\/\/l21.mx\/index.php?rest_route=\/wp\/v2\/media\/51401"}],"wp:attachment":[{"href":"https:\/\/l21.mx\/index.php?rest_route=%2Fwp%2Fv2%2Fmedia&parent=51399"}],"wp:term":[{"taxonomy":"category","embeddable":true,"href":"https:\/\/l21.mx\/index.php?rest_route=%2Fwp%2Fv2%2Fcategories&post=51399"},{"taxonomy":"post_tag","embeddable":true,"href":"https:\/\/l21.mx\/index.php?rest_route=%2Fwp%2Fv2%2Ftags&post=51399"}],"curies":[{"name":"wp","href":"https:\/\/api.w.org\/{rel}","templated":true}]}}