{"id":51409,"date":"2022-09-06T11:20:46","date_gmt":"2022-09-06T16:20:46","guid":{"rendered":"https:\/\/l21.mx\/?p=51409"},"modified":"2022-10-13T11:21:09","modified_gmt":"2022-10-13T16:21:09","slug":"apoyan-en-solidaridad-la-reactivacion-economica-de-pymes","status":"publish","type":"post","link":"https:\/\/l21.mx\/?p=51409","title":{"rendered":"Apoyan en Solidaridad la reactivaci\u00f3n econ\u00f3mica de PyMES"},"content":{"rendered":"\n<p class=\"wp-block-paragraph\"><\/p>\n\n\n\n<p class=\"wp-block-paragraph\">Playa del Carmen, Solidaridad, 6 de septiembre de 2022<\/p>\n\n\n\n<p class=\"wp-block-paragraph\">Con la finalidad de impulsar la econom\u00eda de las peque\u00f1as y medianas empresas, el gobierno municipal que encabeza la presidenta Lili Campos en coordinaci\u00f3n con la Secretar\u00eda de Desarrollo Econ\u00f3mico y Atracci\u00f3n de Inversiones, realizar\u00e1 un congreso empresarial los d\u00edas 12 y 13 de septiembre.<\/p>\n\n\n\n<p class=\"wp-block-paragraph\">En rueda de prensa, el secretario de Desarrollo Econ\u00f3mico y Atracci\u00f3n de Inversiones Ra\u00fal Aguilar Acosta destac\u00f3 que en este congreso -a realizarse en el Teatro de la Ciudad-, estar\u00e1n ponentes como Tito G\u00e1lvez, Alejandro Obreg\u00f3n, Misael L\u00f3pez, entre otros, quienes tienen que ver con las ventas y marcas personales. Mencion\u00f3 que tendr\u00e1 una cuota de recuperaci\u00f3n de 750 pesos.<\/p>\n\n\n\n<p class=\"wp-block-paragraph\">\u201cDespu\u00e9s de dos a\u00f1os de confinamiento se va a realizar este congreso en apoyo de los empresarios que estamos ante una reactivaci\u00f3n econ\u00f3mica; por ello es importante la realizaci\u00f3n de este tipo de eventos en el municipio, de empresarios para empresarios\u201d, puntualiz\u00f3 Aguilar Acosta.<\/p>\n\n\n\n<p class=\"wp-block-paragraph\">Para finalizar, Andr\u00e9s Garc\u00eda, director de Business Network International (BNI) Regional Quintana Roo destac\u00f3 que es una organizaci\u00f3n de marketing por recomendaci\u00f3n, ayuda a peque\u00f1as y medianas empresas a que consigan m\u00e1s clientes. Actualmente est\u00e1n en 74 pa\u00edses y alberga a m\u00e1s de 290 mil empresas.<\/p>\n","protected":false},"excerpt":{"rendered":"<p>Playa del Carmen, Solidaridad, 6 de septiembre de 2022 Con la finalidad de impulsar la econom\u00eda&hellip;<\/p>\n","protected":false},"author":100,"featured_media":51410,"comment_status":"closed","ping_status":"closed","sticky":false,"template":"","format":"standard","meta":{"_acf_changed":false,"_lmt_disableupdate":"","_lmt_disable":"","_mbp_gutenberg_autopost":false,"footnotes":""},"categories":[23,1654],"tags":[],"class_list":["post-51409","post","type-post","status-publish","format-standard","has-post-thumbnail","hentry","category-noticias","category-solidaridad"],"acf":[],"_links":{"self":[{"href":"https:\/\/l21.mx\/index.php?rest_route=\/wp\/v2\/posts\/51409","targetHints":{"allow":["GET"]}}],"collection":[{"href":"https:\/\/l21.mx\/index.php?rest_route=\/wp\/v2\/posts"}],"about":[{"href":"https:\/\/l21.mx\/index.php?rest_route=\/wp\/v2\/types\/post"}],"author":[{"embeddable":true,"href":"https:\/\/l21.mx\/index.php?rest_route=\/wp\/v2\/users\/100"}],"replies":[{"embeddable":true,"href":"https:\/\/l21.mx\/index.php?rest_route=%2Fwp%2Fv2%2Fcomments&post=51409"}],"version-history":[{"count":0,"href":"https:\/\/l21.mx\/index.php?rest_route=\/wp\/v2\/posts\/51409\/revisions"}],"wp:featuredmedia":[{"embeddable":true,"href":"https:\/\/l21.mx\/index.php?rest_route=\/wp\/v2\/media\/51410"}],"wp:attachment":[{"href":"https:\/\/l21.mx\/index.php?rest_route=%2Fwp%2Fv2%2Fmedia&parent=51409"}],"wp:term":[{"taxonomy":"category","embeddable":true,"href":"https:\/\/l21.mx\/index.php?rest_route=%2Fwp%2Fv2%2Fcategories&post=51409"},{"taxonomy":"post_tag","embeddable":true,"href":"https:\/\/l21.mx\/index.php?rest_route=%2Fwp%2Fv2%2Ftags&post=51409"}],"curies":[{"name":"wp","href":"https:\/\/api.w.org\/{rel}","templated":true}]}}