{"id":51418,"date":"2022-09-09T11:28:01","date_gmt":"2022-09-09T16:28:01","guid":{"rendered":"https:\/\/l21.mx\/?p=51418"},"modified":"2022-10-13T11:28:23","modified_gmt":"2022-10-13T16:28:23","slug":"promueven-en-solidaridad-empleo-para-personas-con-discapacidad","status":"publish","type":"post","link":"https:\/\/l21.mx\/?p=51418","title":{"rendered":"Promueven en Solidaridad empleo para personas con discapacidad"},"content":{"rendered":"\n<p class=\"wp-block-paragraph\">Playa del Carmen, Solidaridad, 9 de septiembre de 2022<\/p>\n\n\n\n<p class=\"wp-block-paragraph\">Este gobierno municipal, que encabeza la presidenta Lili Campos, est\u00e1 comprometido con el tema de la inclusi\u00f3n social, es por ello que se realiz\u00f3 en la Plaza 28 de Julio, la 3era Feria Inclusiva, a cargo de la Unidad de Atenci\u00f3n a Personas con Discapacidad y de la Tercera Edad.<\/p>\n\n\n\n<p class=\"wp-block-paragraph\">Dagoberto Olgu\u00edn P\u00e9rez, titular de dicha unidad, destac\u00f3 que en esta Feria del Empleo Inclusiva participaron 20 empresas con 339 vacantes para personas con discapacidad y de la tercera edad. A\u00f1adi\u00f3 que el mismo ayuntamiento es inclusivo, pues hay alrededor de 50 personas con discapacidad trabajando en este gobierno municipal; adem\u00e1s, se tiene una bolsa de trabajo permanente que maneja la coordinaci\u00f3n de trabajo.<\/p>\n\n\n\n<figure class=\"wp-block-image size-large\"><a href=\"https:\/\/l21.mx\/wp-content\/uploads\/2022\/10\/3-2.jpg\" data-rel=\"penci-gallery-image-content\" ><img fetchpriority=\"high\" decoding=\"async\" width=\"1024\" height=\"698\" src=\"https:\/\/l21.mx\/wp-content\/uploads\/2022\/10\/3-2-1024x698.jpg\" alt=\"\" class=\"wp-image-51420\" srcset=\"https:\/\/l21.mx\/wp-content\/uploads\/2022\/10\/3-2-1024x698.jpg 1024w, https:\/\/l21.mx\/wp-content\/uploads\/2022\/10\/3-2-300x204.jpg 300w, https:\/\/l21.mx\/wp-content\/uploads\/2022\/10\/3-2-768x523.jpg 768w, https:\/\/l21.mx\/wp-content\/uploads\/2022\/10\/3-2-1170x797.jpg 1170w, https:\/\/l21.mx\/wp-content\/uploads\/2022\/10\/3-2-585x399.jpg 585w, https:\/\/l21.mx\/wp-content\/uploads\/2022\/10\/3-2.jpg 1280w\" sizes=\"(max-width: 1024px) 100vw, 1024px\" \/><\/a><\/figure>\n\n\n\n<p class=\"wp-block-paragraph\">\u201cDe las primeras dos ferias, tenemos ya cerca de 80 personas con un empleo fijo, por lo que para nosotros es importante seguir trabajando e impulsar estas acciones. Como gobierno y por instrucci\u00f3n de la presidenta Lili Campos, es importante fortalecer la inclusi\u00f3n laboral. Nos da orgullo decir que somos el \u00fanico municipio en el que trabajamos de forma integral en este tema\u201d, concluy\u00f3.<\/p>\n\n\n\n<figure class=\"wp-block-image size-large\"><a href=\"https:\/\/l21.mx\/wp-content\/uploads\/2022\/10\/2-4.jpg\" data-rel=\"penci-gallery-image-content\" ><img decoding=\"async\" width=\"1024\" height=\"682\" src=\"https:\/\/l21.mx\/wp-content\/uploads\/2022\/10\/2-4-1024x682.jpg\" alt=\"\" class=\"wp-image-51419\" srcset=\"https:\/\/l21.mx\/wp-content\/uploads\/2022\/10\/2-4-1024x682.jpg 1024w, https:\/\/l21.mx\/wp-content\/uploads\/2022\/10\/2-4-300x200.jpg 300w, https:\/\/l21.mx\/wp-content\/uploads\/2022\/10\/2-4-768x512.jpg 768w, https:\/\/l21.mx\/wp-content\/uploads\/2022\/10\/2-4-1170x780.jpg 1170w, https:\/\/l21.mx\/wp-content\/uploads\/2022\/10\/2-4-585x390.jpg 585w, https:\/\/l21.mx\/wp-content\/uploads\/2022\/10\/2-4-263x175.jpg 263w, https:\/\/l21.mx\/wp-content\/uploads\/2022\/10\/2-4.jpg 1280w\" sizes=\"(max-width: 1024px) 100vw, 1024px\" \/><\/a><\/figure>\n","protected":false},"excerpt":{"rendered":"<p>Playa del Carmen, Solidaridad, 9 de septiembre de 2022 Este gobierno municipal, que encabeza la presidenta&hellip;<\/p>\n","protected":false},"author":100,"featured_media":51421,"comment_status":"closed","ping_status":"closed","sticky":false,"template":"","format":"standard","meta":{"_acf_changed":false,"_lmt_disableupdate":"","_lmt_disable":"","_mbp_gutenberg_autopost":false,"footnotes":""},"categories":[1654],"tags":[],"class_list":["post-51418","post","type-post","status-publish","format-standard","has-post-thumbnail","hentry","category-solidaridad"],"acf":[],"_links":{"self":[{"href":"https:\/\/l21.mx\/index.php?rest_route=\/wp\/v2\/posts\/51418","targetHints":{"allow":["GET"]}}],"collection":[{"href":"https:\/\/l21.mx\/index.php?rest_route=\/wp\/v2\/posts"}],"about":[{"href":"https:\/\/l21.mx\/index.php?rest_route=\/wp\/v2\/types\/post"}],"author":[{"embeddable":true,"href":"https:\/\/l21.mx\/index.php?rest_route=\/wp\/v2\/users\/100"}],"replies":[{"embeddable":true,"href":"https:\/\/l21.mx\/index.php?rest_route=%2Fwp%2Fv2%2Fcomments&post=51418"}],"version-history":[{"count":0,"href":"https:\/\/l21.mx\/index.php?rest_route=\/wp\/v2\/posts\/51418\/revisions"}],"wp:featuredmedia":[{"embeddable":true,"href":"https:\/\/l21.mx\/index.php?rest_route=\/wp\/v2\/media\/51421"}],"wp:attachment":[{"href":"https:\/\/l21.mx\/index.php?rest_route=%2Fwp%2Fv2%2Fmedia&parent=51418"}],"wp:term":[{"taxonomy":"category","embeddable":true,"href":"https:\/\/l21.mx\/index.php?rest_route=%2Fwp%2Fv2%2Fcategories&post=51418"},{"taxonomy":"post_tag","embeddable":true,"href":"https:\/\/l21.mx\/index.php?rest_route=%2Fwp%2Fv2%2Ftags&post=51418"}],"curies":[{"name":"wp","href":"https:\/\/api.w.org\/{rel}","templated":true}]}}