{"id":51437,"date":"2022-09-20T11:40:47","date_gmt":"2022-09-20T16:40:47","guid":{"rendered":"https:\/\/l21.mx\/?p=51437"},"modified":"2022-10-13T11:41:11","modified_gmt":"2022-10-13T16:41:11","slug":"inauguran-el-cuarto-punto-violeta-en-solidaridad","status":"publish","type":"post","link":"https:\/\/l21.mx\/?p=51437","title":{"rendered":"Inauguran el cuarto punto violeta en Solidaridad"},"content":{"rendered":"\n<p class=\"wp-block-paragraph\"><\/p>\n\n\n\n<p class=\"wp-block-paragraph\">Playa del Carmen, Solidaridad, 20 de septiembre de 2022<\/p>\n\n\n\n<p class=\"wp-block-paragraph\">La presidenta Lili Campos en compa\u00f1\u00eda de autoridades estatales y municipales cort\u00f3 el list\u00f3n inaugural del cuarto Punto Violeta, ubicado en la colonia Nict\u00e9 H\u00e1, establecido de acuerdo al mapa de calor y la alta incidencia de maltrato familiar.<\/p>\n\n\n\n<figure class=\"wp-block-image size-full\"><a href=\"https:\/\/l21.mx\/wp-content\/uploads\/2022\/10\/1-9.jpg\" data-rel=\"penci-gallery-image-content\" ><img fetchpriority=\"high\" decoding=\"async\" width=\"660\" height=\"466\" src=\"https:\/\/l21.mx\/wp-content\/uploads\/2022\/10\/1-9.jpg\" alt=\"\" class=\"wp-image-51440\" srcset=\"https:\/\/l21.mx\/wp-content\/uploads\/2022\/10\/1-9.jpg 660w, https:\/\/l21.mx\/wp-content\/uploads\/2022\/10\/1-9-300x212.jpg 300w, https:\/\/l21.mx\/wp-content\/uploads\/2022\/10\/1-9-585x413.jpg 585w\" sizes=\"(max-width: 660px) 100vw, 660px\" \/><\/a><\/figure>\n\n\n\n<p class=\"wp-block-paragraph\">Posteriormente, la edil municipal firm\u00f3 el convenio de colaboraci\u00f3n con el Instituto Quintanarroense de la mujer (IQM) e Instituto de las Mujeres de Solidaridad, representados por Silvia Dami\u00e1n L\u00f3pez y Lenny Hau Cruz, respectivamente, a fin de contar con m\u00e1s unidades de atenci\u00f3n integradas por un equipo multidisciplinario que identifique, atienda, canalice y de seguimiento a cada caso, con el objetivo de eliminar la alerta de g\u00e9nero en Solidaridad.<\/p>\n\n\n\n<p class=\"wp-block-paragraph\">Lili Campos afirm\u00f3 que los Puntos Violeta, ubicados en la colonia Colosio, 28 de julio y Villamar II, han brindado m\u00e1s de 300 servicios, pero no s\u00f3lo a mujeres que lo solicitaron, tambi\u00e9n a hijos e hijas que sufren las repercusiones de maltrato. \u201cQuiero decirles que en breve vamos a inaugurar el n\u00famero 5 y, vamos a poner la primera piedra del Centro de Justicia para Mujeres, que concentrar\u00e1 dependencias como el instituto de la mujer, poder judicial, fiscal\u00eda general, entre otras.<\/p>\n\n\n\n<p class=\"wp-block-paragraph\">La titular del IQM, Silvia Dami\u00e1n reconoci\u00f3 el compromiso de Lili Campos en procurar justicia para las mujeres, desde que era diputada y ahora como presidenta municipal. \u201cReconozco tu trabajo, la importancia que le das a los temas y la pasi\u00f3n por atender la alerta de g\u00e9nero para mejorar la vida de las mujeres solidarenses y garantizar sus derechos\u201d.<\/p>\n\n\n\n<figure class=\"wp-block-image size-large\"><a href=\"https:\/\/l21.mx\/wp-content\/uploads\/2022\/10\/3-5.jpg\" data-rel=\"penci-gallery-image-content\" ><img decoding=\"async\" width=\"1024\" height=\"682\" src=\"https:\/\/l21.mx\/wp-content\/uploads\/2022\/10\/3-5-1024x682.jpg\" alt=\"\" class=\"wp-image-51439\" srcset=\"https:\/\/l21.mx\/wp-content\/uploads\/2022\/10\/3-5-1024x682.jpg 1024w, https:\/\/l21.mx\/wp-content\/uploads\/2022\/10\/3-5-300x200.jpg 300w, https:\/\/l21.mx\/wp-content\/uploads\/2022\/10\/3-5-768x512.jpg 768w, https:\/\/l21.mx\/wp-content\/uploads\/2022\/10\/3-5-1170x780.jpg 1170w, https:\/\/l21.mx\/wp-content\/uploads\/2022\/10\/3-5-585x390.jpg 585w, https:\/\/l21.mx\/wp-content\/uploads\/2022\/10\/3-5-263x175.jpg 263w, https:\/\/l21.mx\/wp-content\/uploads\/2022\/10\/3-5.jpg 1280w\" sizes=\"(max-width: 1024px) 100vw, 1024px\" \/><\/a><\/figure>\n","protected":false},"excerpt":{"rendered":"<p>Playa del Carmen, Solidaridad, 20 de septiembre de 2022 La presidenta Lili Campos en compa\u00f1\u00eda de&hellip;<\/p>\n","protected":false},"author":100,"featured_media":51438,"comment_status":"closed","ping_status":"closed","sticky":false,"template":"","format":"standard","meta":{"_acf_changed":false,"_lmt_disableupdate":"","_lmt_disable":"","_mbp_gutenberg_autopost":false,"footnotes":""},"categories":[1654],"tags":[],"class_list":["post-51437","post","type-post","status-publish","format-standard","has-post-thumbnail","hentry","category-solidaridad"],"acf":[],"_links":{"self":[{"href":"https:\/\/l21.mx\/index.php?rest_route=\/wp\/v2\/posts\/51437","targetHints":{"allow":["GET"]}}],"collection":[{"href":"https:\/\/l21.mx\/index.php?rest_route=\/wp\/v2\/posts"}],"about":[{"href":"https:\/\/l21.mx\/index.php?rest_route=\/wp\/v2\/types\/post"}],"author":[{"embeddable":true,"href":"https:\/\/l21.mx\/index.php?rest_route=\/wp\/v2\/users\/100"}],"replies":[{"embeddable":true,"href":"https:\/\/l21.mx\/index.php?rest_route=%2Fwp%2Fv2%2Fcomments&post=51437"}],"version-history":[{"count":0,"href":"https:\/\/l21.mx\/index.php?rest_route=\/wp\/v2\/posts\/51437\/revisions"}],"wp:featuredmedia":[{"embeddable":true,"href":"https:\/\/l21.mx\/index.php?rest_route=\/wp\/v2\/media\/51438"}],"wp:attachment":[{"href":"https:\/\/l21.mx\/index.php?rest_route=%2Fwp%2Fv2%2Fmedia&parent=51437"}],"wp:term":[{"taxonomy":"category","embeddable":true,"href":"https:\/\/l21.mx\/index.php?rest_route=%2Fwp%2Fv2%2Fcategories&post=51437"},{"taxonomy":"post_tag","embeddable":true,"href":"https:\/\/l21.mx\/index.php?rest_route=%2Fwp%2Fv2%2Ftags&post=51437"}],"curies":[{"name":"wp","href":"https:\/\/api.w.org\/{rel}","templated":true}]}}