{"id":51442,"date":"2022-09-26T11:45:03","date_gmt":"2022-09-26T16:45:03","guid":{"rendered":"https:\/\/l21.mx\/?p=51442"},"modified":"2022-10-13T11:45:22","modified_gmt":"2022-10-13T16:45:22","slug":"solidaridad-mejora-calificacion-en-seguridad","status":"publish","type":"post","link":"https:\/\/l21.mx\/?p=51442","title":{"rendered":"Solidaridad mejora calificaci\u00f3n en seguridad"},"content":{"rendered":"\n<p class=\"wp-block-paragraph\"><\/p>\n\n\n\n<p class=\"wp-block-paragraph\">Playa del Carmen, Solidaridad a 26 de septiembre de 2022<\/p>\n\n\n\n<p class=\"wp-block-paragraph\">\u201cCuando llegamos a este gobierno, Solidaridad se encontraba en el n\u00famero 17 en la incidencia delictiva con mayor n\u00famero de homicidios dolosos. Con el trabajo de todas y de todos, hemos avanzado a pasos importantes y, en el corte que se hizo en el mes de agosto, ya estamos en el n\u00famero 48\u201d, inform\u00f3 la presidenta municipal Lili Campos.<\/p>\n\n\n\n<figure class=\"wp-block-image size-full\"><a href=\"https:\/\/l21.mx\/wp-content\/uploads\/2022\/10\/2-9.jpg\" data-rel=\"penci-gallery-image-content\" ><img fetchpriority=\"high\" decoding=\"async\" width=\"807\" height=\"600\" src=\"https:\/\/l21.mx\/wp-content\/uploads\/2022\/10\/2-9.jpg\" alt=\"\" class=\"wp-image-51443\" srcset=\"https:\/\/l21.mx\/wp-content\/uploads\/2022\/10\/2-9.jpg 807w, https:\/\/l21.mx\/wp-content\/uploads\/2022\/10\/2-9-300x223.jpg 300w, https:\/\/l21.mx\/wp-content\/uploads\/2022\/10\/2-9-768x571.jpg 768w, https:\/\/l21.mx\/wp-content\/uploads\/2022\/10\/2-9-585x435.jpg 585w\" sizes=\"(max-width: 807px) 100vw, 807px\" \/><\/a><\/figure>\n\n\n\n<p class=\"wp-block-paragraph\">Durante el pase de lista a elementos de la Secretar\u00eda de Seguridad P\u00fablica, la presidenta de Solidaridad destac\u00f3 que este gobierno se ha caracterizado por cuidar y proteger a la ciudadan\u00eda. Lili Campos reconoci\u00f3 la labor de los elementos de la SSP ya que el objetivo de su administraci\u00f3n es sacar al municipio de los primeros 50 lugares a nivel nacional.<\/p>\n\n\n\n<p class=\"wp-block-paragraph\">Asimismo, agradeci\u00f3 el compromiso de los elementos, pues debido a su labor los solidarenses conf\u00edan m\u00e1s en los elementos; por ello, asever\u00f3 que seguir\u00e1n trabajando para generar m\u00e1s confianza de la ciudadan\u00eda con la Polic\u00eda. \u201cAqu\u00ed no nos detenemos, vamos a buscar que se siga mejorando la imagen y calificaci\u00f3n que dan a Solidaridad\u201d dijo.<\/p>\n","protected":false},"excerpt":{"rendered":"<p>Playa del Carmen, Solidaridad a 26 de septiembre de 2022 \u201cCuando llegamos a este gobierno, Solidaridad&hellip;<\/p>\n","protected":false},"author":100,"featured_media":51444,"comment_status":"closed","ping_status":"closed","sticky":false,"template":"","format":"standard","meta":{"_acf_changed":false,"_lmt_disableupdate":"","_lmt_disable":"","_mbp_gutenberg_autopost":false,"footnotes":""},"categories":[23,1654],"tags":[],"class_list":["post-51442","post","type-post","status-publish","format-standard","has-post-thumbnail","hentry","category-noticias","category-solidaridad"],"acf":[],"_links":{"self":[{"href":"https:\/\/l21.mx\/index.php?rest_route=\/wp\/v2\/posts\/51442","targetHints":{"allow":["GET"]}}],"collection":[{"href":"https:\/\/l21.mx\/index.php?rest_route=\/wp\/v2\/posts"}],"about":[{"href":"https:\/\/l21.mx\/index.php?rest_route=\/wp\/v2\/types\/post"}],"author":[{"embeddable":true,"href":"https:\/\/l21.mx\/index.php?rest_route=\/wp\/v2\/users\/100"}],"replies":[{"embeddable":true,"href":"https:\/\/l21.mx\/index.php?rest_route=%2Fwp%2Fv2%2Fcomments&post=51442"}],"version-history":[{"count":0,"href":"https:\/\/l21.mx\/index.php?rest_route=\/wp\/v2\/posts\/51442\/revisions"}],"wp:featuredmedia":[{"embeddable":true,"href":"https:\/\/l21.mx\/index.php?rest_route=\/wp\/v2\/media\/51444"}],"wp:attachment":[{"href":"https:\/\/l21.mx\/index.php?rest_route=%2Fwp%2Fv2%2Fmedia&parent=51442"}],"wp:term":[{"taxonomy":"category","embeddable":true,"href":"https:\/\/l21.mx\/index.php?rest_route=%2Fwp%2Fv2%2Fcategories&post=51442"},{"taxonomy":"post_tag","embeddable":true,"href":"https:\/\/l21.mx\/index.php?rest_route=%2Fwp%2Fv2%2Ftags&post=51442"}],"curies":[{"name":"wp","href":"https:\/\/api.w.org\/{rel}","templated":true}]}}