{"id":5145,"date":"2013-11-20T12:45:56","date_gmt":"2013-11-20T18:45:56","guid":{"rendered":"http:\/\/innovatori.space\/lat21\/?p=5145"},"modified":"2013-11-20T12:45:56","modified_gmt":"2013-11-20T18:45:56","slug":"cerraran-cancun-y-puerto-morelos-con-mas-de-75-por-ciento-de-ocupacion-en-noviembre","status":"publish","type":"post","link":"https:\/\/l21.mx\/?p=5145","title":{"rendered":"CERRAR\u00c1N CANC\u00daN Y PUERTO MORELOS CON M\u00c1S DE 75 POR CIENTO DE OCUPACI\u00d3N EN NOVIEMBRE"},"content":{"rendered":"<p align=\"center\"><a href=\"http:\/\/l21.mx\/wp-content\/uploads\/2013\/11\/03.jpg\" data-rel=\"penci-gallery-image-content\" ><img fetchpriority=\"high\" decoding=\"async\" class=\"aligncenter size-large wp-image-5146\" title=\"03\" src=\"http:\/\/l21.mx\/wp-content\/uploads\/2013\/11\/03-1024x677.jpg\" alt=\"\" width=\"1024\" height=\"677\" \/><\/a><\/p>\n<p><strong><em>*El pasado fin de semana largo se registraron ocupaciones de m\u00e1s de 83 puntos porcentuales en ambos destinos tur\u00edsticos<\/em><\/strong><\/p>\n<p>Canc\u00fan y Puerto Morelos cerrar\u00e1n noviembre con m\u00e1s de 75 por ciento de ocupaci\u00f3n hotelera, mejor que en 2012, cuando reportaron alrededor del 70 por ciento, se\u00f1al\u00f3 Roberto Cintr\u00f3n D\u00edaz del Castillo, presidente de la Asociaci\u00f3n de Hoteles de Canc\u00fan (AHC).<\/p>\n<p>\u2014El pasado fin de semana largo se reportaron ocupaciones superiores a 83 puntos porcentuales en ambos destinos \u2014dijo\u2014. El viernes 15 de noviembre tuvimos 84.4 por ciento; 16 de noviembre, 83.5 puntos; y el 17, m\u00e1s de 80 puntos.<\/p>\n<p>En ese sentido, dijo que los fines de semana del mes, las zonas hoteleras de Canc\u00fan y Puerto Morelos promediar\u00e1n m\u00e1s del 80 por ciento de ocupaci\u00f3n, en tanto que los centros de hospedaje del centro de Canc\u00fan reportan m\u00e1s de 50 puntos porcentuales.<\/p>\n<p>Asimismo, el presidente de la AHC indic\u00f3 que, de acuerdo con las reservaciones y proyecciones del sector, a partir de la \u00faltima semana de noviembre hasta las semanas de Navidad y A\u00f1o Nuevo, aumentar\u00e1 la ocupaci\u00f3n de manera paulatina hasta llegar entre 90 y 95 por ciento. \u201cTendremos un invierno excelente, el cual se pronostica como el mejor en la historia tur\u00edstica del destino\u201d, concluy\u00f3.<\/p>\n","protected":false},"excerpt":{"rendered":"<p>*El pasado fin de semana largo se registraron ocupaciones de m\u00e1s de 83 puntos porcentuales en&hellip;<\/p>\n","protected":false},"author":2,"featured_media":5149,"comment_status":"open","ping_status":"open","sticky":false,"template":"","format":"standard","meta":{"_acf_changed":false,"_lmt_disableupdate":"","_lmt_disable":"","_mbp_gutenberg_autopost":false,"footnotes":""},"categories":[23,8],"tags":[],"class_list":["post-5145","post","type-post","status-publish","format-standard","has-post-thumbnail","hentry","category-noticias","category-turismo"],"acf":[],"_links":{"self":[{"href":"https:\/\/l21.mx\/index.php?rest_route=\/wp\/v2\/posts\/5145","targetHints":{"allow":["GET"]}}],"collection":[{"href":"https:\/\/l21.mx\/index.php?rest_route=\/wp\/v2\/posts"}],"about":[{"href":"https:\/\/l21.mx\/index.php?rest_route=\/wp\/v2\/types\/post"}],"author":[{"embeddable":true,"href":"https:\/\/l21.mx\/index.php?rest_route=\/wp\/v2\/users\/2"}],"replies":[{"embeddable":true,"href":"https:\/\/l21.mx\/index.php?rest_route=%2Fwp%2Fv2%2Fcomments&post=5145"}],"version-history":[{"count":0,"href":"https:\/\/l21.mx\/index.php?rest_route=\/wp\/v2\/posts\/5145\/revisions"}],"wp:featuredmedia":[{"embeddable":true,"href":"https:\/\/l21.mx\/index.php?rest_route=\/wp\/v2\/media\/5149"}],"wp:attachment":[{"href":"https:\/\/l21.mx\/index.php?rest_route=%2Fwp%2Fv2%2Fmedia&parent=5145"}],"wp:term":[{"taxonomy":"category","embeddable":true,"href":"https:\/\/l21.mx\/index.php?rest_route=%2Fwp%2Fv2%2Fcategories&post=5145"},{"taxonomy":"post_tag","embeddable":true,"href":"https:\/\/l21.mx\/index.php?rest_route=%2Fwp%2Fv2%2Ftags&post=5145"}],"curies":[{"name":"wp","href":"https:\/\/api.w.org\/{rel}","templated":true}]}}