{"id":51524,"date":"2022-10-17T13:22:01","date_gmt":"2022-10-17T18:22:01","guid":{"rendered":"https:\/\/l21.mx\/?p=51524"},"modified":"2022-10-17T13:22:18","modified_gmt":"2022-10-17T18:22:18","slug":"gobierno-de-lili-campos-garantiza-el-uso-y-disfrute-de-las-playas","status":"publish","type":"post","link":"https:\/\/l21.mx\/?p=51524","title":{"rendered":"Gobierno de Lili campos garantiza el uso y disfrute de las playas"},"content":{"rendered":"\n<p class=\"wp-block-paragraph\"><\/p>\n\n\n\n<p class=\"wp-block-paragraph\">\u2022 La titular de ZOFEMAT est\u00e1 disponible para recibir quejas y denuncias, ya sea por redes sociales o en las oficinas<\/p>\n\n\n\n<p class=\"wp-block-paragraph\">Playa del Carmen, Solidaridad, 16 de octubre de 2022.- La directora de la Zona Federal Mar\u00edtimo Terrestre (ZOFEMAT) Mar\u00eda de Lourdes V\u00e1rguez, afirm\u00f3 que en el gobierno de Lili Campos se garantiza el uso y disfrute de los 87.3 kil\u00f3metros de costa y los 26 accesos a las playas p\u00fablicas, sin que el derecho de todo mexicano y visitante sea coartado.<\/p>\n\n\n\n<figure class=\"wp-block-image size-large\"><a href=\"https:\/\/l21.mx\/wp-content\/uploads\/2022\/10\/playa-del-carmen-playas-3.jpeg\" data-rel=\"penci-gallery-image-content\" ><img fetchpriority=\"high\" decoding=\"async\" width=\"1024\" height=\"576\" src=\"https:\/\/l21.mx\/wp-content\/uploads\/2022\/10\/playa-del-carmen-playas-3-1024x576.jpeg\" alt=\"\" class=\"wp-image-51527\" srcset=\"https:\/\/l21.mx\/wp-content\/uploads\/2022\/10\/playa-del-carmen-playas-3-1024x576.jpeg 1024w, https:\/\/l21.mx\/wp-content\/uploads\/2022\/10\/playa-del-carmen-playas-3-300x169.jpeg 300w, https:\/\/l21.mx\/wp-content\/uploads\/2022\/10\/playa-del-carmen-playas-3-768x432.jpeg 768w, https:\/\/l21.mx\/wp-content\/uploads\/2022\/10\/playa-del-carmen-playas-3-1170x658.jpeg 1170w, https:\/\/l21.mx\/wp-content\/uploads\/2022\/10\/playa-del-carmen-playas-3-585x329.jpeg 585w, https:\/\/l21.mx\/wp-content\/uploads\/2022\/10\/playa-del-carmen-playas-3.jpeg 1280w\" sizes=\"(max-width: 1024px) 100vw, 1024px\" \/><\/a><\/figure>\n\n\n\n<p class=\"wp-block-paragraph\">Afirm\u00f3 que nadie debe de sufrir ning\u00fan tipo de afectaci\u00f3n o ser invitado a retirarse de una playa, pues el art\u00edculo 27 de la Constituci\u00f3n Pol\u00edtica de M\u00e9xico, \u201cestablece que todas las playas son de uso com\u00fan y la Ley de Bienes Nacionales, replica y amplia este derecho que tenemos todos los y las mexicanas\u201d.<\/p>\n\n\n\n<p class=\"wp-block-paragraph\">Lourdes V\u00e1rguez recomend\u00f3 que, en el caso de sufrir alguna afectaci\u00f3n, el o los inconformes deben dar informaci\u00f3n de la playa donde sucedi\u00f3 el hecho, de ser posible identificar al concesionario o contar con la ubicaci\u00f3n exacta, a fin de ubicarla r\u00e1pidamente, ya que ZOFEMAT cuenta con un padr\u00f3n de todos los concesionarios a lo largo de la zona costera. Asimismo, aclar\u00f3 que se debe respetar el mobiliario como camastros sillas, palapas, entre otros, que sean propiedad de concesionarios.<\/p>\n\n\n\n<p class=\"wp-block-paragraph\">La titular de la ZOFEMAT pidi\u00f3 a los ciudadanos que cuando alguna persona haya sido afectada en sus derechos de libre tr\u00e1nsito y disfrute de la zona federal, deben contactar de inmediato a la dependencia a trav\u00e9s de las redes sociales o acudir a las oficinas para poner una queja y darle seguimiento ante las autoridades federales. Para cualquier duda pueden comunicarse al tel\u00e9fono 984 877 30 50, ext. 10521<\/p>\n\n\n\n<figure class=\"wp-block-image size-large\"><a href=\"https:\/\/l21.mx\/wp-content\/uploads\/2022\/10\/playa-del-carmen-playas-2.jpeg\" data-rel=\"penci-gallery-image-content\" ><img decoding=\"async\" width=\"1024\" height=\"682\" src=\"https:\/\/l21.mx\/wp-content\/uploads\/2022\/10\/playa-del-carmen-playas-2-1024x682.jpeg\" alt=\"\" class=\"wp-image-51526\" srcset=\"https:\/\/l21.mx\/wp-content\/uploads\/2022\/10\/playa-del-carmen-playas-2-1024x682.jpeg 1024w, https:\/\/l21.mx\/wp-content\/uploads\/2022\/10\/playa-del-carmen-playas-2-300x200.jpeg 300w, https:\/\/l21.mx\/wp-content\/uploads\/2022\/10\/playa-del-carmen-playas-2-768x512.jpeg 768w, https:\/\/l21.mx\/wp-content\/uploads\/2022\/10\/playa-del-carmen-playas-2-1170x780.jpeg 1170w, https:\/\/l21.mx\/wp-content\/uploads\/2022\/10\/playa-del-carmen-playas-2-585x390.jpeg 585w, https:\/\/l21.mx\/wp-content\/uploads\/2022\/10\/playa-del-carmen-playas-2-263x175.jpeg 263w, https:\/\/l21.mx\/wp-content\/uploads\/2022\/10\/playa-del-carmen-playas-2.jpeg 1280w\" sizes=\"(max-width: 1024px) 100vw, 1024px\" \/><\/a><\/figure>\n","protected":false},"excerpt":{"rendered":"<p>\u2022 La titular de ZOFEMAT est\u00e1 disponible para recibir quejas y denuncias, ya sea por redes&hellip;<\/p>\n","protected":false},"author":100,"featured_media":51525,"comment_status":"closed","ping_status":"closed","sticky":false,"template":"","format":"standard","meta":{"_acf_changed":false,"_lmt_disableupdate":"","_lmt_disable":"","_mbp_gutenberg_autopost":false,"footnotes":""},"categories":[23,1654],"tags":[],"class_list":["post-51524","post","type-post","status-publish","format-standard","has-post-thumbnail","hentry","category-noticias","category-solidaridad"],"acf":[],"_links":{"self":[{"href":"https:\/\/l21.mx\/index.php?rest_route=\/wp\/v2\/posts\/51524","targetHints":{"allow":["GET"]}}],"collection":[{"href":"https:\/\/l21.mx\/index.php?rest_route=\/wp\/v2\/posts"}],"about":[{"href":"https:\/\/l21.mx\/index.php?rest_route=\/wp\/v2\/types\/post"}],"author":[{"embeddable":true,"href":"https:\/\/l21.mx\/index.php?rest_route=\/wp\/v2\/users\/100"}],"replies":[{"embeddable":true,"href":"https:\/\/l21.mx\/index.php?rest_route=%2Fwp%2Fv2%2Fcomments&post=51524"}],"version-history":[{"count":0,"href":"https:\/\/l21.mx\/index.php?rest_route=\/wp\/v2\/posts\/51524\/revisions"}],"wp:featuredmedia":[{"embeddable":true,"href":"https:\/\/l21.mx\/index.php?rest_route=\/wp\/v2\/media\/51525"}],"wp:attachment":[{"href":"https:\/\/l21.mx\/index.php?rest_route=%2Fwp%2Fv2%2Fmedia&parent=51524"}],"wp:term":[{"taxonomy":"category","embeddable":true,"href":"https:\/\/l21.mx\/index.php?rest_route=%2Fwp%2Fv2%2Fcategories&post=51524"},{"taxonomy":"post_tag","embeddable":true,"href":"https:\/\/l21.mx\/index.php?rest_route=%2Fwp%2Fv2%2Ftags&post=51524"}],"curies":[{"name":"wp","href":"https:\/\/api.w.org\/{rel}","templated":true}]}}