{"id":51551,"date":"2022-10-19T12:16:53","date_gmt":"2022-10-19T17:16:53","guid":{"rendered":"https:\/\/l21.mx\/?p=51551"},"modified":"2022-10-19T12:17:11","modified_gmt":"2022-10-19T17:17:11","slug":"reunen-a-empresas-para-ofertar-5-mil-empleos-en-la-riviera-maya","status":"publish","type":"post","link":"https:\/\/l21.mx\/?p=51551","title":{"rendered":"Re\u00fanen a empresas para ofertar 5 mil empleos en la Riviera Maya"},"content":{"rendered":"\n<p class=\"wp-block-paragraph\"><\/p>\n\n\n\n<p class=\"wp-block-paragraph\">\u2022 Hombres y mujeres tuvieron la oportunidad de emplearse, a fin de mejorar sus ingresos y vivir mejor<\/p>\n\n\n\n<p class=\"wp-block-paragraph\">Playa del Carmen, Solidaridad, 18 de octubre de 2022.- Alrededor de cinco mil vacantes ofrecieron 60 empresas tur\u00edsticas, departamentales y de servicios durante la Feria Masiva de Empleo y Servicios Laborales que promovi\u00f3 la presidenta Lili Campos.<\/p>\n\n\n\n<figure class=\"wp-block-image size-large\"><a href=\"https:\/\/l21.mx\/wp-content\/uploads\/2022\/10\/feria-empleo-1.jpeg\" data-rel=\"penci-gallery-image-content\" ><img fetchpriority=\"high\" decoding=\"async\" width=\"1024\" height=\"690\" src=\"https:\/\/l21.mx\/wp-content\/uploads\/2022\/10\/feria-empleo-1-1024x690.jpeg\" alt=\"\" class=\"wp-image-51553\" srcset=\"https:\/\/l21.mx\/wp-content\/uploads\/2022\/10\/feria-empleo-1-1024x690.jpeg 1024w, https:\/\/l21.mx\/wp-content\/uploads\/2022\/10\/feria-empleo-1-300x202.jpeg 300w, https:\/\/l21.mx\/wp-content\/uploads\/2022\/10\/feria-empleo-1-768x517.jpeg 768w, https:\/\/l21.mx\/wp-content\/uploads\/2022\/10\/feria-empleo-1-1170x788.jpeg 1170w, https:\/\/l21.mx\/wp-content\/uploads\/2022\/10\/feria-empleo-1-585x394.jpeg 585w, https:\/\/l21.mx\/wp-content\/uploads\/2022\/10\/feria-empleo-1.jpeg 1280w\" sizes=\"(max-width: 1024px) 100vw, 1024px\" \/><\/a><\/figure>\n\n\n\n<p class=\"wp-block-paragraph\">Esta Feria, que se celebr\u00f3 en la explanada del Palacio Nuevo, permiti\u00f3 que las y los solidarenses que buscan emplearse ahorren tiempo y dinero para transportarse hacia los centros que ofrecen vacantes.<\/p>\n\n\n\n<p class=\"wp-block-paragraph\">Con la representaci\u00f3n de la presidenta Lili Campos, la secretaria general del Ayuntamiento Kira Iris expres\u00f3 que esta oportunidad de obtener un empleo formal da posibilidades de mejorar los ingresos familiares, resultado de la suma de esfuerzos y el trabajo conjunto con la sociedad civil, empresas y gobierno.<\/p>\n\n\n\n<p class=\"wp-block-paragraph\">Ra\u00fal Alejandro Aguilar, secretario de Desarrollo Econ\u00f3mico y de Atracci\u00f3n de Inversiones, explic\u00f3 que en el municipio se trabaja creando oportunidades para la reactivaci\u00f3n econ\u00f3mica, como lo es la Feria Masiva de Empleo donde, adem\u00e1s, se otorgaron facilidades en servicios laborales, orientaci\u00f3n y capacitaci\u00f3n a los ciudadanos buscadores de empleo.<\/p>\n\n\n\n<figure class=\"wp-block-image size-large\"><a href=\"https:\/\/l21.mx\/wp-content\/uploads\/2022\/10\/feria-empleo-3.jpeg\" data-rel=\"penci-gallery-image-content\" ><img decoding=\"async\" width=\"1024\" height=\"652\" src=\"https:\/\/l21.mx\/wp-content\/uploads\/2022\/10\/feria-empleo-3-1024x652.jpeg\" alt=\"\" class=\"wp-image-51552\" srcset=\"https:\/\/l21.mx\/wp-content\/uploads\/2022\/10\/feria-empleo-3-1024x652.jpeg 1024w, https:\/\/l21.mx\/wp-content\/uploads\/2022\/10\/feria-empleo-3-300x191.jpeg 300w, https:\/\/l21.mx\/wp-content\/uploads\/2022\/10\/feria-empleo-3-768x489.jpeg 768w, https:\/\/l21.mx\/wp-content\/uploads\/2022\/10\/feria-empleo-3-1170x745.jpeg 1170w, https:\/\/l21.mx\/wp-content\/uploads\/2022\/10\/feria-empleo-3-585x372.jpeg 585w, https:\/\/l21.mx\/wp-content\/uploads\/2022\/10\/feria-empleo-3.jpeg 1280w\" sizes=\"(max-width: 1024px) 100vw, 1024px\" \/><\/a><\/figure>\n","protected":false},"excerpt":{"rendered":"<p>\u2022 Hombres y mujeres tuvieron la oportunidad de emplearse, a fin de mejorar sus ingresos y&hellip;<\/p>\n","protected":false},"author":100,"featured_media":51554,"comment_status":"closed","ping_status":"closed","sticky":false,"template":"","format":"standard","meta":{"_acf_changed":false,"_lmt_disableupdate":"","_lmt_disable":"","_mbp_gutenberg_autopost":false,"footnotes":""},"categories":[23,1654],"tags":[],"class_list":["post-51551","post","type-post","status-publish","format-standard","has-post-thumbnail","hentry","category-noticias","category-solidaridad"],"acf":[],"_links":{"self":[{"href":"https:\/\/l21.mx\/index.php?rest_route=\/wp\/v2\/posts\/51551","targetHints":{"allow":["GET"]}}],"collection":[{"href":"https:\/\/l21.mx\/index.php?rest_route=\/wp\/v2\/posts"}],"about":[{"href":"https:\/\/l21.mx\/index.php?rest_route=\/wp\/v2\/types\/post"}],"author":[{"embeddable":true,"href":"https:\/\/l21.mx\/index.php?rest_route=\/wp\/v2\/users\/100"}],"replies":[{"embeddable":true,"href":"https:\/\/l21.mx\/index.php?rest_route=%2Fwp%2Fv2%2Fcomments&post=51551"}],"version-history":[{"count":0,"href":"https:\/\/l21.mx\/index.php?rest_route=\/wp\/v2\/posts\/51551\/revisions"}],"wp:featuredmedia":[{"embeddable":true,"href":"https:\/\/l21.mx\/index.php?rest_route=\/wp\/v2\/media\/51554"}],"wp:attachment":[{"href":"https:\/\/l21.mx\/index.php?rest_route=%2Fwp%2Fv2%2Fmedia&parent=51551"}],"wp:term":[{"taxonomy":"category","embeddable":true,"href":"https:\/\/l21.mx\/index.php?rest_route=%2Fwp%2Fv2%2Fcategories&post=51551"},{"taxonomy":"post_tag","embeddable":true,"href":"https:\/\/l21.mx\/index.php?rest_route=%2Fwp%2Fv2%2Ftags&post=51551"}],"curies":[{"name":"wp","href":"https:\/\/api.w.org\/{rel}","templated":true}]}}