{"id":51591,"date":"2022-10-24T21:32:55","date_gmt":"2022-10-25T02:32:55","guid":{"rendered":"https:\/\/l21.mx\/?p=51591"},"modified":"2022-10-24T21:33:26","modified_gmt":"2022-10-25T02:33:26","slug":"renuevan-avenida-aviacion-en-playa-del-carmen","status":"publish","type":"post","link":"https:\/\/l21.mx\/?p=51591","title":{"rendered":"Renuevan Avenida Aviaci\u00f3n en Playa del Carmen"},"content":{"rendered":"\n<p class=\"wp-block-paragraph\"><br>-Ser\u00e1 con concreto asf\u00e1ltico, como es la instrucci\u00f3n de la presidenta Lili Campos de entregar obras e infraestructura de calidad<\/p>\n\n\n\n<p class=\"wp-block-paragraph\">Playa del Carmen, Solidaridad, 24 de octubre de 2022.- Con una inversi\u00f3n de m\u00e1s de siete millones de pesos ya comenz\u00f3 la repavimentaci\u00f3n de la avenida 7 Sur, mejor conocida como Aviaci\u00f3n, entre el bulevar Playa del Carmen y la avenida 10, para renovarla y mejorar su calidad en beneficio de la gente, como es instrucci\u00f3n de la presidenta Lili Campos.<\/p>\n\n\n\n<figure class=\"wp-block-image size-large\"><a href=\"https:\/\/l21.mx\/wp-content\/uploads\/2022\/10\/obra-vial-2.jpeg\" data-rel=\"penci-gallery-image-content\" ><img fetchpriority=\"high\" decoding=\"async\" width=\"1024\" height=\"722\" src=\"https:\/\/l21.mx\/wp-content\/uploads\/2022\/10\/obra-vial-2-1024x722.jpeg\" alt=\"\" class=\"wp-image-51593\" srcset=\"https:\/\/l21.mx\/wp-content\/uploads\/2022\/10\/obra-vial-2-1024x722.jpeg 1024w, https:\/\/l21.mx\/wp-content\/uploads\/2022\/10\/obra-vial-2-300x212.jpeg 300w, https:\/\/l21.mx\/wp-content\/uploads\/2022\/10\/obra-vial-2-768x542.jpeg 768w, https:\/\/l21.mx\/wp-content\/uploads\/2022\/10\/obra-vial-2-1170x825.jpeg 1170w, https:\/\/l21.mx\/wp-content\/uploads\/2022\/10\/obra-vial-2-585x413.jpeg 585w, https:\/\/l21.mx\/wp-content\/uploads\/2022\/10\/obra-vial-2.jpeg 1280w\" sizes=\"(max-width: 1024px) 100vw, 1024px\" \/><\/a><\/figure>\n\n\n\n<p class=\"wp-block-paragraph\">La rehabilitaci\u00f3n de esta v\u00eda de la colonia Aviaci\u00f3n, tras a\u00f1os de abandono, ser\u00e1 con concreto asf\u00e1ltico y se cumple con las indicaciones de la presidenta municipal de dotar de obras e infraestructura de calidad a las y los solidarenses.<\/p>\n\n\n\n<p class=\"wp-block-paragraph\">Fabi\u00e1n Herrera Quiam subdirector de Infraestructura y Obras P\u00fablicas, inform\u00f3 que una vez renovada, la vialidad permitir\u00e1 el desahogo vehicular m\u00e1s \u00e1gil y m\u00e1s seguridad al peat\u00f3n. Se le colocar\u00e1 carpeta de concreto asf\u00e1ltico siete cent\u00edmetros de espesor.<\/p>\n\n\n\n<p class=\"wp-block-paragraph\">Adem\u00e1s, se construir\u00e1 una ciclopista para que sea una vialidad inclusiva; contar\u00e1 con se\u00f1alizaci\u00f3n horizontal y vertical. Se espera pueda ser terminada a finales de este a\u00f1o.<\/p>\n","protected":false},"excerpt":{"rendered":"<p>-Ser\u00e1 con concreto asf\u00e1ltico, como es la instrucci\u00f3n de la presidenta Lili Campos de entregar obras&hellip;<\/p>\n","protected":false},"author":100,"featured_media":51592,"comment_status":"closed","ping_status":"closed","sticky":false,"template":"","format":"standard","meta":{"_acf_changed":false,"_lmt_disableupdate":"","_lmt_disable":"","_mbp_gutenberg_autopost":false,"footnotes":""},"categories":[1654],"tags":[],"class_list":["post-51591","post","type-post","status-publish","format-standard","has-post-thumbnail","hentry","category-solidaridad"],"acf":[],"_links":{"self":[{"href":"https:\/\/l21.mx\/index.php?rest_route=\/wp\/v2\/posts\/51591","targetHints":{"allow":["GET"]}}],"collection":[{"href":"https:\/\/l21.mx\/index.php?rest_route=\/wp\/v2\/posts"}],"about":[{"href":"https:\/\/l21.mx\/index.php?rest_route=\/wp\/v2\/types\/post"}],"author":[{"embeddable":true,"href":"https:\/\/l21.mx\/index.php?rest_route=\/wp\/v2\/users\/100"}],"replies":[{"embeddable":true,"href":"https:\/\/l21.mx\/index.php?rest_route=%2Fwp%2Fv2%2Fcomments&post=51591"}],"version-history":[{"count":0,"href":"https:\/\/l21.mx\/index.php?rest_route=\/wp\/v2\/posts\/51591\/revisions"}],"wp:featuredmedia":[{"embeddable":true,"href":"https:\/\/l21.mx\/index.php?rest_route=\/wp\/v2\/media\/51592"}],"wp:attachment":[{"href":"https:\/\/l21.mx\/index.php?rest_route=%2Fwp%2Fv2%2Fmedia&parent=51591"}],"wp:term":[{"taxonomy":"category","embeddable":true,"href":"https:\/\/l21.mx\/index.php?rest_route=%2Fwp%2Fv2%2Fcategories&post=51591"},{"taxonomy":"post_tag","embeddable":true,"href":"https:\/\/l21.mx\/index.php?rest_route=%2Fwp%2Fv2%2Ftags&post=51591"}],"curies":[{"name":"wp","href":"https:\/\/api.w.org\/{rel}","templated":true}]}}