{"id":51651,"date":"2022-11-01T09:05:58","date_gmt":"2022-11-01T14:05:58","guid":{"rendered":"https:\/\/l21.mx\/?p=51651"},"modified":"2022-11-01T09:06:17","modified_gmt":"2022-11-01T14:06:17","slug":"2023-una-incognita-empresarial","status":"publish","type":"post","link":"https:\/\/l21.mx\/?p=51651","title":{"rendered":"2023: una inc\u00f3gnita empresarial"},"content":{"rendered":"\n<p class=\"wp-block-paragraph\"><\/p>\n\n\n\n<p class=\"wp-block-paragraph\">Llegamos a Noviembre; la mayor\u00eda de las empresas empezamos a trabajar en los presupuestos y proyecciones de cierre de a\u00f1o, as\u00ed como en metas y escenarios para el a\u00f1o que entra. \u00bfY qu\u00e9 creen? No tengo ni la menor idea de c\u00f3mo plantear el escenario. <\/p>\n\n\n\n<p class=\"wp-block-paragraph\">Por lo pronto tengo claro que debemos usar un factor inflacionario. Pero \u00bfcu\u00e1l poner?: \u00bfLa real, real, real o la que publica Banxico? Creo que optar\u00e9 por poner una media entre ambas cifras. S\u00ed, seguro ya todos ustedes pensaron lo mismo. \u00bfY el crecimiento econ\u00f3mico? <\/p>\n\n\n\n<p class=\"wp-block-paragraph\">Los analistas informan una desaceleraci\u00f3n a nivel mundial y con todos los temas que estamos viviendo en el pa\u00eds no podemos esperar un escenario diferente. \u00bfCrecer\u00e1 la econom\u00eda en M\u00e9xico? Lo dudo mucho; no se crean que es mi apreciaci\u00f3n, yo s\u00f3lo estoy plagiando la idea de otros mucho m\u00e1s versados en el tema. La gran ventaja que tenemos en nuestro maravilloso Canc\u00fan, son nuestros turistas. Muchos pensamos que debido a la situaci\u00f3n en Europa tendremos afluencia y esperamos un crecimiento en el arribo de turismo. Seamos optimistas, pero tambi\u00e9n cautos.<\/p>\n\n\n\n<p class=\"wp-block-paragraph\">As\u00ed andamos la mayor\u00eda de los empresarios indagando, leyendo a los expertos econ\u00f3micos, buscando indicios de la pol\u00edtica econ\u00f3mica a aplicar el pr\u00f3ximo a\u00f1o. Empezando a preparar nuestro pr\u00f3ximo a\u00f1o, nuestras metas, nuestros equipos. Es un gran trabajo, pues las empresas somos previsoras y queremos seguir aportando. Pero lamentablemente existe un gran \u2018pero\u2019: andamos bien confundidos de los escenarios para el pr\u00f3ximo a\u00f1o; incertidumbre, inseguridad y muchas dudas.<\/p>\n\n\n\n<p class=\"wp-block-paragraph\">Todos sabemos que tanto las personas, como las empresas y los pa\u00edses tienen ciclos, hemos pasado muchos y la verdad, como mexicanos somos bien resilientes (me encanta esa palabra), aqu\u00ed seguimos creando y logrando. <\/p>\n\n\n\n<p class=\"wp-block-paragraph\">Sin embargo, 2023 es un a\u00f1o en el que todos debemos estar bien alertas, \u00bfQu\u00e9 pasa si el gobierno federal sigue estableciendo pol\u00edticas en contra de las empresas? Hoy lo vivimos con los tr\u00e1mites (algunos hasta absurdos), la corrupci\u00f3n que no se ha erradicado, el discurso de que todos los empresarios somos unos explotadores, pol\u00edticas econ\u00f3micas en exceso regulatorias, entre otros. <\/p>\n\n\n\n<p class=\"wp-block-paragraph\">Estos factores no los prevemos en los presupuestos de gastos o proyecciones de ingresos, pero ah\u00ed est\u00e1n, son reales. La afectaci\u00f3n es un efecto compuesto, que a\u00fan no vislumbramos en su totalidad; se va acumulando y mermando la operatividad empresarial. Afectar\u00e1 principalmente los salarios\u2026 <\/p>\n\n\n\n<p class=\"wp-block-paragraph\">\u00bfQu\u00e9 podemos hacer? S\u00f3lo nos queda participar con nuestros gobiernos locales, sensibilizar y permear nuestras ideas para incidir con pol\u00edticas que contrarresten estos efectos. Si no lo hacemos nosotros\u2026. Me pregunto, \u00bfQui\u00e9n entonces?<\/p>\n","protected":false},"excerpt":{"rendered":"<p>Llegamos a Noviembre; la mayor\u00eda de las empresas empezamos a trabajar en los presupuestos y proyecciones&hellip;<\/p>\n","protected":false},"author":100,"featured_media":49544,"comment_status":"closed","ping_status":"closed","sticky":false,"template":"","format":"standard","meta":{"_acf_changed":false,"_lmt_disableupdate":"","_lmt_disable":"","_mbp_gutenberg_autopost":false,"footnotes":""},"categories":[486],"tags":[],"class_list":["post-51651","post","type-post","status-publish","format-standard","has-post-thumbnail","hentry","category-inna-german"],"acf":[],"_links":{"self":[{"href":"https:\/\/l21.mx\/index.php?rest_route=\/wp\/v2\/posts\/51651","targetHints":{"allow":["GET"]}}],"collection":[{"href":"https:\/\/l21.mx\/index.php?rest_route=\/wp\/v2\/posts"}],"about":[{"href":"https:\/\/l21.mx\/index.php?rest_route=\/wp\/v2\/types\/post"}],"author":[{"embeddable":true,"href":"https:\/\/l21.mx\/index.php?rest_route=\/wp\/v2\/users\/100"}],"replies":[{"embeddable":true,"href":"https:\/\/l21.mx\/index.php?rest_route=%2Fwp%2Fv2%2Fcomments&post=51651"}],"version-history":[{"count":0,"href":"https:\/\/l21.mx\/index.php?rest_route=\/wp\/v2\/posts\/51651\/revisions"}],"wp:featuredmedia":[{"embeddable":true,"href":"https:\/\/l21.mx\/index.php?rest_route=\/wp\/v2\/media\/49544"}],"wp:attachment":[{"href":"https:\/\/l21.mx\/index.php?rest_route=%2Fwp%2Fv2%2Fmedia&parent=51651"}],"wp:term":[{"taxonomy":"category","embeddable":true,"href":"https:\/\/l21.mx\/index.php?rest_route=%2Fwp%2Fv2%2Fcategories&post=51651"},{"taxonomy":"post_tag","embeddable":true,"href":"https:\/\/l21.mx\/index.php?rest_route=%2Fwp%2Fv2%2Ftags&post=51651"}],"curies":[{"name":"wp","href":"https:\/\/api.w.org\/{rel}","templated":true}]}}