{"id":51676,"date":"2022-11-01T09:14:50","date_gmt":"2022-11-01T14:14:50","guid":{"rendered":"https:\/\/l21.mx\/?p=51676"},"modified":"2022-11-01T11:29:48","modified_gmt":"2022-11-01T16:29:48","slug":"en-solidaridad-gobernar-con-conocimiento-de-causa","status":"publish","type":"post","link":"https:\/\/l21.mx\/?p=51676","title":{"rendered":"En Solidaridad, gobernar con conocimiento de causa"},"content":{"rendered":"\n<p class=\"wp-block-paragraph\"><\/p>\n\n\n\n<p class=\"wp-block-paragraph\">\u201cNing\u00fan conflicto que enfrenta una poblaci\u00f3n puede ser peque\u00f1o, y esto debe ser la premisa con la que se llega a gobernar\u2026\u201d<\/p>\n\n\n\n<p class=\"wp-block-paragraph\">Por Juan Sosa<\/p>\n\n\n\n<p class=\"wp-block-paragraph\">Periodista titular de Lo Tenemos Claro<\/p>\n\n\n\n<p class=\"wp-block-paragraph\">Twitter: @LOTECL777<\/p>\n\n\n\n<p class=\"wp-block-paragraph\">En el Quintana Roo de hoy, se vive en un contexto social donde los electores cada vez son m\u00e1s exigentes y las campa\u00f1as pol\u00edticas muchas veces no logran conectar con la voluntad popular y traducir en propuestas reales lo que la poblaci\u00f3n requiere. Esto se traduce en descontento ciudadano hacia la pol\u00edtica y los pol\u00edticos: apat\u00eda, incertidumbre y desconfianza de que las cosas vayan a cambiar.<\/p>\n\n\n\n<p class=\"wp-block-paragraph\">En Solidaridad, Lili Campos, presidenta municipal, le apuesta a la COMUNICACI\u00d3N POL\u00cdTICA que se desarrolla en sus acciones del trabajo p\u00fablico y que tiene una amplia difusi\u00f3n diaria; el resultado es un posicionamiento notable en la preferencia de la ciudadan\u00eda. Ha logrado capitalizar la necesidad de la poblaci\u00f3n en torno a humanizar y ciudadanizar la pol\u00edtica, al interior de su equipo de colaboradores. Por consecuencia, se construye un gobierno pedag\u00f3gico, con las deficiencias humanas de cualquier administraci\u00f3n p\u00fablica.<\/p>\n\n\n\n<p class=\"wp-block-paragraph\">No me queda la menor duda que al haber autoridades que den soluciones reales, estas ser\u00e1n mejor juzgadas y valoradas que aquellos que quieran sacar r\u00e9ditos personales. Dicho de otra manera, la poblaci\u00f3n quiere gobernantes presentes, cercanos, que escuchen y que entiendan a la gente de forma real, no como proselitismo pol\u00edtico.<\/p>\n\n\n\n<p class=\"wp-block-paragraph\">Por lo cual, quiero recordar que se necesita de ciudadanos activos, que observen, analicen, exijan, cuestionen. Sin este binomio, seguiremos con gobiernos incapaces o inexpertos, superados por la realidad o desinteresados totalmente de ella. En ese marco, no importar\u00e1 por cu\u00e1ntas supuestas soluciones votemos; las cosas simplemente no van a cambiar.<\/p>\n\n\n\n<p class=\"wp-block-paragraph\">Sin duda alguna, es tiempo de reflexionar sobre c\u00f3mo elegimos y qu\u00e9 exigimos a nuestros gobernantes. Ya he reiterado en otras ocasiones la importancia de involucrarnos en la pol\u00edtica, m\u00e1s all\u00e1 de criticar todo aquello que no concuerda con nuestra manera de observar el mundo. No podemos seguir yendo a las urnas con la idea de que votamos en un concurso de popularidad o de cofrad\u00eda: votar por quien ya conocemos o el que forma parte de nuestro partido, es irresponsable.<\/p>\n\n\n\n<p class=\"wp-block-paragraph\">NOS LEEMOS EN LA PR\u00d3XIMA\u2026<\/p>\n","protected":false},"excerpt":{"rendered":"<p>\u201cNing\u00fan conflicto que enfrenta una poblaci\u00f3n puede ser peque\u00f1o, y esto debe ser la premisa con&hellip;<\/p>\n","protected":false},"author":100,"featured_media":51685,"comment_status":"closed","ping_status":"closed","sticky":false,"template":"","format":"standard","meta":{"_acf_changed":false,"_lmt_disableupdate":"","_lmt_disable":"","_mbp_gutenberg_autopost":false,"footnotes":""},"categories":[44],"tags":[],"class_list":["post-51676","post","type-post","status-publish","format-standard","has-post-thumbnail","hentry","category-cuarto-de-huespedes"],"acf":[],"_links":{"self":[{"href":"https:\/\/l21.mx\/index.php?rest_route=\/wp\/v2\/posts\/51676","targetHints":{"allow":["GET"]}}],"collection":[{"href":"https:\/\/l21.mx\/index.php?rest_route=\/wp\/v2\/posts"}],"about":[{"href":"https:\/\/l21.mx\/index.php?rest_route=\/wp\/v2\/types\/post"}],"author":[{"embeddable":true,"href":"https:\/\/l21.mx\/index.php?rest_route=\/wp\/v2\/users\/100"}],"replies":[{"embeddable":true,"href":"https:\/\/l21.mx\/index.php?rest_route=%2Fwp%2Fv2%2Fcomments&post=51676"}],"version-history":[{"count":0,"href":"https:\/\/l21.mx\/index.php?rest_route=\/wp\/v2\/posts\/51676\/revisions"}],"wp:featuredmedia":[{"embeddable":true,"href":"https:\/\/l21.mx\/index.php?rest_route=\/wp\/v2\/media\/51685"}],"wp:attachment":[{"href":"https:\/\/l21.mx\/index.php?rest_route=%2Fwp%2Fv2%2Fmedia&parent=51676"}],"wp:term":[{"taxonomy":"category","embeddable":true,"href":"https:\/\/l21.mx\/index.php?rest_route=%2Fwp%2Fv2%2Fcategories&post=51676"},{"taxonomy":"post_tag","embeddable":true,"href":"https:\/\/l21.mx\/index.php?rest_route=%2Fwp%2Fv2%2Ftags&post=51676"}],"curies":[{"name":"wp","href":"https:\/\/api.w.org\/{rel}","templated":true}]}}