{"id":51924,"date":"2022-11-05T14:43:43","date_gmt":"2022-11-05T19:43:43","guid":{"rendered":"https:\/\/l21.mx\/?p=51924"},"modified":"2022-11-07T14:48:04","modified_gmt":"2022-11-07T19:48:04","slug":"gobierno-de-lili-campos-trabaja-con-comunidad-empresarial","status":"publish","type":"post","link":"https:\/\/l21.mx\/?p=51924","title":{"rendered":"Gobierno de Lili Campos trabaja con comunidad empresarial"},"content":{"rendered":"\n<p class=\"wp-block-paragraph\"><\/p>\n\n\n\n<p class=\"wp-block-paragraph\">\u2022 La presidenta de Solidaridad participa en mesa de di\u00e1logo con socios de Coparmex Riviera Maya<\/p>\n\n\n\n<p class=\"wp-block-paragraph\">Playa del Carmen, Solidaridad, 5 de noviembre de 2022.- La presidenta Lili Campos particip\u00f3 en la mesa de di\u00e1logo con socios de COPARMEX Riviera Maya, para escuchar propuestas en temas de seguridad, agilizar los tiempos de entrega en tr\u00e1mites y movilidad.<\/p>\n\n\n\n<figure class=\"wp-block-image size-large\"><a href=\"https:\/\/l21.mx\/wp-content\/uploads\/2022\/11\/WhatsApp-Image-2022-11-05-at-14.07.46.jpeg\" data-rel=\"penci-gallery-image-content\" ><img fetchpriority=\"high\" decoding=\"async\" width=\"1024\" height=\"614\" src=\"https:\/\/l21.mx\/wp-content\/uploads\/2022\/11\/WhatsApp-Image-2022-11-05-at-14.07.46-1024x614.jpeg\" alt=\"\" class=\"wp-image-51925\" srcset=\"https:\/\/l21.mx\/wp-content\/uploads\/2022\/11\/WhatsApp-Image-2022-11-05-at-14.07.46-1024x614.jpeg 1024w, https:\/\/l21.mx\/wp-content\/uploads\/2022\/11\/WhatsApp-Image-2022-11-05-at-14.07.46-300x180.jpeg 300w, https:\/\/l21.mx\/wp-content\/uploads\/2022\/11\/WhatsApp-Image-2022-11-05-at-14.07.46-768x461.jpeg 768w, https:\/\/l21.mx\/wp-content\/uploads\/2022\/11\/WhatsApp-Image-2022-11-05-at-14.07.46-585x351.jpeg 585w, https:\/\/l21.mx\/wp-content\/uploads\/2022\/11\/WhatsApp-Image-2022-11-05-at-14.07.46.jpeg 1144w\" sizes=\"(max-width: 1024px) 100vw, 1024px\" \/><\/a><\/figure>\n\n\n\n<p class=\"wp-block-paragraph\">Lili Campos expres\u00f3, ante los miembros de COPARMEX, que hay cosas que deben trabajar juntos con los empresarios para fortalecer la econom\u00eda del municipio. Tambi\u00e9n acord\u00f3 seguir participando en las mesas de trabajo para lograr consensos que fortalezcan al municipio para el beneficio de las y los solidarenses.<\/p>\n\n\n\n<p class=\"wp-block-paragraph\">Marc Pujol presidente de Coparmex Riviera Maya, destac\u00f3 la disposici\u00f3n de trabajar de la mano con el gobierno municipal y lograr acciones concretas que permitan impulsar el desarrollo del municipio.<\/p>\n","protected":false},"excerpt":{"rendered":"<p>\u2022 La presidenta de Solidaridad participa en mesa de di\u00e1logo con socios de Coparmex Riviera Maya&hellip;<\/p>\n","protected":false},"author":100,"featured_media":51926,"comment_status":"closed","ping_status":"closed","sticky":false,"template":"","format":"standard","meta":{"_acf_changed":false,"_lmt_disableupdate":"","_lmt_disable":"","_mbp_gutenberg_autopost":false,"footnotes":""},"categories":[23,1654],"tags":[],"class_list":["post-51924","post","type-post","status-publish","format-standard","has-post-thumbnail","hentry","category-noticias","category-solidaridad"],"acf":[],"_links":{"self":[{"href":"https:\/\/l21.mx\/index.php?rest_route=\/wp\/v2\/posts\/51924","targetHints":{"allow":["GET"]}}],"collection":[{"href":"https:\/\/l21.mx\/index.php?rest_route=\/wp\/v2\/posts"}],"about":[{"href":"https:\/\/l21.mx\/index.php?rest_route=\/wp\/v2\/types\/post"}],"author":[{"embeddable":true,"href":"https:\/\/l21.mx\/index.php?rest_route=\/wp\/v2\/users\/100"}],"replies":[{"embeddable":true,"href":"https:\/\/l21.mx\/index.php?rest_route=%2Fwp%2Fv2%2Fcomments&post=51924"}],"version-history":[{"count":0,"href":"https:\/\/l21.mx\/index.php?rest_route=\/wp\/v2\/posts\/51924\/revisions"}],"wp:featuredmedia":[{"embeddable":true,"href":"https:\/\/l21.mx\/index.php?rest_route=\/wp\/v2\/media\/51926"}],"wp:attachment":[{"href":"https:\/\/l21.mx\/index.php?rest_route=%2Fwp%2Fv2%2Fmedia&parent=51924"}],"wp:term":[{"taxonomy":"category","embeddable":true,"href":"https:\/\/l21.mx\/index.php?rest_route=%2Fwp%2Fv2%2Fcategories&post=51924"},{"taxonomy":"post_tag","embeddable":true,"href":"https:\/\/l21.mx\/index.php?rest_route=%2Fwp%2Fv2%2Ftags&post=51924"}],"curies":[{"name":"wp","href":"https:\/\/api.w.org\/{rel}","templated":true}]}}