{"id":51983,"date":"2022-11-14T09:19:31","date_gmt":"2022-11-14T14:19:31","guid":{"rendered":"https:\/\/l21.mx\/?p=51983"},"modified":"2022-11-16T09:19:51","modified_gmt":"2022-11-16T14:19:51","slug":"al-ritmo-de-la-jarana-concluye-120-aniversario-de-playa-del-carmen","status":"publish","type":"post","link":"https:\/\/l21.mx\/?p=51983","title":{"rendered":"Al ritmo de la jarana, concluye 120 aniversario de Playa del Carmen"},"content":{"rendered":"\n<p class=\"wp-block-paragraph\"><\/p>\n\n\n\n<p class=\"wp-block-paragraph\">\u2022 Con la tradicional vaquer\u00eda, encabezada por Lili Campos, cerraron los festejos conmemorativos de la fundaci\u00f3n de esta ciudad<\/p>\n\n\n\n<p class=\"wp-block-paragraph\">Playa del Carmen, Solidaridad, 14 de noviembre del 2022.- Para culminar los festejos por el 120 aniversario de la fundaci\u00f3n de Playa del Carmen, la presidenta municipal Lili Campos encabez\u00f3 la vaquer\u00eda en el parque Leona Vicario, al ritmo de la orquesta jaranera Gameba y acompa\u00f1ada por gremios y fundadores.<\/p>\n\n\n\n<p class=\"wp-block-paragraph\">Lili Campos record\u00f3 a las primeras familias y gremios de fundadores cuando era entonces un pueblo de pescadores y chicleros, convirti\u00e9ndose hoy en d\u00eda en uno de los destinos tur\u00edsticos m\u00e1s importantes del mundo.<\/p>\n\n\n\n<figure class=\"wp-block-image size-large\"><a href=\"https:\/\/l21.mx\/wp-content\/uploads\/2022\/11\/aniversario-playa-1.jpeg\" data-rel=\"penci-gallery-image-content\" ><img fetchpriority=\"high\" decoding=\"async\" width=\"1024\" height=\"682\" src=\"https:\/\/l21.mx\/wp-content\/uploads\/2022\/11\/aniversario-playa-1-1024x682.jpeg\" alt=\"\" class=\"wp-image-51985\" srcset=\"https:\/\/l21.mx\/wp-content\/uploads\/2022\/11\/aniversario-playa-1-1024x682.jpeg 1024w, https:\/\/l21.mx\/wp-content\/uploads\/2022\/11\/aniversario-playa-1-300x200.jpeg 300w, https:\/\/l21.mx\/wp-content\/uploads\/2022\/11\/aniversario-playa-1-768x512.jpeg 768w, https:\/\/l21.mx\/wp-content\/uploads\/2022\/11\/aniversario-playa-1-1170x780.jpeg 1170w, https:\/\/l21.mx\/wp-content\/uploads\/2022\/11\/aniversario-playa-1-585x390.jpeg 585w, https:\/\/l21.mx\/wp-content\/uploads\/2022\/11\/aniversario-playa-1-263x175.jpeg 263w, https:\/\/l21.mx\/wp-content\/uploads\/2022\/11\/aniversario-playa-1.jpeg 1280w\" sizes=\"(max-width: 1024px) 100vw, 1024px\" \/><\/a><\/figure>\n\n\n\n<p class=\"wp-block-paragraph\">La tradicional vaquer\u00eda inici\u00f3 con la \u201ccabeza de cochino\u201d. Posteriormente, ante cientos de espectadores, los participantes hicieron gala de los pasos de jarana ataviados a la usanza regional, de guayabera los hombres y terno las mujeres.<\/p>\n\n\n\n<p class=\"wp-block-paragraph\">Acompa\u00f1aron a la edil: Leticia Hern\u00e1ndez, Eufracia Quiam Dzib, Gertrudis Quiam Dzib y Paula Dzib Quiam, integrantes del gremio de Fundadores de PDC; Aurora Canul Dzib, coordinadora de los gremios de PDC y Jaqueline Alcocer Dzib, del gremio de la familia Dzib Zavala y Alcocer Dzib.<\/p>\n\n\n\n<p class=\"wp-block-paragraph\">Durante el desayuno con fundadores, la edil Lili Campos entreg\u00f3 reconocimientos a Juanita G\u00f3mez, Luc\u00eda Uc, Claudiano Quiam, Rom\u00e1n Quiam, Jacinto Aguilar, por mencionar algunos, los que con fuertes cimientos hicieron posible que ahora el municipio tenga renombre mundial<\/p>\n","protected":false},"excerpt":{"rendered":"<p>\u2022 Con la tradicional vaquer\u00eda, encabezada por Lili Campos, cerraron los festejos conmemorativos de la fundaci\u00f3n&hellip;<\/p>\n","protected":false},"author":100,"featured_media":51984,"comment_status":"closed","ping_status":"closed","sticky":false,"template":"","format":"standard","meta":{"_acf_changed":false,"_lmt_disableupdate":"","_lmt_disable":"","_mbp_gutenberg_autopost":false,"footnotes":""},"categories":[23,1654],"tags":[],"class_list":["post-51983","post","type-post","status-publish","format-standard","has-post-thumbnail","hentry","category-noticias","category-solidaridad"],"acf":[],"_links":{"self":[{"href":"https:\/\/l21.mx\/index.php?rest_route=\/wp\/v2\/posts\/51983","targetHints":{"allow":["GET"]}}],"collection":[{"href":"https:\/\/l21.mx\/index.php?rest_route=\/wp\/v2\/posts"}],"about":[{"href":"https:\/\/l21.mx\/index.php?rest_route=\/wp\/v2\/types\/post"}],"author":[{"embeddable":true,"href":"https:\/\/l21.mx\/index.php?rest_route=\/wp\/v2\/users\/100"}],"replies":[{"embeddable":true,"href":"https:\/\/l21.mx\/index.php?rest_route=%2Fwp%2Fv2%2Fcomments&post=51983"}],"version-history":[{"count":0,"href":"https:\/\/l21.mx\/index.php?rest_route=\/wp\/v2\/posts\/51983\/revisions"}],"wp:featuredmedia":[{"embeddable":true,"href":"https:\/\/l21.mx\/index.php?rest_route=\/wp\/v2\/media\/51984"}],"wp:attachment":[{"href":"https:\/\/l21.mx\/index.php?rest_route=%2Fwp%2Fv2%2Fmedia&parent=51983"}],"wp:term":[{"taxonomy":"category","embeddable":true,"href":"https:\/\/l21.mx\/index.php?rest_route=%2Fwp%2Fv2%2Fcategories&post=51983"},{"taxonomy":"post_tag","embeddable":true,"href":"https:\/\/l21.mx\/index.php?rest_route=%2Fwp%2Fv2%2Ftags&post=51983"}],"curies":[{"name":"wp","href":"https:\/\/api.w.org\/{rel}","templated":true}]}}