{"id":52001,"date":"2022-11-18T07:22:49","date_gmt":"2022-11-18T12:22:49","guid":{"rendered":"https:\/\/l21.mx\/?p=52001"},"modified":"2022-11-18T07:22:51","modified_gmt":"2022-11-18T12:22:51","slug":"inician-foros-para-mejorar-la-movilidad-en-quintana-roo","status":"publish","type":"post","link":"https:\/\/l21.mx\/?p=52001","title":{"rendered":"Inician foros para mejorar la movilidad en Quintana Roo"},"content":{"rendered":"\n<h1 class=\"wp-block-heading\"><\/h1>\n\n\n\n<p class=\"wp-block-paragraph\"><\/p>\n\n\n\n<p class=\"wp-block-paragraph\">-La gobernadora de Quintana Roo encabez\u00f3 una reuni\u00f3n de trabajo para integrar la participaci\u00f3n de todas y todos los ciudadanos.<\/p>\n\n\n\n<p class=\"wp-block-paragraph\">Canc\u00fan.- A fin de crear un sistema de movilidad que permita mejor la calidad de vida para las y los quintanarroenses, incluyente, seguro, en un ambiente sano, de largo plazo y que responda al crecimiento del estado, la gobernadora Mara Lezama Espinosa inici\u00f3 una serie de reuniones para integrar la participaci\u00f3n de todas y todos.<\/p>\n\n\n\n<p class=\"wp-block-paragraph\">Mara Lezama se reuni\u00f3 con integrantes de la Coparmex Quintana Roo y se\u00f1al\u00f3 que la movilidad afecta por igual a las y los quintanarroenses que a las y los turistas que visitan los destinos, por lo que exhort\u00f3 a trabajar juntos, de acuerdo con el Nuevo Acuerdo por el Bienestar y Desarrollo, en ese sistema que contribuya al crecimiento sustentable y compartido.<\/p>\n\n\n\n<p class=\"wp-block-paragraph\">Despu\u00e9s de escuchar los planteamientos y propuestas de los integrantes de Coparmex, la titular del Ejecutivo dijo que el reto a corto, mediano y largo plazo es garantizar el derecho de toda persona a trasladarse y disponer de un sistema de movilidad de calidad, suficiente y accesible que permita el desplazamiento de bienes y mercanc\u00edas.<\/p>\n\n\n\n<p class=\"wp-block-paragraph\">Por ello, dej\u00f3 en claro que la inversi\u00f3n p\u00fablica no debe ni puede seguir orientada al uso de veh\u00edculos particulares, sino debe considerar a las personas, rutas que conecten a las regiones, zonas peatonales, estaciones de transporte p\u00fablico y bicicletas, la reducci\u00f3n de accidentes, tiempos de traslado.<\/p>\n\n\n\n<figure class=\"wp-block-image size-large\"><a href=\"https:\/\/l21.mx\/wp-content\/uploads\/2022\/11\/movilidad2.jpg\" data-rel=\"penci-gallery-image-content\" ><img fetchpriority=\"high\" decoding=\"async\" width=\"1024\" height=\"683\" src=\"https:\/\/l21.mx\/wp-content\/uploads\/2022\/11\/movilidad2-1024x683.jpg\" alt=\"\" class=\"wp-image-52003\" srcset=\"https:\/\/l21.mx\/wp-content\/uploads\/2022\/11\/movilidad2-1024x683.jpg 1024w, https:\/\/l21.mx\/wp-content\/uploads\/2022\/11\/movilidad2-300x200.jpg 300w, https:\/\/l21.mx\/wp-content\/uploads\/2022\/11\/movilidad2-768x512.jpg 768w, https:\/\/l21.mx\/wp-content\/uploads\/2022\/11\/movilidad2-1536x1024.jpg 1536w, https:\/\/l21.mx\/wp-content\/uploads\/2022\/11\/movilidad2-1170x780.jpg 1170w, https:\/\/l21.mx\/wp-content\/uploads\/2022\/11\/movilidad2-585x390.jpg 585w, https:\/\/l21.mx\/wp-content\/uploads\/2022\/11\/movilidad2-263x175.jpg 263w, https:\/\/l21.mx\/wp-content\/uploads\/2022\/11\/movilidad2.jpg 1600w\" sizes=\"(max-width: 1024px) 100vw, 1024px\" \/><\/a><\/figure>\n\n\n\n<p class=\"wp-block-paragraph\">Explic\u00f3 que seguir\u00e1 trabajando para obtener recursos destinados a infraestructura que ayude a resolver los cuellos de botella, como las que est\u00e1n en marcha en el bulevar Colosio y el inicio de la avenida Chac Mool, que dejar\u00e1n beneficios al menos para los pr\u00f3ximos 25 a\u00f1os, y que estar\u00e1n listas antes de lo previsto.<\/p>\n\n\n\n<p class=\"wp-block-paragraph\">En la reuni\u00f3n de trabajo participaron empresarios y empresarias, autoridades del Instituto de Movilidad del Estado de Quintana Roo (Imoveqroo) de los 11 municipios, quienes intercambiaron puntos de vista sobre la importancia de la movilidad sustentable y proporcional al crecimiento del estado.<\/p>\n\n\n\n<p class=\"wp-block-paragraph\">Entre los empresarios que participaron estuvieron la presidenta del Centro Empresarial Canc\u00fan, Ang\u00e9lica Fr\u00edas Gonz\u00e1lez; de Cozumel, Wilma Padilla Barbosa; de Chetumal, Ra\u00fal Villanueva Arguelles; de la Riviera Maya, Carlos Mar\u00edn, as\u00ed como el presidente de la Comisi\u00f3n de Movilidad de Coparmex, Santiago Carrillo S\u00e1nchez.<\/p>\n","protected":false},"excerpt":{"rendered":"<p>-La gobernadora de Quintana Roo encabez\u00f3 una reuni\u00f3n de trabajo para integrar la participaci\u00f3n de todas&hellip;<\/p>\n","protected":false},"author":100,"featured_media":52002,"comment_status":"closed","ping_status":"closed","sticky":false,"template":"","format":"standard","meta":{"_acf_changed":false,"_lmt_disableupdate":"","_lmt_disable":"","_mbp_gutenberg_autopost":false,"footnotes":""},"categories":[23],"tags":[],"class_list":["post-52001","post","type-post","status-publish","format-standard","has-post-thumbnail","hentry","category-noticias"],"acf":[],"_links":{"self":[{"href":"https:\/\/l21.mx\/index.php?rest_route=\/wp\/v2\/posts\/52001","targetHints":{"allow":["GET"]}}],"collection":[{"href":"https:\/\/l21.mx\/index.php?rest_route=\/wp\/v2\/posts"}],"about":[{"href":"https:\/\/l21.mx\/index.php?rest_route=\/wp\/v2\/types\/post"}],"author":[{"embeddable":true,"href":"https:\/\/l21.mx\/index.php?rest_route=\/wp\/v2\/users\/100"}],"replies":[{"embeddable":true,"href":"https:\/\/l21.mx\/index.php?rest_route=%2Fwp%2Fv2%2Fcomments&post=52001"}],"version-history":[{"count":0,"href":"https:\/\/l21.mx\/index.php?rest_route=\/wp\/v2\/posts\/52001\/revisions"}],"wp:featuredmedia":[{"embeddable":true,"href":"https:\/\/l21.mx\/index.php?rest_route=\/wp\/v2\/media\/52002"}],"wp:attachment":[{"href":"https:\/\/l21.mx\/index.php?rest_route=%2Fwp%2Fv2%2Fmedia&parent=52001"}],"wp:term":[{"taxonomy":"category","embeddable":true,"href":"https:\/\/l21.mx\/index.php?rest_route=%2Fwp%2Fv2%2Fcategories&post=52001"},{"taxonomy":"post_tag","embeddable":true,"href":"https:\/\/l21.mx\/index.php?rest_route=%2Fwp%2Fv2%2Ftags&post=52001"}],"curies":[{"name":"wp","href":"https:\/\/api.w.org\/{rel}","templated":true}]}}