{"id":52039,"date":"2022-11-24T20:53:43","date_gmt":"2022-11-25T01:53:43","guid":{"rendered":"https:\/\/l21.mx\/?p=52039"},"modified":"2022-11-25T20:54:11","modified_gmt":"2022-11-26T01:54:11","slug":"promueven-la-inclusion-con-rodando-por-solidaridad","status":"publish","type":"post","link":"https:\/\/l21.mx\/?p=52039","title":{"rendered":"Promueven la inclusi\u00f3n con \u201cRodando por Solidaridad\u201d"},"content":{"rendered":"<p>&nbsp;<\/p>\n<p>\u2022 Para el pr\u00f3ximo a\u00f1o este programa que impulsa Lili Campos ser\u00e1 parte de las l\u00edneas de acci\u00f3n del Instituto del Deporte<\/p>\n<p>Playa del Carmen, Quintana Roo, 24 de noviembre del 2022.- Como cada primer domingo de mes, el pr\u00f3ximo 4 de diciembre el gobierno de Lili Campos realizar\u00e1 la actividad recreativa \u201cRodando por Solidaridad\u201d, en la que podr\u00e1n participar las familias solidarenses en diferentes medios no motorizados, con facilidades para personas con discapacidad gracias a su formato se calles cerradas.<\/p>\n<p><a href=\"https:\/\/l21.mx\/wp-content\/uploads\/2022\/11\/WhatsApp-Image-2022-11-24-at-13.51.24-1.jpeg\" data-rel=\"penci-gallery-image-content\" ><img fetchpriority=\"high\" decoding=\"async\" class=\"alignnone size-large wp-image-52041\" src=\"https:\/\/l21.mx\/wp-content\/uploads\/2022\/11\/WhatsApp-Image-2022-11-24-at-13.51.24-1-1024x682.jpeg\" alt=\"\" width=\"1024\" height=\"682\" srcset=\"https:\/\/l21.mx\/wp-content\/uploads\/2022\/11\/WhatsApp-Image-2022-11-24-at-13.51.24-1-1024x682.jpeg 1024w, https:\/\/l21.mx\/wp-content\/uploads\/2022\/11\/WhatsApp-Image-2022-11-24-at-13.51.24-1-300x200.jpeg 300w, https:\/\/l21.mx\/wp-content\/uploads\/2022\/11\/WhatsApp-Image-2022-11-24-at-13.51.24-1-768x512.jpeg 768w, https:\/\/l21.mx\/wp-content\/uploads\/2022\/11\/WhatsApp-Image-2022-11-24-at-13.51.24-1-1170x780.jpeg 1170w, https:\/\/l21.mx\/wp-content\/uploads\/2022\/11\/WhatsApp-Image-2022-11-24-at-13.51.24-1-585x390.jpeg 585w, https:\/\/l21.mx\/wp-content\/uploads\/2022\/11\/WhatsApp-Image-2022-11-24-at-13.51.24-1-263x175.jpeg 263w, https:\/\/l21.mx\/wp-content\/uploads\/2022\/11\/WhatsApp-Image-2022-11-24-at-13.51.24-1.jpeg 1280w\" sizes=\"(max-width: 1024px) 100vw, 1024px\" \/><\/a><\/p>\n<p>Este gobierno promueve la inclusi\u00f3n y coadyuva a la educaci\u00f3n vial a fin de reducir el n\u00famero de muertes y lesiones causadas por accidentes viales; fortalece la cultura del respeto al peat\u00f3n y al ciclista, as\u00ed como el uso de las ciclov\u00edas, en plena concordancia con la ley de Movilidad y Seguridad Vial, inform\u00f3 del S\u00edndico Municipal Adri\u00e1n P\u00e9rez Vera.<\/p>\n<p>La actividad, que tiene como punto de partida la Avenida Constituyentes y se realiza de 8 a 11 de la ma\u00f1ana, \u201ces un espacio incluyente para la familia y hasta sus mascotas\u201d recalc\u00f3 el titular de la Comisi\u00f3n de Movilidad en el municipio quien adelant\u00f3 que para el 2023 \u201cRodando por Solidaridad\u201d ser\u00e1 parte de las l\u00edneas de acci\u00f3n del Instituto del Deporte.<\/p>\n","protected":false},"excerpt":{"rendered":"<p>&nbsp; \u2022 Para el pr\u00f3ximo a\u00f1o este programa que impulsa Lili Campos ser\u00e1 parte de las&hellip;<\/p>\n","protected":false},"author":100,"featured_media":52040,"comment_status":"closed","ping_status":"closed","sticky":false,"template":"","format":"standard","meta":{"_acf_changed":false,"_lmt_disableupdate":"","_lmt_disable":"","_mbp_gutenberg_autopost":false,"footnotes":""},"categories":[1654],"tags":[],"class_list":["post-52039","post","type-post","status-publish","format-standard","has-post-thumbnail","hentry","category-solidaridad"],"acf":[],"_links":{"self":[{"href":"https:\/\/l21.mx\/index.php?rest_route=\/wp\/v2\/posts\/52039","targetHints":{"allow":["GET"]}}],"collection":[{"href":"https:\/\/l21.mx\/index.php?rest_route=\/wp\/v2\/posts"}],"about":[{"href":"https:\/\/l21.mx\/index.php?rest_route=\/wp\/v2\/types\/post"}],"author":[{"embeddable":true,"href":"https:\/\/l21.mx\/index.php?rest_route=\/wp\/v2\/users\/100"}],"replies":[{"embeddable":true,"href":"https:\/\/l21.mx\/index.php?rest_route=%2Fwp%2Fv2%2Fcomments&post=52039"}],"version-history":[{"count":0,"href":"https:\/\/l21.mx\/index.php?rest_route=\/wp\/v2\/posts\/52039\/revisions"}],"wp:featuredmedia":[{"embeddable":true,"href":"https:\/\/l21.mx\/index.php?rest_route=\/wp\/v2\/media\/52040"}],"wp:attachment":[{"href":"https:\/\/l21.mx\/index.php?rest_route=%2Fwp%2Fv2%2Fmedia&parent=52039"}],"wp:term":[{"taxonomy":"category","embeddable":true,"href":"https:\/\/l21.mx\/index.php?rest_route=%2Fwp%2Fv2%2Fcategories&post=52039"},{"taxonomy":"post_tag","embeddable":true,"href":"https:\/\/l21.mx\/index.php?rest_route=%2Fwp%2Fv2%2Ftags&post=52039"}],"curies":[{"name":"wp","href":"https:\/\/api.w.org\/{rel}","templated":true}]}}