{"id":52043,"date":"2022-11-25T20:55:33","date_gmt":"2022-11-26T01:55:33","guid":{"rendered":"https:\/\/l21.mx\/?p=52043"},"modified":"2022-11-25T20:55:33","modified_gmt":"2022-11-26T01:55:33","slug":"vialidades-seguras-y-de-calidad-para-una-mejor-movilidad","status":"publish","type":"post","link":"https:\/\/l21.mx\/?p=52043","title":{"rendered":"Vialidades seguras y de calidad para una mejor movilidad"},"content":{"rendered":"<p>&nbsp;<\/p>\n<p>\u2022 La presidenta Lili Campos recorri\u00f3 la avenida aviaci\u00f3n, que es repavimentada con carpeta asf\u00e1ltica de 7 cent\u00edmetros de espesor<\/p>\n<p>Playa del Carmen, Solidaridad, 25 de noviembre del 2022.- Para mejorar el desahogo vehicular y la movilidad de m\u00e1s de cuatro mil 200 habitantes y turistas, el gobierno municipal de Lili Campos repavimenta la avenida 7 sur entre avenida 10 y boulevard Playa del Carmen, m\u00e1s conocida como avenida aviaci\u00f3n.<\/p>\n<p><a href=\"https:\/\/l21.mx\/wp-content\/uploads\/2022\/11\/WhatsApp-Image-2022-11-25-at-15.02.41-1.jpeg\" data-rel=\"penci-gallery-image-content\" ><img fetchpriority=\"high\" decoding=\"async\" class=\"alignnone size-large wp-image-52045\" src=\"https:\/\/l21.mx\/wp-content\/uploads\/2022\/11\/WhatsApp-Image-2022-11-25-at-15.02.41-1-1024x682.jpeg\" alt=\"\" width=\"1024\" height=\"682\" srcset=\"https:\/\/l21.mx\/wp-content\/uploads\/2022\/11\/WhatsApp-Image-2022-11-25-at-15.02.41-1-1024x682.jpeg 1024w, https:\/\/l21.mx\/wp-content\/uploads\/2022\/11\/WhatsApp-Image-2022-11-25-at-15.02.41-1-300x200.jpeg 300w, https:\/\/l21.mx\/wp-content\/uploads\/2022\/11\/WhatsApp-Image-2022-11-25-at-15.02.41-1-768x512.jpeg 768w, https:\/\/l21.mx\/wp-content\/uploads\/2022\/11\/WhatsApp-Image-2022-11-25-at-15.02.41-1-1170x780.jpeg 1170w, https:\/\/l21.mx\/wp-content\/uploads\/2022\/11\/WhatsApp-Image-2022-11-25-at-15.02.41-1-585x390.jpeg 585w, https:\/\/l21.mx\/wp-content\/uploads\/2022\/11\/WhatsApp-Image-2022-11-25-at-15.02.41-1-263x175.jpeg 263w, https:\/\/l21.mx\/wp-content\/uploads\/2022\/11\/WhatsApp-Image-2022-11-25-at-15.02.41-1.jpeg 1280w\" sizes=\"(max-width: 1024px) 100vw, 1024px\" \/><\/a><\/p>\n<p>Durante un recorrido, la presidenta municipal se\u00f1al\u00f3 que la avenida estaba en muy mal estado y en respuesta a la demanda ciudadana se dio atenci\u00f3n inmediata. Ser\u00e1n un total de ocho mil 980 M2, con una longitud de 970 metros lineales, de carpeta asf\u00e1ltica de 7 cent\u00edmetros de espesor, lo que representa el doble de que lo se ten\u00eda, ya que la que se quit\u00f3 era de menos de 4 cent\u00edmetros, a fin de darle mayor tiempo de vida \u00fatil.<\/p>\n<p>Lili Campos mencion\u00f3 la construcci\u00f3n de una ciclov\u00eda que llegar\u00e1 a la zona tur\u00edstica y conectar\u00e1 con la que viene de Xcaret hasta la avenida 10, con un total de mil 940 metros cuadrados y 970 metros de guarnici\u00f3n para protecci\u00f3n de ciclistas, por lo que habr\u00e1 una reducci\u00f3n de carriles, lo que obligar\u00e1 a conducir de manera tranquila para seguridad de todos.<\/p>\n<p>Con relaci\u00f3n a lo anterior, Teresita Flota Alcocer, titular de la Secretar\u00eda de Infraestructura y Obras P\u00fablicas, explic\u00f3 que la inversi\u00f3n ser\u00e1 de 7.9 millones de pesos y concluir\u00e1 antes del 15 de diciembre. Se trabaja sin cerrar la vialidad para afectar lo menos posible a la poblaci\u00f3n, primero en un carril y posteriormente el otro. Hoy se inici\u00f3 el riego de sellos del pavimento; se avanza por tramos y en total ser\u00e1n tres capas para llegar a los 7 cent\u00edmetros de carpeta asf\u00e1ltica\u201d indic\u00f3.<\/p>\n","protected":false},"excerpt":{"rendered":"<p>&nbsp; \u2022 La presidenta Lili Campos recorri\u00f3 la avenida aviaci\u00f3n, que es repavimentada con carpeta asf\u00e1ltica&hellip;<\/p>\n","protected":false},"author":100,"featured_media":52044,"comment_status":"closed","ping_status":"closed","sticky":false,"template":"","format":"standard","meta":{"_acf_changed":false,"_lmt_disableupdate":"","_lmt_disable":"","_mbp_gutenberg_autopost":false,"footnotes":""},"categories":[1654],"tags":[],"class_list":["post-52043","post","type-post","status-publish","format-standard","has-post-thumbnail","hentry","category-solidaridad"],"acf":[],"_links":{"self":[{"href":"https:\/\/l21.mx\/index.php?rest_route=\/wp\/v2\/posts\/52043","targetHints":{"allow":["GET"]}}],"collection":[{"href":"https:\/\/l21.mx\/index.php?rest_route=\/wp\/v2\/posts"}],"about":[{"href":"https:\/\/l21.mx\/index.php?rest_route=\/wp\/v2\/types\/post"}],"author":[{"embeddable":true,"href":"https:\/\/l21.mx\/index.php?rest_route=\/wp\/v2\/users\/100"}],"replies":[{"embeddable":true,"href":"https:\/\/l21.mx\/index.php?rest_route=%2Fwp%2Fv2%2Fcomments&post=52043"}],"version-history":[{"count":0,"href":"https:\/\/l21.mx\/index.php?rest_route=\/wp\/v2\/posts\/52043\/revisions"}],"wp:featuredmedia":[{"embeddable":true,"href":"https:\/\/l21.mx\/index.php?rest_route=\/wp\/v2\/media\/52044"}],"wp:attachment":[{"href":"https:\/\/l21.mx\/index.php?rest_route=%2Fwp%2Fv2%2Fmedia&parent=52043"}],"wp:term":[{"taxonomy":"category","embeddable":true,"href":"https:\/\/l21.mx\/index.php?rest_route=%2Fwp%2Fv2%2Fcategories&post=52043"},{"taxonomy":"post_tag","embeddable":true,"href":"https:\/\/l21.mx\/index.php?rest_route=%2Fwp%2Fv2%2Ftags&post=52043"}],"curies":[{"name":"wp","href":"https:\/\/api.w.org\/{rel}","templated":true}]}}