{"id":52051,"date":"2022-11-26T21:57:15","date_gmt":"2022-11-27T02:57:15","guid":{"rendered":"https:\/\/l21.mx\/?p=52051"},"modified":"2022-11-27T21:57:48","modified_gmt":"2022-11-28T02:57:48","slug":"lili-campos-reconoce-aportacion-de-mujeres-por-la-paz","status":"publish","type":"post","link":"https:\/\/l21.mx\/?p=52051","title":{"rendered":"Lili Campos reconoce aportaci\u00f3n de mujeres por la paz"},"content":{"rendered":"<p>&nbsp;<\/p>\n<p>\u2022 A trav\u00e9s del Instituto de la Mujer entreg\u00f3 el galard\u00f3n \u201cMujer Destacada en la Defensa de la Paz y de los Derechos Humanos de las Mujeres\u201d<\/p>\n<p>Playa del Carmen, Solidaridad, 26 de noviembre del 2022.- A trav\u00e9s del Instituto de la Mujer, el gobierno de Lili Campos reconoci\u00f3 hoy con el galard\u00f3n \u201cMujer Destacada en la Defensa de la Paz y de los Derechos Humanos de las Mujeres\u201d a cinco destacadas activistas solidarenses.<\/p>\n<p><a href=\"https:\/\/l21.mx\/wp-content\/uploads\/2022\/11\/WhatsApp-Image-2022-11-25-at-17.54.41-1.jpeg\" data-rel=\"penci-gallery-image-content\" ><img fetchpriority=\"high\" decoding=\"async\" class=\"alignnone size-large wp-image-52053\" src=\"https:\/\/l21.mx\/wp-content\/uploads\/2022\/11\/WhatsApp-Image-2022-11-25-at-17.54.41-1-1024x682.jpeg\" alt=\"\" width=\"1024\" height=\"682\" srcset=\"https:\/\/l21.mx\/wp-content\/uploads\/2022\/11\/WhatsApp-Image-2022-11-25-at-17.54.41-1-1024x682.jpeg 1024w, https:\/\/l21.mx\/wp-content\/uploads\/2022\/11\/WhatsApp-Image-2022-11-25-at-17.54.41-1-300x200.jpeg 300w, https:\/\/l21.mx\/wp-content\/uploads\/2022\/11\/WhatsApp-Image-2022-11-25-at-17.54.41-1-768x512.jpeg 768w, https:\/\/l21.mx\/wp-content\/uploads\/2022\/11\/WhatsApp-Image-2022-11-25-at-17.54.41-1-1170x780.jpeg 1170w, https:\/\/l21.mx\/wp-content\/uploads\/2022\/11\/WhatsApp-Image-2022-11-25-at-17.54.41-1-585x390.jpeg 585w, https:\/\/l21.mx\/wp-content\/uploads\/2022\/11\/WhatsApp-Image-2022-11-25-at-17.54.41-1-263x175.jpeg 263w, https:\/\/l21.mx\/wp-content\/uploads\/2022\/11\/WhatsApp-Image-2022-11-25-at-17.54.41-1.jpeg 1280w\" sizes=\"(max-width: 1024px) 100vw, 1024px\" \/><\/a><\/p>\n<p>Lenni Hau Cruz, directora del Instituto de la Mujer, inform\u00f3 que el jurado calificador decidi\u00f3 galardonar a Lucelly del Carmen Serrato Rubio, Mar\u00eda Alejandra Escobar, Miriam Belem Salgado Mendoza, Margarita Aguilar Fern\u00e1ndez y un reconocimiento especial a Mar\u00eda Dolores S\u00e1enz Dzul, por su trabajo y las aportaciones que inspiran y han contribuido en la defensa de la paz y los derechos humanos.<\/p>\n<p>La premiaci\u00f3n tuvo lugar este d\u00eda en el hotel Ocean Maya Royale, como parte de las acciones que realiza el Instituto por la erradicaci\u00f3n de la violencia contra las mujeres.<\/p>\n","protected":false},"excerpt":{"rendered":"<p>&nbsp; \u2022 A trav\u00e9s del Instituto de la Mujer entreg\u00f3 el galard\u00f3n \u201cMujer Destacada en la&hellip;<\/p>\n","protected":false},"author":100,"featured_media":52052,"comment_status":"closed","ping_status":"closed","sticky":false,"template":"","format":"standard","meta":{"_acf_changed":false,"_lmt_disableupdate":"","_lmt_disable":"","_mbp_gutenberg_autopost":false,"footnotes":""},"categories":[1654],"tags":[],"class_list":["post-52051","post","type-post","status-publish","format-standard","has-post-thumbnail","hentry","category-solidaridad"],"acf":[],"_links":{"self":[{"href":"https:\/\/l21.mx\/index.php?rest_route=\/wp\/v2\/posts\/52051","targetHints":{"allow":["GET"]}}],"collection":[{"href":"https:\/\/l21.mx\/index.php?rest_route=\/wp\/v2\/posts"}],"about":[{"href":"https:\/\/l21.mx\/index.php?rest_route=\/wp\/v2\/types\/post"}],"author":[{"embeddable":true,"href":"https:\/\/l21.mx\/index.php?rest_route=\/wp\/v2\/users\/100"}],"replies":[{"embeddable":true,"href":"https:\/\/l21.mx\/index.php?rest_route=%2Fwp%2Fv2%2Fcomments&post=52051"}],"version-history":[{"count":0,"href":"https:\/\/l21.mx\/index.php?rest_route=\/wp\/v2\/posts\/52051\/revisions"}],"wp:featuredmedia":[{"embeddable":true,"href":"https:\/\/l21.mx\/index.php?rest_route=\/wp\/v2\/media\/52052"}],"wp:attachment":[{"href":"https:\/\/l21.mx\/index.php?rest_route=%2Fwp%2Fv2%2Fmedia&parent=52051"}],"wp:term":[{"taxonomy":"category","embeddable":true,"href":"https:\/\/l21.mx\/index.php?rest_route=%2Fwp%2Fv2%2Fcategories&post=52051"},{"taxonomy":"post_tag","embeddable":true,"href":"https:\/\/l21.mx\/index.php?rest_route=%2Fwp%2Fv2%2Ftags&post=52051"}],"curies":[{"name":"wp","href":"https:\/\/api.w.org\/{rel}","templated":true}]}}