{"id":52105,"date":"2022-12-01T10:01:06","date_gmt":"2022-12-01T15:01:06","guid":{"rendered":"https:\/\/l21.mx\/?p=52105"},"modified":"2022-12-01T10:01:06","modified_gmt":"2022-12-01T15:01:06","slug":"la-zona-hotelera-y-a-los-turistas-no","status":"publish","type":"post","link":"https:\/\/l21.mx\/?p=52105","title":{"rendered":"La Zona Hotelera y a los turistas: \u00a1No!"},"content":{"rendered":"<p>&nbsp;<\/p>\n<p><strong>Para: EMDI, MI AMOR INFINITO<\/strong><\/p>\n<p><strong>\u00a0<\/strong><\/p>\n<p>Debo empezar esta columna manifestando mi inconformidad con lo sucedido hace unas semanas en Canc\u00fan, cuando un grupo de madres de familia, ante la desesperaci\u00f3n por no encontrar a sus hijos, se dejaron manipular por \u201cintereses oscuros\u201d e hicieron lo impensable, cerrar la Zona Hotelera de la ciudad, con un bloqueo que dur\u00f3 m\u00e1s de 8 horas y cuyo objetivo principal era remover al fiscal del estado. Por la noche fue retirado este bloqueo. Las afectaciones son de todo tipo: de imagen, de log\u00edstica, econ\u00f3micas y por supuesto de molestia de todos, principalmente de quienes -en mi opini\u00f3n-, nos dan de comer: los turistas.<\/p>\n<p>Los hoteleros no tardaron en dar su postura y manifestar su inconformidad y anunciar demandas contra los que encabezaron esta reproblable acci\u00f3n; al tiempo. Lo que s\u00ed es cierto es que existe un reglamento y est\u00e1 prohibido hacer este tipo de manifestaciones; no ah\u00ed, no con los turistas, no con el destino. Ojal\u00e1 haya castigo y en serio para los que provocaron esto. No niego que la causa sea leg\u00edtima, pero sin duda no es la forma correcta. LA ZONA HOTELERA Y A LOS TURISTAS, NO.<\/p>\n<p>Se ha dado a conocer el Paquete Econ\u00f3mico para el pr\u00f3ximo a\u00f1o de Quintana Roo: 41 mil 840 millones de pesos; est\u00e1 en manos del Congreso del Estado para su an\u00e1lisis. De aprobarse y hacerse efectivo, las gestiones y buena relaci\u00f3n de la gobernadora Mara Lezama con la federaci\u00f3n, rendir\u00e1n fruto para beneficio de todos los quintanarroenses. Y hablando de Mara, grata sorpresa se llevaron los chetumale\u00f1os al acudir al desfile del 20 de noviembre; rompiendo el protocolo y algo jam\u00e1s visto en Quintana Roo, la gobernadora dej\u00f3 el balc\u00f3n de Palacio de Gobierno y baj\u00e1 a ras de piso, a las gradas, para sentarse junto con la presidenta municipal de Oth\u00f3n P. Blanco y los presidentes de los poderes Legislativo y Judicial, Ren\u00e1n S\u00e1nchez y Heyden Cebada, respectivamente.<\/p>\n<p>Ah\u00ed, entre pl\u00e1tica y atenciones, la ciudadan\u00eda presente pudo estar de cerca con la primera gobernadora del estado y seguir comprobando con el paso de los d\u00edas, que sigue siendo Mara y no se\u00f1ora gobernadora, \u00a1MUY BIEN!. El problema lo tiene su equipo de trabajo, quienes han tenido que considerar en los eventos p\u00fablicos m\u00e1s tiempo para la llegada y la salida de la titular del Ejecutivo, porque est\u00e1 claro que lleve el tiempo que lleve, as\u00ed ser\u00e1 su manera de gobernar y si lo unimos a los resultados que pudieran tenerse, ser\u00e1 muy bueno para todos. Al tiempo.<\/p>\n<p>Por \u00faltimo, quiero invitarlos a que nos sigan en una nueva aventura. Junto con mi hermano Arturo Medina, a quien usted conoce muy bien, a disfrutar semanalmente del an\u00e1lisis informativo de lo acontecido en el estado, en M\u00e9xico y en el mundo, a trav\u00e9s de EL ROSTICERO. S\u00edganos en YouTube, Facebook, Twitter e\u00a0 Instagram. \u00a1Felices fiestas a todos! Nos leemos el pr\u00f3ximo a\u00f1o. Que el camino sea divertido y exitoso. Hasta la pr\u00f3xima<strong>. #EMDI<\/strong><\/p>\n","protected":false},"excerpt":{"rendered":"<p>&nbsp; Para: EMDI, MI AMOR INFINITO \u00a0 Debo empezar esta columna manifestando mi inconformidad con lo&hellip;<\/p>\n","protected":false},"author":100,"featured_media":46197,"comment_status":"closed","ping_status":"closed","sticky":false,"template":"","format":"standard","meta":{"_acf_changed":false,"_lmt_disableupdate":"","_lmt_disable":"","_mbp_gutenberg_autopost":false,"footnotes":""},"categories":[1008],"tags":[],"class_list":["post-52105","post","type-post","status-publish","format-standard","has-post-thumbnail","hentry","category-alejandro-rosel"],"acf":[],"_links":{"self":[{"href":"https:\/\/l21.mx\/index.php?rest_route=\/wp\/v2\/posts\/52105","targetHints":{"allow":["GET"]}}],"collection":[{"href":"https:\/\/l21.mx\/index.php?rest_route=\/wp\/v2\/posts"}],"about":[{"href":"https:\/\/l21.mx\/index.php?rest_route=\/wp\/v2\/types\/post"}],"author":[{"embeddable":true,"href":"https:\/\/l21.mx\/index.php?rest_route=\/wp\/v2\/users\/100"}],"replies":[{"embeddable":true,"href":"https:\/\/l21.mx\/index.php?rest_route=%2Fwp%2Fv2%2Fcomments&post=52105"}],"version-history":[{"count":0,"href":"https:\/\/l21.mx\/index.php?rest_route=\/wp\/v2\/posts\/52105\/revisions"}],"wp:featuredmedia":[{"embeddable":true,"href":"https:\/\/l21.mx\/index.php?rest_route=\/wp\/v2\/media\/46197"}],"wp:attachment":[{"href":"https:\/\/l21.mx\/index.php?rest_route=%2Fwp%2Fv2%2Fmedia&parent=52105"}],"wp:term":[{"taxonomy":"category","embeddable":true,"href":"https:\/\/l21.mx\/index.php?rest_route=%2Fwp%2Fv2%2Fcategories&post=52105"},{"taxonomy":"post_tag","embeddable":true,"href":"https:\/\/l21.mx\/index.php?rest_route=%2Fwp%2Fv2%2Ftags&post=52105"}],"curies":[{"name":"wp","href":"https:\/\/api.w.org\/{rel}","templated":true}]}}