{"id":52136,"date":"2022-12-01T10:18:37","date_gmt":"2022-12-01T15:18:37","guid":{"rendered":"https:\/\/l21.mx\/?p=52136"},"modified":"2022-12-01T10:18:37","modified_gmt":"2022-12-01T15:18:37","slug":"galardonan-a-tierra-y-armonia","status":"publish","type":"post","link":"https:\/\/l21.mx\/?p=52136","title":{"rendered":"Galardonan a Tierra y Armon\u00eda"},"content":{"rendered":"<p>La inmobiliaria mexicana destaca en el Premio Nacional de Vivienda por promover comunidades sustentables que unen vidas, modernidad y naturaleza<\/p>\n<p>&nbsp;<\/p>\n<p>&nbsp;<\/p>\n<p>La inmobiliaria mexicana Tierra y Armon\u00eda, que en Canc\u00fan promueve el desarrollo residencial Kulkana, fue una de las empresas recientemente galardonadas en el Premio Nacional de Vivienda 2021, otorgado a proyectos que fomentan las mejores pr\u00e1cticas en los procesos de producci\u00f3n habitacional en el pa\u00eds.<\/p>\n<p>Este galard\u00f3n lo otorga la Secretar\u00eda de Desarrollo Agrario, Territorial y Urbano, en coordinaci\u00f3n con el Instituto Nacional del Suelo Sustentable y los Organismos Nacionales de Vivienda.<\/p>\n<p>En esta edici\u00f3n, el Premio Nacional de Vivienda 2021 cont\u00f3 con ocho categor\u00edas en las que se registraron 56 proyectos. Tres fueron ganadores y cinco m\u00e1s recibieron menci\u00f3n especial.<\/p>\n<p><a href=\"https:\/\/l21.mx\/wp-content\/uploads\/2022\/12\/WhatsApp-Image-2022-11-23-at-16.22.06-1.jpeg\" data-rel=\"penci-gallery-image-content\" ><img fetchpriority=\"high\" decoding=\"async\" class=\"alignnone size-large wp-image-52137\" src=\"https:\/\/l21.mx\/wp-content\/uploads\/2022\/12\/WhatsApp-Image-2022-11-23-at-16.22.06-1-1024x768.jpeg\" alt=\"\" width=\"1024\" height=\"768\" srcset=\"https:\/\/l21.mx\/wp-content\/uploads\/2022\/12\/WhatsApp-Image-2022-11-23-at-16.22.06-1-1024x768.jpeg 1024w, https:\/\/l21.mx\/wp-content\/uploads\/2022\/12\/WhatsApp-Image-2022-11-23-at-16.22.06-1-300x225.jpeg 300w, https:\/\/l21.mx\/wp-content\/uploads\/2022\/12\/WhatsApp-Image-2022-11-23-at-16.22.06-1-768x576.jpeg 768w, https:\/\/l21.mx\/wp-content\/uploads\/2022\/12\/WhatsApp-Image-2022-11-23-at-16.22.06-1-1536x1152.jpeg 1536w, https:\/\/l21.mx\/wp-content\/uploads\/2022\/12\/WhatsApp-Image-2022-11-23-at-16.22.06-1-1170x878.jpeg 1170w, https:\/\/l21.mx\/wp-content\/uploads\/2022\/12\/WhatsApp-Image-2022-11-23-at-16.22.06-1-585x439.jpeg 585w, https:\/\/l21.mx\/wp-content\/uploads\/2022\/12\/WhatsApp-Image-2022-11-23-at-16.22.06-1.jpeg 1600w\" sizes=\"(max-width: 1024px) 100vw, 1024px\" \/><\/a><\/p>\n<p><strong>Vivienda Adecuada<\/strong><\/p>\n<p>&nbsp;<\/p>\n<p>Esta empresa, l\u00edder en creaciones inmobiliarias en el occidente del pa\u00eds, obtuvo Menci\u00f3n Especial en la categor\u00eda, Promoci\u00f3n de la Vivienda Adecuada, con el proyecto Capital Sur, en Quer\u00e9taro.<\/p>\n<p>De acuerdo con Tierra y Armon\u00eda, el proyecto es una comunidad planeada, que tiene como eje principal a sus habitantes actuales y futuros, que disfrutar\u00e1n de espacios en los que encontrar\u00e1n servicios, amenidades y \u00e1reas p\u00fablicas de calidad.<\/p>\n<p>En cada uno de los proyectos de Tierra y Armon\u00eda se privilegia al peat\u00f3n y a la formaci\u00f3n del tejido social, al crear espacios que dan lugar a experiencias que promueven la creaci\u00f3n de comunidades sustentables que unen vidas, modernidad y naturaleza.<\/p>\n<p><a href=\"https:\/\/l21.mx\/wp-content\/uploads\/2022\/12\/Kukana.jpg\" data-rel=\"penci-gallery-image-content\" ><img decoding=\"async\" class=\"alignnone size-large wp-image-52140\" src=\"https:\/\/l21.mx\/wp-content\/uploads\/2022\/12\/Kukana-1024x658.jpg\" alt=\"\" width=\"1024\" height=\"658\" srcset=\"https:\/\/l21.mx\/wp-content\/uploads\/2022\/12\/Kukana-1024x658.jpg 1024w, https:\/\/l21.mx\/wp-content\/uploads\/2022\/12\/Kukana-300x193.jpg 300w, https:\/\/l21.mx\/wp-content\/uploads\/2022\/12\/Kukana-768x494.jpg 768w, https:\/\/l21.mx\/wp-content\/uploads\/2022\/12\/Kukana-1170x752.jpg 1170w, https:\/\/l21.mx\/wp-content\/uploads\/2022\/12\/Kukana-585x376.jpg 585w, https:\/\/l21.mx\/wp-content\/uploads\/2022\/12\/Kukana.jpg 1500w\" sizes=\"(max-width: 1024px) 100vw, 1024px\" \/><\/a><\/p>\n<p>Directivos de la inmobiliaria recalcaron que dise\u00f1ar una vivienda es m\u00e1s que un compromiso, es algo que los mueve e inspira a estar m\u00e1s cerca de la gente, integrando funcionalidad y calidad de vida, transformando la experiencia de vida con proyectos sorprendentes.<\/p>\n<p>Adem\u00e1s, obtuvo por noveno a\u00f1o consecutivo el reconocimiento como una de las Mejores Empresas Mexicanas, edici\u00f3n 2022, accediendo a la Categor\u00eda Platino.<\/p>\n<p>La iniciativa Mejores Empresas Mexicanas es promovida por Citibanamex, Deloitte y el Tecnol\u00f3gico de Monterrey y se otorga a las empresas mexicanas que destacan por su alto nivel de desempe\u00f1o en la gesti\u00f3n de negocios.<\/p>\n<p><a href=\"https:\/\/l21.mx\/wp-content\/uploads\/2022\/12\/Capital-sur.jpg\" data-rel=\"penci-gallery-image-content\" ><img decoding=\"async\" class=\"alignnone size-large wp-image-52139\" src=\"https:\/\/l21.mx\/wp-content\/uploads\/2022\/12\/Capital-sur-1024x683.jpg\" alt=\"\" width=\"1024\" height=\"683\" srcset=\"https:\/\/l21.mx\/wp-content\/uploads\/2022\/12\/Capital-sur-1024x683.jpg 1024w, https:\/\/l21.mx\/wp-content\/uploads\/2022\/12\/Capital-sur-300x200.jpg 300w, https:\/\/l21.mx\/wp-content\/uploads\/2022\/12\/Capital-sur-768x512.jpg 768w, https:\/\/l21.mx\/wp-content\/uploads\/2022\/12\/Capital-sur-1536x1025.jpg 1536w, https:\/\/l21.mx\/wp-content\/uploads\/2022\/12\/Capital-sur-1170x781.jpg 1170w, https:\/\/l21.mx\/wp-content\/uploads\/2022\/12\/Capital-sur-585x390.jpg 585w, https:\/\/l21.mx\/wp-content\/uploads\/2022\/12\/Capital-sur-263x175.jpg 263w, https:\/\/l21.mx\/wp-content\/uploads\/2022\/12\/Capital-sur.jpg 1800w\" sizes=\"(max-width: 1024px) 100vw, 1024px\" \/><\/a><\/p>\n<p><strong><u>:::::::::::::::::::::::::::::::::::::::::::<\/u><\/strong><\/p>\n<p>&nbsp;<\/p>\n<p><strong>Joya inmobiliaria en Canc\u00fan<\/strong><\/p>\n<p>&nbsp;<\/p>\n<p>* Tierra y Armon\u00eda construye en Canc\u00fan el desarrollo Kulkana, que a la fecha lleva m\u00e1s de 500 unidades comercializadas en la etapa de preventa.<\/p>\n<p>&nbsp;<\/p>\n<p>* Se ubica en un predio de 300 hect\u00e1reas localizado a unos metros del entronque de la autopista Canc\u00fan-M\u00e9rida, a cinco minutos de la playa y el aeropuerto, cerca de una estaci\u00f3n del Tren Maya y de un nuevo centro comercial que se construye en la carretera federal Canc\u00fan-Playa del Carmen.<\/p>\n<p>&nbsp;<\/p>\n<p>* Incluye casa club con alberca, ciclopista, cine al aire libre, zona picnic, gimnasio, muelle, pista para hacer ejercicio y ciclov\u00eda.<\/p>\n<p>&nbsp;<\/p>\n","protected":false},"excerpt":{"rendered":"<p>La inmobiliaria mexicana destaca en el Premio Nacional de Vivienda por promover comunidades sustentables que unen&hellip;<\/p>\n","protected":false},"author":100,"featured_media":52138,"comment_status":"closed","ping_status":"closed","sticky":false,"template":"","format":"standard","meta":{"_acf_changed":false,"_lmt_disableupdate":"","_lmt_disable":"","_mbp_gutenberg_autopost":false,"footnotes":""},"categories":[4],"tags":[],"class_list":["post-52136","post","type-post","status-publish","format-standard","has-post-thumbnail","hentry","category-empresas-y-negocios"],"acf":[],"_links":{"self":[{"href":"https:\/\/l21.mx\/index.php?rest_route=\/wp\/v2\/posts\/52136","targetHints":{"allow":["GET"]}}],"collection":[{"href":"https:\/\/l21.mx\/index.php?rest_route=\/wp\/v2\/posts"}],"about":[{"href":"https:\/\/l21.mx\/index.php?rest_route=\/wp\/v2\/types\/post"}],"author":[{"embeddable":true,"href":"https:\/\/l21.mx\/index.php?rest_route=\/wp\/v2\/users\/100"}],"replies":[{"embeddable":true,"href":"https:\/\/l21.mx\/index.php?rest_route=%2Fwp%2Fv2%2Fcomments&post=52136"}],"version-history":[{"count":0,"href":"https:\/\/l21.mx\/index.php?rest_route=\/wp\/v2\/posts\/52136\/revisions"}],"wp:featuredmedia":[{"embeddable":true,"href":"https:\/\/l21.mx\/index.php?rest_route=\/wp\/v2\/media\/52138"}],"wp:attachment":[{"href":"https:\/\/l21.mx\/index.php?rest_route=%2Fwp%2Fv2%2Fmedia&parent=52136"}],"wp:term":[{"taxonomy":"category","embeddable":true,"href":"https:\/\/l21.mx\/index.php?rest_route=%2Fwp%2Fv2%2Fcategories&post=52136"},{"taxonomy":"post_tag","embeddable":true,"href":"https:\/\/l21.mx\/index.php?rest_route=%2Fwp%2Fv2%2Ftags&post=52136"}],"curies":[{"name":"wp","href":"https:\/\/api.w.org\/{rel}","templated":true}]}}