{"id":52196,"date":"2022-12-01T19:31:12","date_gmt":"2022-12-02T00:31:12","guid":{"rendered":"https:\/\/l21.mx\/?p=52196"},"modified":"2022-12-01T19:31:12","modified_gmt":"2022-12-02T00:31:12","slug":"2022-corte-de-caja","status":"publish","type":"post","link":"https:\/\/l21.mx\/?p=52196","title":{"rendered":"2022,\u00a0corte de caja"},"content":{"rendered":"<ul>\n<li><b>Amador Guti\u00e9rrez Guigui<\/b><\/li>\n<li>agutierrez@latitud21.com.mx<\/li>\n<li><span class=\"Apple-converted-space\">\u00a0<\/span>@AmadorG_G<\/li>\n<\/ul>\n<p>&nbsp;<\/p>\n<p>Termina el a\u00f1o 2022 y eso nos lleva a la reflexi\u00f3n de lo que significaron estos 12 meses para nuestro Quintana Roo.<\/p>\n<p>Sin duda el balance es bueno. Durante el primer trimestre, la actividad econ\u00f3mica mostr\u00f3 un movimiento anual de 10.2 %, que result\u00f3 del avance reportado en las Actividades Primarias y Secundarias de 2.5 %, individualmente, y del aumento de las Terciarias de 11.5 por ciento, seg\u00fan datos del Inegi.<\/p>\n<p>En el segundo trimestre la poblaci\u00f3n econ\u00f3micamente activa de Quintana Roo fue de 961k personas. La fuerza laboral ocupada alcanz\u00f3 las 933k personas (38.8% mujeres y 61.2% hombres) con un salario promedio mensual de $6.05k MX. Las ocupaciones que concentran mayor n\u00famero de trabajadores fueron empleados de ventas, despachadores y dependientes en comercios (65.5k), conductores de autobuses, camiones, camionetas, taxis y autom\u00f3viles de pasajeros (37.6k) y M\u00bfmeseros (29.7k). Se registraron 27.4k desempleados (tasa de desempleo de 2.85%).<\/p>\n<p>Y esa perspectiva marca c\u00f3mo estamos terminando el a\u00f1o; existe una mesurada recuperaci\u00f3n econ\u00f3mica, pero ya se ve luz al final del t\u00fanel.<\/p>\n<p>Un elemento adicional es que en lo que va de 2022, el tipo de cambio peso\/d\u00f3lar reporta un nivel promedio de 20.49 ppd y una depreciaci\u00f3n acumulada de 47 centavos por d\u00f3lar (+2.3%), pero entramos a diciembre con el tipo de cambio en su mayor nivel en 11 semanas, lo cual es una buena noticia para el sector tur\u00edstico y de servicios.<\/p>\n<p>De hecho, se esperan ocupaciones del 100% para Canc\u00fan y la Riviera Maya, pero tambi\u00e9n para Tulum. Con el fin de la temporada de sargazo, los grandes hoteles tienen garantizado llegar a 100 por ciento con las reservaciones que reciben con varios meses de anticipaci\u00f3n, mientras que los hoteles del centro y de la zona costera esperan llegar al menos a 90 por ciento para diciembre y enero.<\/p>\n<p>Y en el sur, dos hechos importantes: el primero, la ratificaci\u00f3n de Bacalar como Pueblo M\u00e1gico, lo cual le da un aliciente para la llegada de visitantes y la declaraci\u00f3n del centro hist\u00f3rico de Chetumal, la capital de Quintana Roo, como el primer Barrio M\u00e1gico de M\u00e9xico, a cargo de la Secretar\u00eda de Turismo (Sectur).<\/p>\n<p>Adem\u00e1s, se han tomado medidas para evitar un rebrote del COVID-19, el cual paulatinamente ha dejado de ser una amenaza mortal para la poblaci\u00f3n.<\/p>\n<p>La inseguridad sigue siendo el gran pendiente por resolver, pero podemos congratularnos de que el 2022 fue un a\u00f1o de recuperaci\u00f3n tanto a nivel estatal como en el seno de las familias quintanarroenses. Es por ello que deseamos un venturoso 2023 y que nos sigamos consolidando como el mejor destino tur\u00edstico de M\u00e9xico y Latinoam\u00e9rica y construyendo una mejor sociedad.<\/p>\n<p>En portada en esta ocasi\u00f3n llevamos al rector de la Universidad la Salle Canc\u00fan, el cual est\u00e1 cumpliendo aniversario n\u00famero 30. En lo particular me siento orgulloso, debido a que es mi alma m\u00e1ter, en donde estudi\u00e9 desde la secundaria hasta la licenciatura, y saber que la educaci\u00f3n en centros educativos como el sistema del lasallismo dentro del pa\u00eds es un tema formativo y con el objetivo de egresar excelentes ciudadanos profesionistas con valores. <span class=\"Apple-converted-space\">\u00a0 \u00a0<\/span><\/p>\n","protected":false},"excerpt":{"rendered":"<p>Amador Guti\u00e9rrez Guigui agutierrez@latitud21.com.mx \u00a0@AmadorG_G &nbsp; Termina el a\u00f1o 2022 y eso nos lleva a la&hellip;<\/p>\n","protected":false},"author":95,"featured_media":46179,"comment_status":"closed","ping_status":"closed","sticky":false,"template":"","format":"standard","meta":{"_acf_changed":false,"_lmt_disableupdate":"","_lmt_disable":"","_mbp_gutenberg_autopost":false,"footnotes":""},"categories":[670],"tags":[],"class_list":["post-52196","post","type-post","status-publish","format-standard","has-post-thumbnail","hentry","category-amador-gutierrez"],"acf":[],"_links":{"self":[{"href":"https:\/\/l21.mx\/index.php?rest_route=\/wp\/v2\/posts\/52196","targetHints":{"allow":["GET"]}}],"collection":[{"href":"https:\/\/l21.mx\/index.php?rest_route=\/wp\/v2\/posts"}],"about":[{"href":"https:\/\/l21.mx\/index.php?rest_route=\/wp\/v2\/types\/post"}],"author":[{"embeddable":true,"href":"https:\/\/l21.mx\/index.php?rest_route=\/wp\/v2\/users\/95"}],"replies":[{"embeddable":true,"href":"https:\/\/l21.mx\/index.php?rest_route=%2Fwp%2Fv2%2Fcomments&post=52196"}],"version-history":[{"count":0,"href":"https:\/\/l21.mx\/index.php?rest_route=\/wp\/v2\/posts\/52196\/revisions"}],"wp:featuredmedia":[{"embeddable":true,"href":"https:\/\/l21.mx\/index.php?rest_route=\/wp\/v2\/media\/46179"}],"wp:attachment":[{"href":"https:\/\/l21.mx\/index.php?rest_route=%2Fwp%2Fv2%2Fmedia&parent=52196"}],"wp:term":[{"taxonomy":"category","embeddable":true,"href":"https:\/\/l21.mx\/index.php?rest_route=%2Fwp%2Fv2%2Fcategories&post=52196"},{"taxonomy":"post_tag","embeddable":true,"href":"https:\/\/l21.mx\/index.php?rest_route=%2Fwp%2Fv2%2Ftags&post=52196"}],"curies":[{"name":"wp","href":"https:\/\/api.w.org\/{rel}","templated":true}]}}