{"id":52312,"date":"2022-12-07T09:42:59","date_gmt":"2022-12-07T14:42:59","guid":{"rendered":"https:\/\/l21.mx\/?p=52312"},"modified":"2022-12-07T09:42:59","modified_gmt":"2022-12-07T14:42:59","slug":"vanguardia-hospitalaria-2","status":"publish","type":"post","link":"https:\/\/l21.mx\/?p=52312","title":{"rendered":"Vanguardia\u00a0hospitalaria"},"content":{"rendered":"<p>&nbsp;<\/p>\n<p><b>Con la remodelaci\u00f3n de Amerimed Hospitals Playa del Carmen, el grupo refrenda el compromiso de brindar servicios m\u00e9dicos de especialidad, de la m\u00e1s alta calidad y tecnolog\u00eda de primera<\/b><\/p>\n<p><b>A<\/b>postando por la tecnolog\u00eda de \u00faltima generaci\u00f3n, instalaciones modernas y profesionales de la industria m\u00e9dica, Amerimed Hospitals Playa del Carmen abri\u00f3 sus nuevas instalaciones, totalmente remodeladas, con el objetivo de brindar la mejor atenci\u00f3n m\u00e9dica a la comunidad de toda la Riviera Maya. <span class=\"Apple-converted-space\">\u00a0 \u00a0 \u00a0 \u00a0<\/span><\/p>\n<div data-sliderid=\"61383\" id=\"penci-post-gallery__61383\" class=\"penci-post-gallery-container justified column-3\" data-height=\"150\" data-margin=\"3\"><a class=\"penci-gallery-ite item-gallery-justified\" href=\"https:\/\/l21.mx\/wp-content\/uploads\/2022\/12\/Recorrido-Amerimed-1.jpg\" data-rel=\"penci-gallery-image-content\" ><img decoding=\"async\" src=\"https:\/\/l21.mx\/wp-content\/uploads\/2022\/12\/Recorrido-Amerimed-1-585x390.jpg\" alt=\"\" title=\"Recorrido-Amerimed-1\"><\/a><a class=\"penci-gallery-ite item-gallery-justified\" href=\"https:\/\/l21.mx\/wp-content\/uploads\/2022\/12\/Recorrido-Amerimed-4.jpg\" data-rel=\"penci-gallery-image-content\" ><img decoding=\"async\" src=\"https:\/\/l21.mx\/wp-content\/uploads\/2022\/12\/Recorrido-Amerimed-4-585x390.jpg\" alt=\"\" title=\"Recorrido-Amerimed-4\"><\/a><a class=\"penci-gallery-ite item-gallery-justified\" href=\"https:\/\/l21.mx\/wp-content\/uploads\/2022\/12\/Recorrido-Amerimed-11.jpg\" data-rel=\"penci-gallery-image-content\" ><img decoding=\"async\" src=\"https:\/\/l21.mx\/wp-content\/uploads\/2022\/12\/Recorrido-Amerimed-11-585x390.jpg\" alt=\"\" title=\"Recorrido-Amerimed-11\"><\/a><a class=\"penci-gallery-ite item-gallery-justified\" href=\"https:\/\/l21.mx\/wp-content\/uploads\/2022\/12\/Recorrido-Amerimed-17.jpg\" data-rel=\"penci-gallery-image-content\" ><img decoding=\"async\" src=\"https:\/\/l21.mx\/wp-content\/uploads\/2022\/12\/Recorrido-Amerimed-17-585x390.jpg\" alt=\"\" title=\"Recorrido-Amerimed-17\"><\/a><a class=\"penci-gallery-ite item-gallery-justified\" href=\"https:\/\/l21.mx\/wp-content\/uploads\/2022\/12\/Recorrido-Amerimed-24.jpg\" data-rel=\"penci-gallery-image-content\" ><img decoding=\"async\" src=\"https:\/\/l21.mx\/wp-content\/uploads\/2022\/12\/Recorrido-Amerimed-24-585x390.jpg\" alt=\"\" title=\"Recorrido-Amerimed-24\"><\/a><a class=\"penci-gallery-ite item-gallery-justified\" href=\"https:\/\/l21.mx\/wp-content\/uploads\/2022\/12\/Recorrido-Amerimed-28.jpg\" data-rel=\"penci-gallery-image-content\" ><img decoding=\"async\" src=\"https:\/\/l21.mx\/wp-content\/uploads\/2022\/12\/Recorrido-Amerimed-28-585x390.jpg\" alt=\"\" title=\"Recorrido-Amerimed-28\"><\/a><a class=\"penci-gallery-ite item-gallery-justified\" href=\"https:\/\/l21.mx\/wp-content\/uploads\/2022\/12\/Recorrido-Amerimed-43.jpg\" data-rel=\"penci-gallery-image-content\" ><img decoding=\"async\" src=\"https:\/\/l21.mx\/wp-content\/uploads\/2022\/12\/Recorrido-Amerimed-43-585x390.jpg\" alt=\"\" title=\"Recorrido-Amerimed-43\"><\/a><a class=\"penci-gallery-ite item-gallery-justified\" href=\"https:\/\/l21.mx\/wp-content\/uploads\/2022\/12\/Recorrido-Amerimed-44.jpg\" data-rel=\"penci-gallery-image-content\" ><img decoding=\"async\" src=\"https:\/\/l21.mx\/wp-content\/uploads\/2022\/12\/Recorrido-Amerimed-44-585x390.jpg\" alt=\"\" title=\"Recorrido-Amerimed-44\"><\/a><\/div>\n<p>Rafael Espino de la Pe\u00f1a, director general de Grupo Amerimed Hospitals, cort\u00f3 el list\u00f3n inaugural, acompa\u00f1ado de Flavio Carlos Rosado, secretario de Salud de Quintana Roo, en representaci\u00f3n de la gobernadora; Rosita Campos, presidenta del DIF Solidaridad, as\u00ed como empresarios, amigos, clientes y colaboradores.<span class=\"Apple-converted-space\">\u00a0<\/span><\/p>\n<p>De esta manera, Amerimed refrenda su compromiso de invertir en este polo tur\u00edstico, para ofrecer una sobresaliente infraestructura hospitalaria, en beneficio de los residentes y los turistas que visitan Playa del Carmen y sus alrededores.<\/p>\n<p>Con el estreno de este inmueble, la Unidad Playa del Carmen de Amerimed, l\u00edder en el Caribe Mexicano, se consolida como el mejor grupo hospitalario de la zona.<\/p>\n<p>El lugar cuenta con 21 habitaciones, tom\u00f3grafo de 128 cortes, rayos X, ultrasonido, \u00e1rea de cuneros, cunero patol\u00f3gico, terapia intensiva, cuarto de choque, urgencias y su nueva resonancia magn\u00e9tica, para apoyar los servicios hospitalarios de primer nivel que se ofrecen desde el a\u00f1o 2018.<span class=\"Apple-converted-space\">\u00a0<\/span><\/p>\n<p>Su moderno motor lobby refuerza la calidad en el servicio y la mejora continua en la que el grupo constantemente trabaja.<span class=\"Apple-converted-space\">\u00a0<\/span><\/p>\n<p>Adem\u00e1s, ampliar\u00e1 su plantilla de colaboradores, generando 160 empleos directos, trabajo con proveedores de la pen\u00ednsula y ofreciendo capacitaci\u00f3n constante a su talento en todas las \u00e1reas.<\/p>\n<p>Con unidades en Canc\u00fan, Cozumel, Playa del Carmen y un CAM en Isla Mujeres, Grupo Amerimed Hospitals apuesta por su crecimiento y trabaja para ampliarse a Tulum y M\u00e9rida en los pr\u00f3ximos meses.<span class=\"Apple-converted-space\">\u00a0 <\/span><span class=\"Apple-converted-space\">\u00a0<\/span><\/p>\n<div data-sliderid=\"11074\" id=\"penci-post-gallery__11074\" class=\"penci-post-gallery-container justified column-3\" data-height=\"150\" data-margin=\"3\"><a class=\"penci-gallery-ite item-gallery-justified\" href=\"https:\/\/l21.mx\/wp-content\/uploads\/2022\/12\/AMERIMED-PLAYA-DEL-CARMEN-42.jpg\" data-rel=\"penci-gallery-image-content\" ><img decoding=\"async\" src=\"https:\/\/l21.mx\/wp-content\/uploads\/2022\/12\/AMERIMED-PLAYA-DEL-CARMEN-42-585x390.jpg\" alt=\"\" title=\"AMERIMED-PLAYA-DEL-CARMEN-42\"><\/a><a class=\"penci-gallery-ite item-gallery-justified\" href=\"https:\/\/l21.mx\/wp-content\/uploads\/2022\/12\/AMERIMED-PLAYA-DEL-CARMEN-34.jpg\" data-rel=\"penci-gallery-image-content\" ><img decoding=\"async\" src=\"https:\/\/l21.mx\/wp-content\/uploads\/2022\/12\/AMERIMED-PLAYA-DEL-CARMEN-34-585x390.jpg\" alt=\"\" title=\"AMERIMED-PLAYA-DEL-CARMEN-34\"><\/a><a class=\"penci-gallery-ite item-gallery-justified\" href=\"https:\/\/l21.mx\/wp-content\/uploads\/2022\/12\/AMERIMED-PLAYA-DEL-CARMEN-23.jpg\" data-rel=\"penci-gallery-image-content\" ><img decoding=\"async\" src=\"https:\/\/l21.mx\/wp-content\/uploads\/2022\/12\/AMERIMED-PLAYA-DEL-CARMEN-23-585x390.jpg\" alt=\"\" title=\"AMERIMED-PLAYA-DEL-CARMEN-23\"><\/a><a class=\"penci-gallery-ite item-gallery-justified\" href=\"https:\/\/l21.mx\/wp-content\/uploads\/2022\/12\/AMERIMED-PLAYA-DEL-CARMEN-13.jpg\" data-rel=\"penci-gallery-image-content\" ><img decoding=\"async\" src=\"https:\/\/l21.mx\/wp-content\/uploads\/2022\/12\/AMERIMED-PLAYA-DEL-CARMEN-13-585x390.jpg\" alt=\"\" title=\"AMERIMED-PLAYA-DEL-CARMEN-13\"><\/a><a class=\"penci-gallery-ite item-gallery-justified\" href=\"https:\/\/l21.mx\/wp-content\/uploads\/2022\/12\/AMERIMED-PLAYA-DEL-CARMEN-6.jpg\" data-rel=\"penci-gallery-image-content\" ><img decoding=\"async\" src=\"https:\/\/l21.mx\/wp-content\/uploads\/2022\/12\/AMERIMED-PLAYA-DEL-CARMEN-6-585x390.jpg\" alt=\"\" title=\"AMERIMED-PLAYA-DEL-CARMEN-6\"><\/a><a class=\"penci-gallery-ite item-gallery-justified\" href=\"https:\/\/l21.mx\/wp-content\/uploads\/2022\/12\/AMERIMED-PLAYA-DEL-CARMEN-1.jpg\" data-rel=\"penci-gallery-image-content\" ><img decoding=\"async\" src=\"https:\/\/l21.mx\/wp-content\/uploads\/2022\/12\/AMERIMED-PLAYA-DEL-CARMEN-1-585x390.jpg\" alt=\"\" title=\"AMERIMED-PLAYA-DEL-CARMEN-1\"><\/a><\/div>\n","protected":false},"excerpt":{"rendered":"<p>&nbsp; Con la remodelaci\u00f3n de Amerimed Hospitals Playa del Carmen, el grupo refrenda el compromiso de&hellip;<\/p>\n","protected":false},"author":95,"featured_media":52321,"comment_status":"closed","ping_status":"closed","sticky":false,"template":"","format":"standard","meta":{"_acf_changed":false,"_lmt_disableupdate":"","_lmt_disable":"","_mbp_gutenberg_autopost":false,"footnotes":""},"categories":[4,23],"tags":[],"class_list":["post-52312","post","type-post","status-publish","format-standard","has-post-thumbnail","hentry","category-empresas-y-negocios","category-noticias"],"acf":[],"_links":{"self":[{"href":"https:\/\/l21.mx\/index.php?rest_route=\/wp\/v2\/posts\/52312","targetHints":{"allow":["GET"]}}],"collection":[{"href":"https:\/\/l21.mx\/index.php?rest_route=\/wp\/v2\/posts"}],"about":[{"href":"https:\/\/l21.mx\/index.php?rest_route=\/wp\/v2\/types\/post"}],"author":[{"embeddable":true,"href":"https:\/\/l21.mx\/index.php?rest_route=\/wp\/v2\/users\/95"}],"replies":[{"embeddable":true,"href":"https:\/\/l21.mx\/index.php?rest_route=%2Fwp%2Fv2%2Fcomments&post=52312"}],"version-history":[{"count":0,"href":"https:\/\/l21.mx\/index.php?rest_route=\/wp\/v2\/posts\/52312\/revisions"}],"wp:featuredmedia":[{"embeddable":true,"href":"https:\/\/l21.mx\/index.php?rest_route=\/wp\/v2\/media\/52321"}],"wp:attachment":[{"href":"https:\/\/l21.mx\/index.php?rest_route=%2Fwp%2Fv2%2Fmedia&parent=52312"}],"wp:term":[{"taxonomy":"category","embeddable":true,"href":"https:\/\/l21.mx\/index.php?rest_route=%2Fwp%2Fv2%2Fcategories&post=52312"},{"taxonomy":"post_tag","embeddable":true,"href":"https:\/\/l21.mx\/index.php?rest_route=%2Fwp%2Fv2%2Ftags&post=52312"}],"curies":[{"name":"wp","href":"https:\/\/api.w.org\/{rel}","templated":true}]}}