{"id":52380,"date":"2022-12-12T21:28:03","date_gmt":"2022-12-13T02:28:03","guid":{"rendered":"https:\/\/l21.mx\/?p=52380"},"modified":"2022-12-12T21:28:03","modified_gmt":"2022-12-13T02:28:03","slug":"la-renovacion-en-solidaridad-no-se-detiene-lili-campos","status":"publish","type":"post","link":"https:\/\/l21.mx\/?p=52380","title":{"rendered":"La renovaci\u00f3n en Solidaridad no se detiene: Lili Campos"},"content":{"rendered":"<p>&nbsp;<\/p>\n<p>\u2022 Destaca la presidenta municipal m\u00e1s acciones para ordenar los servicios de la ciudad, en beneficio de los habitantes<\/p>\n<p>Playa del Carmen, Solidaridad, 12 de diciembre del 2022.- En su informe semanal, la presidenta Lili Campos anunci\u00f3 que, para continuar con el ordenamiento y mejoramiento de la imagen en la zona tur\u00edstica, en pr\u00f3ximos d\u00edas la Secretar\u00eda de Ordenamiento Territorial y Urbano, iniciar\u00e1 expedientes sancionadores a los comerciantes de la Quinta Avenida que tengan sobre la v\u00eda p\u00fablica construcciones sin permisos, procediendo a la demolici\u00f3n de todas las instalaciones irregulares.<\/p>\n<p>A\u00f1adi\u00f3, entre los diversos temas que dio a conocer, que para mejorar la imagen urbana se han eliminado 593 micro y macro tiraderos, con un total de ocho mil 370 toneladas recolectadas y se han establecido 57 rutas de recolecci\u00f3n de basura. \u201cHoy, contamos con dos barredoras que atender\u00e1n la zona tur\u00edstica y poblacional\u201d, inform\u00f3.<\/p>\n<p><a href=\"https:\/\/l21.mx\/wp-content\/uploads\/2022\/12\/WhatsApp-Image-2022-12-12-at-13.45.01.jpeg\" data-rel=\"penci-gallery-image-content\" ><img fetchpriority=\"high\" decoding=\"async\" class=\"alignnone size-large wp-image-52381\" src=\"https:\/\/l21.mx\/wp-content\/uploads\/2022\/12\/WhatsApp-Image-2022-12-12-at-13.45.01-1024x682.jpeg\" alt=\"\" width=\"1024\" height=\"682\" srcset=\"https:\/\/l21.mx\/wp-content\/uploads\/2022\/12\/WhatsApp-Image-2022-12-12-at-13.45.01-1024x682.jpeg 1024w, https:\/\/l21.mx\/wp-content\/uploads\/2022\/12\/WhatsApp-Image-2022-12-12-at-13.45.01-300x200.jpeg 300w, https:\/\/l21.mx\/wp-content\/uploads\/2022\/12\/WhatsApp-Image-2022-12-12-at-13.45.01-768x512.jpeg 768w, https:\/\/l21.mx\/wp-content\/uploads\/2022\/12\/WhatsApp-Image-2022-12-12-at-13.45.01-1170x780.jpeg 1170w, https:\/\/l21.mx\/wp-content\/uploads\/2022\/12\/WhatsApp-Image-2022-12-12-at-13.45.01-585x390.jpeg 585w, https:\/\/l21.mx\/wp-content\/uploads\/2022\/12\/WhatsApp-Image-2022-12-12-at-13.45.01-263x175.jpeg 263w, https:\/\/l21.mx\/wp-content\/uploads\/2022\/12\/WhatsApp-Image-2022-12-12-at-13.45.01.jpeg 1280w\" sizes=\"(max-width: 1024px) 100vw, 1024px\" \/><\/a><\/p>\n<p>El reordenamiento y renovaci\u00f3n del municipio favorece a todos los sectores, expres\u00f3 Lili Campos. \u201cEste s\u00e1bado iniciaremos la construcci\u00f3n de la playa inclusiva Playa Pel\u00edcanos (con certificaciones Blue Flag y Platino), con inversi\u00f3n de cuatro millones ochocientos mil pesos, para que las personas con discapacidad puedan disfrutar de estos espacios\u201d.<\/p>\n<p>La edil destac\u00f3 los reconocimientos a su gobierno a nivel federal: el Premio Municipal al Buen Gobierno 2022 y el reconocimiento de la Secretar\u00eda de Gobernaci\u00f3n del Gobierno de M\u00e9xico por obtener, por primera vez, el resultado m\u00e1s alto (58.04) a nivel estatal, en la gu\u00eda Consultiva de Desempe\u00f1o Municipal 2022.<\/p>\n<p>El gobierno solidarense tambi\u00e9n recibi\u00f3 un reconocimiento del IDAIP Quintana Roo, de manos de la gobernadora Mara Lezama, por firmar la declaratoria de Municipios y de Parlamento Abierto, convirti\u00e9ndose Quintana Roo en el primer estado del pa\u00eds en el que todos los municipios firman esta declaratoria.<\/p>\n","protected":false},"excerpt":{"rendered":"<p>&nbsp; \u2022 Destaca la presidenta municipal m\u00e1s acciones para ordenar los servicios de la ciudad, en&hellip;<\/p>\n","protected":false},"author":100,"featured_media":52382,"comment_status":"closed","ping_status":"closed","sticky":false,"template":"","format":"standard","meta":{"_acf_changed":false,"_lmt_disableupdate":"","_lmt_disable":"","_mbp_gutenberg_autopost":false,"footnotes":""},"categories":[1654],"tags":[],"class_list":["post-52380","post","type-post","status-publish","format-standard","has-post-thumbnail","hentry","category-solidaridad"],"acf":[],"_links":{"self":[{"href":"https:\/\/l21.mx\/index.php?rest_route=\/wp\/v2\/posts\/52380","targetHints":{"allow":["GET"]}}],"collection":[{"href":"https:\/\/l21.mx\/index.php?rest_route=\/wp\/v2\/posts"}],"about":[{"href":"https:\/\/l21.mx\/index.php?rest_route=\/wp\/v2\/types\/post"}],"author":[{"embeddable":true,"href":"https:\/\/l21.mx\/index.php?rest_route=\/wp\/v2\/users\/100"}],"replies":[{"embeddable":true,"href":"https:\/\/l21.mx\/index.php?rest_route=%2Fwp%2Fv2%2Fcomments&post=52380"}],"version-history":[{"count":0,"href":"https:\/\/l21.mx\/index.php?rest_route=\/wp\/v2\/posts\/52380\/revisions"}],"wp:featuredmedia":[{"embeddable":true,"href":"https:\/\/l21.mx\/index.php?rest_route=\/wp\/v2\/media\/52382"}],"wp:attachment":[{"href":"https:\/\/l21.mx\/index.php?rest_route=%2Fwp%2Fv2%2Fmedia&parent=52380"}],"wp:term":[{"taxonomy":"category","embeddable":true,"href":"https:\/\/l21.mx\/index.php?rest_route=%2Fwp%2Fv2%2Fcategories&post=52380"},{"taxonomy":"post_tag","embeddable":true,"href":"https:\/\/l21.mx\/index.php?rest_route=%2Fwp%2Fv2%2Ftags&post=52380"}],"curies":[{"name":"wp","href":"https:\/\/api.w.org\/{rel}","templated":true}]}}