{"id":52483,"date":"2022-12-26T09:39:46","date_gmt":"2022-12-26T14:39:46","guid":{"rendered":"https:\/\/l21.mx\/?p=52483"},"modified":"2023-01-03T11:04:13","modified_gmt":"2023-01-03T16:04:13","slug":"gobierno-de-solidaridad-recibe-respaldo-del-sector-empresarial","status":"publish","type":"post","link":"https:\/\/l21.mx\/?p=52483","title":{"rendered":"Gobierno de Solidaridad recibe respaldo del sector empresarial"},"content":{"rendered":"<p>&nbsp;<\/p>\n<p>\u2022 La cancha de futbol de la unidad Playa del Carmen se renov\u00f3 y fue pintada con apoyo de la empresa Comex<\/p>\n<p>Playa del Carmen, Solidaridad a 26 de diciembre.- A fin de sumarse a las acciones que la presidenta Lili Campos realiza en la renovaci\u00f3n de espacios deportivos en beneficio de las y los solidarenses, la empresa Comex a trav\u00e9s de su programa \u201cM\u00e9xico bien hecho\u201d contribuy\u00f3 en la rehabilitaci\u00f3n de la cancha de futbol r\u00e1pido de la unidad deportiva Playa del Carmen.<\/p>\n<p>Esta contribuci\u00f3n forma parte de una alianza de colaboraci\u00f3n gestionado por el s\u00edndico Adri\u00e1n P\u00e9rez Vera y la intervenci\u00f3n del Instituto Municipal del Deporte que encabeza Amador Guti\u00e9rrez Guigui a fin de contribuir en la rehabilitaci\u00f3n de infraestructura deportiva p\u00fablica.<\/p>\n<p><a href=\"https:\/\/l21.mx\/wp-content\/uploads\/2022\/12\/WhatsApp-Image-2022-12-26-at-19.03.46.jpeg\" data-rel=\"penci-gallery-image-content\" ><img fetchpriority=\"high\" decoding=\"async\" class=\"alignnone size-large wp-image-52485\" src=\"https:\/\/l21.mx\/wp-content\/uploads\/2022\/12\/WhatsApp-Image-2022-12-26-at-19.03.46-768x1024.jpeg\" alt=\"\" width=\"768\" height=\"1024\" srcset=\"https:\/\/l21.mx\/wp-content\/uploads\/2022\/12\/WhatsApp-Image-2022-12-26-at-19.03.46-768x1024.jpeg 768w, https:\/\/l21.mx\/wp-content\/uploads\/2022\/12\/WhatsApp-Image-2022-12-26-at-19.03.46-225x300.jpeg 225w, https:\/\/l21.mx\/wp-content\/uploads\/2022\/12\/WhatsApp-Image-2022-12-26-at-19.03.46-1152x1536.jpeg 1152w, https:\/\/l21.mx\/wp-content\/uploads\/2022\/12\/WhatsApp-Image-2022-12-26-at-19.03.46-1170x1560.jpeg 1170w, https:\/\/l21.mx\/wp-content\/uploads\/2022\/12\/WhatsApp-Image-2022-12-26-at-19.03.46-585x780.jpeg 585w, https:\/\/l21.mx\/wp-content\/uploads\/2022\/12\/WhatsApp-Image-2022-12-26-at-19.03.46.jpeg 1200w\" sizes=\"(max-width: 768px) 100vw, 768px\" \/><\/a><\/p>\n<p>P\u00e9rez Vera inform\u00f3 que usuarios y vecinos se sumaron a las acciones de rehabilitaci\u00f3n y el d\u00eda \u00faltimo comenzaron a pintar y colaborar para que la cancha quedara en perfecto estado.<\/p>\n<p>Por su parte, Guti\u00e9rrez Guigui inform\u00f3 que la cancha rehabilitada requiri\u00f3 m\u00e1s de mil metros cuadrados de pintura antiderrapante y un dise\u00f1o referente a la cultura maya. Es principalmente para futbol r\u00e1pido, con uso tambi\u00e9n para hockey sobre ruedas, pickleball, voleibol, entre otras disciplinas deportivas.<\/p>\n","protected":false},"excerpt":{"rendered":"<p>&nbsp; \u2022 La cancha de futbol de la unidad Playa del Carmen se renov\u00f3 y fue&hellip;<\/p>\n","protected":false},"author":100,"featured_media":52484,"comment_status":"closed","ping_status":"closed","sticky":false,"template":"","format":"standard","meta":{"_acf_changed":false,"_lmt_disableupdate":"","_lmt_disable":"","_mbp_gutenberg_autopost":false,"footnotes":""},"categories":[1654],"tags":[],"class_list":["post-52483","post","type-post","status-publish","format-standard","has-post-thumbnail","hentry","category-solidaridad"],"acf":[],"_links":{"self":[{"href":"https:\/\/l21.mx\/index.php?rest_route=\/wp\/v2\/posts\/52483","targetHints":{"allow":["GET"]}}],"collection":[{"href":"https:\/\/l21.mx\/index.php?rest_route=\/wp\/v2\/posts"}],"about":[{"href":"https:\/\/l21.mx\/index.php?rest_route=\/wp\/v2\/types\/post"}],"author":[{"embeddable":true,"href":"https:\/\/l21.mx\/index.php?rest_route=\/wp\/v2\/users\/100"}],"replies":[{"embeddable":true,"href":"https:\/\/l21.mx\/index.php?rest_route=%2Fwp%2Fv2%2Fcomments&post=52483"}],"version-history":[{"count":0,"href":"https:\/\/l21.mx\/index.php?rest_route=\/wp\/v2\/posts\/52483\/revisions"}],"wp:featuredmedia":[{"embeddable":true,"href":"https:\/\/l21.mx\/index.php?rest_route=\/wp\/v2\/media\/52484"}],"wp:attachment":[{"href":"https:\/\/l21.mx\/index.php?rest_route=%2Fwp%2Fv2%2Fmedia&parent=52483"}],"wp:term":[{"taxonomy":"category","embeddable":true,"href":"https:\/\/l21.mx\/index.php?rest_route=%2Fwp%2Fv2%2Fcategories&post=52483"},{"taxonomy":"post_tag","embeddable":true,"href":"https:\/\/l21.mx\/index.php?rest_route=%2Fwp%2Fv2%2Ftags&post=52483"}],"curies":[{"name":"wp","href":"https:\/\/api.w.org\/{rel}","templated":true}]}}