{"id":52493,"date":"2022-12-27T12:39:09","date_gmt":"2022-12-27T17:39:09","guid":{"rendered":"https:\/\/l21.mx\/?p=52493"},"modified":"2023-01-03T11:04:09","modified_gmt":"2023-01-03T16:04:09","slug":"lili-campos-fortalece-la-rendicion-de-cuenta-y-transparencia","status":"publish","type":"post","link":"https:\/\/l21.mx\/?p=52493","title":{"rendered":"Lili Campos fortalece la rendici\u00f3n de cuenta y transparencia"},"content":{"rendered":"<p>&nbsp;<\/p>\n<p>\u2022 Rindi\u00f3 protesta el Comit\u00e9 de Control Interno del Municipio de Solidaridad<\/p>\n<p>Playa del Carmen, Solidaridad, 27 de diciembre del 2023.- A fin de fortalecer la gesti\u00f3n p\u00fablica con un gobierno abierto, transparente y con rendici\u00f3n de cuentas, la administraci\u00f3n de la presidenta Lili Campos impuls\u00f3 la integraci\u00f3n y toma de protesta del Comit\u00e9 de Control Interno del Municipio de Solidaridad.<\/p>\n<p>Leslie Mar\u00eda \u00c1vila Vera, presidente del reci\u00e9n integrado Comit\u00e9 afirm\u00f3 que esta es una forma de transparentar el trabajo que realiza Lili Campos. \u201cPara nosotros es una manera de trabajar en equipo, d\u00e1ndole la confianza a la ciudadan\u00eda que el ejercicio del gasto p\u00fablico es transparente\u201d.<\/p>\n<p>El mencionado comit\u00e9 que trabajar\u00e1 por la transparencia y la rendici\u00f3n de cuentas hacia los ciudadanos de Solidaridad qued\u00f3 integrado tambi\u00e9n por Eduardo Arregu\u00edn Ch\u00e1vez, como secretario t\u00e9cnico; los vocales Pedro Escobedo S\u00e1nchez, tesorero municipal; Yara Faride Brice\u00f1o, secretar\u00eda de Planeaci\u00f3n y Evaluaci\u00f3n; Teresita Flota Alcocer, secretar\u00eda de Obras P\u00fablicas e Infraestructura; Ignacio Alpuche, Oficial Mayor, y Ra\u00fal Tassinari, secretario de Seguridad P\u00fablica y Tr\u00e1nsito.<\/p>\n","protected":false},"excerpt":{"rendered":"<p>&nbsp; \u2022 Rindi\u00f3 protesta el Comit\u00e9 de Control Interno del Municipio de Solidaridad Playa del Carmen,&hellip;<\/p>\n","protected":false},"author":100,"featured_media":52494,"comment_status":"closed","ping_status":"closed","sticky":false,"template":"","format":"standard","meta":{"_acf_changed":false,"_lmt_disableupdate":"","_lmt_disable":"","_mbp_gutenberg_autopost":false,"footnotes":""},"categories":[1654],"tags":[],"class_list":["post-52493","post","type-post","status-publish","format-standard","has-post-thumbnail","hentry","category-solidaridad"],"acf":[],"_links":{"self":[{"href":"https:\/\/l21.mx\/index.php?rest_route=\/wp\/v2\/posts\/52493","targetHints":{"allow":["GET"]}}],"collection":[{"href":"https:\/\/l21.mx\/index.php?rest_route=\/wp\/v2\/posts"}],"about":[{"href":"https:\/\/l21.mx\/index.php?rest_route=\/wp\/v2\/types\/post"}],"author":[{"embeddable":true,"href":"https:\/\/l21.mx\/index.php?rest_route=\/wp\/v2\/users\/100"}],"replies":[{"embeddable":true,"href":"https:\/\/l21.mx\/index.php?rest_route=%2Fwp%2Fv2%2Fcomments&post=52493"}],"version-history":[{"count":0,"href":"https:\/\/l21.mx\/index.php?rest_route=\/wp\/v2\/posts\/52493\/revisions"}],"wp:featuredmedia":[{"embeddable":true,"href":"https:\/\/l21.mx\/index.php?rest_route=\/wp\/v2\/media\/52494"}],"wp:attachment":[{"href":"https:\/\/l21.mx\/index.php?rest_route=%2Fwp%2Fv2%2Fmedia&parent=52493"}],"wp:term":[{"taxonomy":"category","embeddable":true,"href":"https:\/\/l21.mx\/index.php?rest_route=%2Fwp%2Fv2%2Fcategories&post=52493"},{"taxonomy":"post_tag","embeddable":true,"href":"https:\/\/l21.mx\/index.php?rest_route=%2Fwp%2Fv2%2Ftags&post=52493"}],"curies":[{"name":"wp","href":"https:\/\/api.w.org\/{rel}","templated":true}]}}