{"id":52507,"date":"2022-12-29T11:01:15","date_gmt":"2022-12-29T16:01:15","guid":{"rendered":"https:\/\/l21.mx\/?p=52507"},"modified":"2023-01-03T11:03:15","modified_gmt":"2023-01-03T16:03:15","slug":"gobierno-municipal-por-un-solidaridad-con-imagen-urbana-limpia-y-renovada","status":"publish","type":"post","link":"https:\/\/l21.mx\/?p=52507","title":{"rendered":"Gobierno municipal por un Solidaridad con imagen urbana limpia y renovada"},"content":{"rendered":"<p>&nbsp;<\/p>\n<p>\u2022 Lili Campos dio a conocer que se han eliminado m\u00e1s de 590 macro y micro tiraderos y se refuerza con 57 rutas de recolecci\u00f3n<\/p>\n<p>Playa del Carmen, Solidaridad, 29 de diciembre del 2022.- El gobierno municipal que encabeza Lili Campos renueva la imagen urbana y los servicios p\u00fablicos de Solidaridad al eliminar m\u00e1s de 590 macro y micro tiraderos.<\/p>\n<p>La presidenta Lili Campos record\u00f3 que ofrecer mejores resultados a la gente se establecieron 57 rutas de recolecci\u00f3n de basura. \u201cHoy contamos con dos barredoras que atender\u00e1n la zona tur\u00edstica y poblacional. Exhorto a toda la ciudadan\u00eda a respetar los horarios de recoja de basura en zona habitaci\u00f3n al para mantener limpia nuestra ciudad\u201d dijo la edil.<\/p>\n<p><a href=\"https:\/\/l21.mx\/wp-content\/uploads\/2022\/12\/WhatsApp-Image-2022-12-29-at-17.44.14.jpeg\" data-rel=\"penci-gallery-image-content\" ><img fetchpriority=\"high\" decoding=\"async\" class=\"alignnone size-large wp-image-52508\" src=\"https:\/\/l21.mx\/wp-content\/uploads\/2022\/12\/WhatsApp-Image-2022-12-29-at-17.44.14-1024x682.jpeg\" alt=\"\" width=\"1024\" height=\"682\" srcset=\"https:\/\/l21.mx\/wp-content\/uploads\/2022\/12\/WhatsApp-Image-2022-12-29-at-17.44.14-1024x682.jpeg 1024w, https:\/\/l21.mx\/wp-content\/uploads\/2022\/12\/WhatsApp-Image-2022-12-29-at-17.44.14-300x200.jpeg 300w, https:\/\/l21.mx\/wp-content\/uploads\/2022\/12\/WhatsApp-Image-2022-12-29-at-17.44.14-768x512.jpeg 768w, https:\/\/l21.mx\/wp-content\/uploads\/2022\/12\/WhatsApp-Image-2022-12-29-at-17.44.14-1170x780.jpeg 1170w, https:\/\/l21.mx\/wp-content\/uploads\/2022\/12\/WhatsApp-Image-2022-12-29-at-17.44.14-585x390.jpeg 585w, https:\/\/l21.mx\/wp-content\/uploads\/2022\/12\/WhatsApp-Image-2022-12-29-at-17.44.14-263x175.jpeg 263w, https:\/\/l21.mx\/wp-content\/uploads\/2022\/12\/WhatsApp-Image-2022-12-29-at-17.44.14.jpeg 1280w\" sizes=\"(max-width: 1024px) 100vw, 1024px\" \/><\/a><\/p>\n<p>Benny Mill\u00e1n Parra, secretario de Servicios P\u00fablicos, explic\u00f3 que en la recoja de basura en la zona tur\u00edstica y comercial se trabaja las 24 horas los 365 d\u00edas del a\u00f1o. \u201cNo vamos a parar ning\u00fan d\u00eda\u201d puntualiz\u00f3. Dado que la basura en esta temporada vacacional incrementa hasta en un 60 por ciento, se reforzar\u00e1 con una flota 15 camiones, entre redilas y mini compactadores, que son los que pueden entrar por las calles de la zona tur\u00edstica.<\/p>\n<p>\u201cNuestra presidenta municipal nos dio instrucci\u00f3n de meter operativos de mejoramiento de la imagen y embellecimiento de la ciudad, asimismo, no hemos dejado de trabajar con el programa manos a la obra donde hemos detectado, limpiado y atendido reportes sobre los macro y micro tiraderos\u201d, destac\u00f3 Mill\u00e1n.<\/p>\n<p>El secretario de Servicios P\u00fablicos indic\u00f3 que hasta el d\u00eda de hoy se llevan 594 micro y macro tiraderos atendidos, con un total de ocho mil 429.42 toneladas de basura, cacharros y escombro recogidos.<\/p>\n","protected":false},"excerpt":{"rendered":"<p>&nbsp; \u2022 Lili Campos dio a conocer que se han eliminado m\u00e1s de 590 macro y&hellip;<\/p>\n","protected":false},"author":100,"featured_media":52509,"comment_status":"closed","ping_status":"closed","sticky":false,"template":"","format":"standard","meta":{"_acf_changed":false,"_lmt_disableupdate":"","_lmt_disable":"","_mbp_gutenberg_autopost":false,"footnotes":""},"categories":[1654],"tags":[],"class_list":["post-52507","post","type-post","status-publish","format-standard","has-post-thumbnail","hentry","category-solidaridad"],"acf":[],"_links":{"self":[{"href":"https:\/\/l21.mx\/index.php?rest_route=\/wp\/v2\/posts\/52507","targetHints":{"allow":["GET"]}}],"collection":[{"href":"https:\/\/l21.mx\/index.php?rest_route=\/wp\/v2\/posts"}],"about":[{"href":"https:\/\/l21.mx\/index.php?rest_route=\/wp\/v2\/types\/post"}],"author":[{"embeddable":true,"href":"https:\/\/l21.mx\/index.php?rest_route=\/wp\/v2\/users\/100"}],"replies":[{"embeddable":true,"href":"https:\/\/l21.mx\/index.php?rest_route=%2Fwp%2Fv2%2Fcomments&post=52507"}],"version-history":[{"count":0,"href":"https:\/\/l21.mx\/index.php?rest_route=\/wp\/v2\/posts\/52507\/revisions"}],"wp:featuredmedia":[{"embeddable":true,"href":"https:\/\/l21.mx\/index.php?rest_route=\/wp\/v2\/media\/52509"}],"wp:attachment":[{"href":"https:\/\/l21.mx\/index.php?rest_route=%2Fwp%2Fv2%2Fmedia&parent=52507"}],"wp:term":[{"taxonomy":"category","embeddable":true,"href":"https:\/\/l21.mx\/index.php?rest_route=%2Fwp%2Fv2%2Fcategories&post=52507"},{"taxonomy":"post_tag","embeddable":true,"href":"https:\/\/l21.mx\/index.php?rest_route=%2Fwp%2Fv2%2Ftags&post=52507"}],"curies":[{"name":"wp","href":"https:\/\/api.w.org\/{rel}","templated":true}]}}