{"id":52526,"date":"2022-12-30T11:24:37","date_gmt":"2022-12-30T16:24:37","guid":{"rendered":"https:\/\/l21.mx\/?p=52526"},"modified":"2023-01-03T11:03:08","modified_gmt":"2023-01-03T16:03:08","slug":"bitacora-de-viaje-xxx","status":"publish","type":"post","link":"https:\/\/l21.mx\/?p=52526","title":{"rendered":"Bit\u00e1cora de viaje XXX"},"content":{"rendered":"<p>LA VERDAD ES LO QUE ES, Y SIGUE SIENDO VERDAD AUNQUE SE PIENSE AL\u00a0 REV\u00c9S.<\/p>\n<p>&#8211; ANTONIO MACHADO.<\/p>\n<p>&nbsp;<\/p>\n<p>Se han tragado toda la carne picada. Eso dec\u00eda un comunicado en ingl\u00e9s en aquel 1943. El enga\u00f1o, llamado \u201cOperaci\u00f3n Mincemeat\u201d, hab\u00eda sido un \u00e9xito y a cruzar los dedos o cualquier otra forma de pensamiento m\u00e1gico para atraer algo m\u00e1s que buena suerte y que ese anzuelo fuera lo suficientemente firme. El tiempo les dio la raz\u00f3n a los aliados. La Alemania de Hitler cay\u00f3 en el garlito y la invasi\u00f3n de Sicilia, primer paso para la conquista de la bota it\u00e1lica, la ca\u00edda de Mussolini y el resquebrajamiento del nacionalsocialismo fue un \u00e9xito. Todo gracias a un cad\u00e1ver\u2026 y a una mentira. El alto mando brit\u00e1nico se invent\u00f3 al comandante William Martin de la Marina Real; le crearon una personalidad, aficiones, gustos, hasta novia, y lanzaron su cad\u00e1ver desde un submarino cerca de las costas de Huelva, en Espa\u00f1a, pa\u00eds en el papel neutral, pero erizado de esp\u00edas del eje; Franco haciendo proezas de geopol\u00edtica luego de que la Luftwaffe germana le ayudara a ganar la Guerra Civil. El \u201cactor\u201d que encarn\u00f3 al desafortunado personaje de William Martin fue alguien todav\u00eda m\u00e1s desastrado: un entonces desconocido de 34 a\u00f1os que hab\u00eda muerto de neumon\u00eda, se dice debido a una reacci\u00f3n qu\u00edmica al haber ingerido veneno para ratas; presuntamente un intento de suicidio que tuvo \u00e9xito. El cuerpo fue sacado de la morgue sin consultar con los posibles familiares, si es que alguien pudo reclamar en alg\u00fan momento al occiso. Todo en el m\u00e1s absoluto sigilo. Una mentira fue el inicio del fin del dominio que durar\u00eda, seg\u00fan los panfletistas del Tercer Reich, mil a\u00f1os.<\/p>\n<p>La historia humana \u2013y la historia natural tambi\u00e9n\u2013 est\u00e1 plagada de enga\u00f1os, medias verdades, medias mentiras. Se dice que los macedonios disfrazaban a sus caballos con trompas y orejas grandes para que los elefantes de los ej\u00e9rcitos indios los confundieran con cr\u00edas y no los da\u00f1aran; tambi\u00e9n est\u00e1 la charada que se jugaron m\u00e9dicos italianos inventando una enfermedad contagios\u00edsima que mataba en cuesti\u00f3n de horas para evitar que agentes de la Gestapo ingresaran a hospitales buscando jud\u00edos y salvando as\u00ed muchas vidas que habr\u00edan terminado en alg\u00fan campo de exterminio. Busque usted y encontrar\u00e1 cientos de ejemplos. Algunos chuscos y otros francamente escalofriantes. Una versi\u00f3n del p\u00f3ker es hacer un farol e intentar convencer a los dem\u00e1s jugadores de que se tiene cierta combinaci\u00f3n de cartas para as\u00ed especular. Puede parecer inocente, pero en partidas entre verdaderos apasionados, el hacer alguna trampa en los juegos de azar ha terminado en la nota roja.<\/p>\n<p>No sab\u00eda si en esta temporada en donde lo pol\u00edticamente correcto es \u201ctirar buena onda\u201d deber\u00eda escribir sobre positivas intenciones, pero obras son amores y no buenas razones, dijera Lope de Vega y Carpio en el t\u00edtulo de su comedia. Se puede ser cr\u00edtico sin desearle muertes horribles a quienes, seg\u00fan t\u00fa, atentan contra la vida, la estabilidad, f\u00edsica, emocional, intelectual o econ\u00f3mica de la sociedad buscando el enorme beneficio de los menos sobre los dem\u00e1s. M\u00e1s all\u00e1 de discutir si existe utilidad de la mentira y el enga\u00f1o en la construcci\u00f3n social y en el estado de cosas como lo conocemos y preservar cierta estabilidad en el estilo de vida o en el desorden mental de un mentiroso compulsivo cuya conducta va m\u00e1s all\u00e1 de un compromiso o una promesa de decir la verdad sino de un tratamiento medicamentoso para aliviarlo (o aliviarla) de ese peso que conscientemente no quiere seguir cargando,\u00a0 la falsedad ha sido el material con el que se edifica la cultura pol\u00edtica. A pesar de las toneladas de evidencias en su contra, el falsario instalado en altos puestos de direcci\u00f3n p\u00fablica sigue empecinado en sus argumentos sabedor de que teniendo mayor\u00eda, una importante base le seguir\u00e1 creyendo. Por ejemplo, en lo m\u00e1s presente y de acuerdo con una investigaci\u00f3n de la consultora pol\u00edtica SPIN, hasta el 31 de agosto pasado, el presidente de M\u00e9xico habr\u00eda hecho m\u00e1s de 61 mil declaraciones falsas en las, entonces, 684 conferencias ma\u00f1aneras. De ser correctos estos n\u00fameros y comprobables en todos los casos, no hay raz\u00f3n para dejar de ocultar la verdad hasta unos d\u00edas antes de finalizar 2022. Es m\u00e1s, ha vuelto a prometer abasto de medicamentos para todos. Cosa que viene haciendo en los \u00faltimos a\u00f1os sin cumplir. Insisto, de ser cierta la investigaci\u00f3n, \u00bfestamos ante un mentiroso compulsivo?<\/p>\n<p>Lo dudo.\u00a0 Estamos ante un pol\u00edtico mexicano de cepa que hace honor a la memoria de sus colegas desde 1821 hasta la fecha. S\u00ed, pol\u00edtica y mentira podr\u00edan ser sin\u00f3nimos, no una consecuencia de la otra. El siquiera pretender insinuar que el Ejecutivo miente, habr\u00eda sido suficiente como para cerrar una radiodifusora o dejar de suministrar papel para un diario apenas hace 40 a\u00f1os. Con todo y las mentiras actuales, y lo dejo como una nota de esperanza pol\u00edticamente correcta para estas fechas, poder escribirlo, decirlo al aire, gritarlo, manifestarlo sin las consecuencias habituales salvo las rabiosas negaciones y deslindes de culpa desde el ma\u00f1anero p\u00falpito presidencial, complementando el sainete, es un avance. No se r\u00edan, no lo escrib\u00ed el 28 de diciembre. El otro lado, el universo obscuro, el callar voces y plumas por ejercer un servicio a la verdad, ha corrido a cargo de un crimen organizado que, es cierto, ha recibido por parte del gobierno que prometi\u00f3 cuidarnos (a todos) abrazos del bienestar en lugar de acci\u00f3n firme de la justicia con la ley en la mano.\u00a0\u00a0 Hablando de ley, en estos momentos estoy en modo emoji con la mano en la cara sin poder creer que haya quien se trague el cuento de que la plagiada fue la magistrada Yazm\u00edn Esquivel. Which means\u2026\u00a0 el plagiario, Edgar B\u00e1ez viaj\u00f3 en el tiempo, de 1986 al a\u00f1o siguiente para \u201cfusilarse\u201d la tesis de la v\u00edctima. La tesis DeLorean, que le llaman. \u00bfEn manos de qui\u00e9n han estado tantos fallos judiciales?<\/p>\n<p>Por cierto, el h\u00e9roe ficticio de la Segunda Guerra Mundial William Martin que enga\u00f1\u00f3 al poderoso y tenebroso aparato nazi, fue enterrado con honores en aquel 1943 en Huelva ante la presencia del vicecanciller brit\u00e1nico en Espa\u00f1a. Recientemente, a la l\u00e1pida, se le coloc\u00f3 un anexo especificando \u201cGLYNDWR MICHAEL SIRVI\u00d3 COMO EL MAYOR WILLIAM MARTIN, RM\u201d. Invito a mis navidades a Sir Francis Bacon para que nos ilustre con un esperanzador: \u201cLa verdad es hija del tiempo, no de la autoridad.\u201d\u00a0 \u00c1nimo y bendiciones para todos.<\/p>\n<p>I\u00f1aki Manero.<\/p>\n<p>&nbsp;<\/p>\n<p>&nbsp;<\/p>\n<p>&nbsp;<\/p>\n","protected":false},"excerpt":{"rendered":"<p>LA VERDAD ES LO QUE ES, Y SIGUE SIENDO VERDAD AUNQUE SE PIENSE AL\u00a0 REV\u00c9S. &#8211;&hellip;<\/p>\n","protected":false},"author":100,"featured_media":49565,"comment_status":"closed","ping_status":"closed","sticky":false,"template":"","format":"standard","meta":{"_acf_changed":false,"_lmt_disableupdate":"","_lmt_disable":"","_mbp_gutenberg_autopost":false,"footnotes":""},"categories":[1007],"tags":[],"class_list":["post-52526","post","type-post","status-publish","format-standard","has-post-thumbnail","hentry","category-inaki-manero"],"acf":[],"yoast_head":"<!-- This site is optimized with the Yoast SEO plugin v27.3 - https:\/\/yoast.com\/product\/yoast-seo-wordpress\/ -->\n<title>Bit\u00e1cora de viaje XXX | Revista Latitud 21<\/title>\n<meta name=\"description\" content=\"L21, Emprendedores y Negocios en el Caribe Mexicano, es la revista l\u00edder entre el Sector Empresarial y Tur\u00edstico del Caribe Mexicano.\" \/>\n<meta name=\"robots\" content=\"index, follow, max-snippet:-1, max-image-preview:large, max-video-preview:-1\" \/>\n<link rel=\"canonical\" href=\"https:\/\/l21.mx\/?p=52526\" \/>\n<meta name=\"twitter:card\" content=\"summary_large_image\" \/>\n<meta name=\"twitter:title\" content=\"Bit\u00e1cora de viaje XXX | Revista Latitud 21\" \/>\n<meta name=\"twitter:description\" content=\"L21, Emprendedores y Negocios en el Caribe Mexicano, es la revista l\u00edder entre el Sector Empresarial y Tur\u00edstico del Caribe Mexicano.\" \/>\n<meta name=\"twitter:image\" content=\"https:\/\/l21.mx\/wp-content\/uploads\/2021\/04\/inaki-manero-bitacora-de-viaje.jpg\" \/>\n<meta name=\"twitter:creator\" content=\"@Latitud21mx\" \/>\n<meta name=\"twitter:site\" content=\"@Latitud21mx\" \/>\n<meta name=\"twitter:label1\" content=\"Escrito por\" \/>\n\t<meta name=\"twitter:data1\" content=\"NellyG\" \/>\n\t<meta name=\"twitter:label2\" content=\"Tiempo de lectura\" \/>\n\t<meta name=\"twitter:data2\" content=\"5 minutos\" \/>\n<script type=\"application\/ld+json\" class=\"yoast-schema-graph\">{\"@context\":\"https:\\\/\\\/schema.org\",\"@graph\":[{\"@type\":\"Article\",\"@id\":\"https:\\\/\\\/l21.mx\\\/?p=52526#article\",\"isPartOf\":{\"@id\":\"https:\\\/\\\/l21.mx\\\/?p=52526\"},\"author\":{\"name\":\"NellyG\",\"@id\":\"https:\\\/\\\/l21.mx\\\/#\\\/schema\\\/person\\\/cca68595b80b2f6c4c55a8b254bfbb2a\"},\"headline\":\"Bit\u00e1cora de viaje XXX\",\"datePublished\":\"2022-12-30T16:24:37+00:00\",\"dateModified\":\"2023-01-03T16:03:08+00:00\",\"mainEntityOfPage\":{\"@id\":\"https:\\\/\\\/l21.mx\\\/?p=52526\"},\"wordCount\":1175,\"publisher\":{\"@id\":\"https:\\\/\\\/l21.mx\\\/#organization\"},\"image\":{\"@id\":\"https:\\\/\\\/l21.mx\\\/?p=52526#primaryimage\"},\"thumbnailUrl\":\"https:\\\/\\\/l21.mx\\\/wp-content\\\/uploads\\\/2021\\\/04\\\/inaki-manero-bitacora-de-viaje.jpg\",\"articleSection\":[\"I\u00f1aki Manero\"],\"inLanguage\":\"es\"},{\"@type\":\"WebPage\",\"@id\":\"https:\\\/\\\/l21.mx\\\/?p=52526\",\"url\":\"https:\\\/\\\/l21.mx\\\/?p=52526\",\"name\":\"Bit\u00e1cora de viaje XXX | Revista Latitud 21\",\"isPartOf\":{\"@id\":\"https:\\\/\\\/l21.mx\\\/#website\"},\"primaryImageOfPage\":{\"@id\":\"https:\\\/\\\/l21.mx\\\/?p=52526#primaryimage\"},\"image\":{\"@id\":\"https:\\\/\\\/l21.mx\\\/?p=52526#primaryimage\"},\"thumbnailUrl\":\"https:\\\/\\\/l21.mx\\\/wp-content\\\/uploads\\\/2021\\\/04\\\/inaki-manero-bitacora-de-viaje.jpg\",\"datePublished\":\"2022-12-30T16:24:37+00:00\",\"dateModified\":\"2023-01-03T16:03:08+00:00\",\"description\":\"L21, Emprendedores y Negocios en el Caribe Mexicano, es la revista l\u00edder entre el Sector Empresarial y Tur\u00edstico del Caribe Mexicano.\",\"breadcrumb\":{\"@id\":\"https:\\\/\\\/l21.mx\\\/?p=52526#breadcrumb\"},\"inLanguage\":\"es\",\"potentialAction\":[{\"@type\":\"ReadAction\",\"target\":[\"https:\\\/\\\/l21.mx\\\/?p=52526\"]}]},{\"@type\":\"ImageObject\",\"inLanguage\":\"es\",\"@id\":\"https:\\\/\\\/l21.mx\\\/?p=52526#primaryimage\",\"url\":\"https:\\\/\\\/l21.mx\\\/wp-content\\\/uploads\\\/2021\\\/04\\\/inaki-manero-bitacora-de-viaje.jpg\",\"contentUrl\":\"https:\\\/\\\/l21.mx\\\/wp-content\\\/uploads\\\/2021\\\/04\\\/inaki-manero-bitacora-de-viaje.jpg\",\"width\":\"900\",\"height\":\"599\"},{\"@type\":\"BreadcrumbList\",\"@id\":\"https:\\\/\\\/l21.mx\\\/?p=52526#breadcrumb\",\"itemListElement\":[{\"@type\":\"ListItem\",\"position\":1,\"name\":\"Portada\",\"item\":\"https:\\\/\\\/l21.mx\\\/\"},{\"@type\":\"ListItem\",\"position\":2,\"name\":\"Bit\u00e1cora de viaje XXX\"}]},{\"@type\":\"WebSite\",\"@id\":\"https:\\\/\\\/l21.mx\\\/#website\",\"url\":\"https:\\\/\\\/l21.mx\\\/\",\"name\":\"Revista Latitud 21\",\"description\":\"Emprendedores  y negocios en el Caribe Mexicano\",\"publisher\":{\"@id\":\"https:\\\/\\\/l21.mx\\\/#organization\"},\"potentialAction\":[{\"@type\":\"SearchAction\",\"target\":{\"@type\":\"EntryPoint\",\"urlTemplate\":\"https:\\\/\\\/l21.mx\\\/?s={search_term_string}\"},\"query-input\":{\"@type\":\"PropertyValueSpecification\",\"valueRequired\":true,\"valueName\":\"search_term_string\"}}],\"inLanguage\":\"es\"},{\"@type\":\"Organization\",\"@id\":\"https:\\\/\\\/l21.mx\\\/#organization\",\"name\":\"Grupo Editorial Latitud 21 SA de CV\",\"url\":\"https:\\\/\\\/l21.mx\\\/\",\"logo\":{\"@type\":\"ImageObject\",\"inLanguage\":\"es\",\"@id\":\"https:\\\/\\\/l21.mx\\\/#\\\/schema\\\/logo\\\/image\\\/\",\"url\":\"https:\\\/\\\/l21.mx\\\/wp-content\\\/uploads\\\/2020\\\/10\\\/logo-l21-baja.jpg\",\"contentUrl\":\"https:\\\/\\\/l21.mx\\\/wp-content\\\/uploads\\\/2020\\\/10\\\/logo-l21-baja.jpg\",\"width\":250,\"height\":250,\"caption\":\"Grupo Editorial Latitud 21 SA de CV\"},\"image\":{\"@id\":\"https:\\\/\\\/l21.mx\\\/#\\\/schema\\\/logo\\\/image\\\/\"},\"sameAs\":[\"https:\\\/\\\/www.facebook.com\\\/RevistaLatitud21\\\/\",\"https:\\\/\\\/x.com\\\/Latitud21mx\"]},{\"@type\":\"Person\",\"@id\":\"https:\\\/\\\/l21.mx\\\/#\\\/schema\\\/person\\\/cca68595b80b2f6c4c55a8b254bfbb2a\",\"name\":\"NellyG\",\"url\":\"https:\\\/\\\/l21.mx\\\/?author=100\"}]}<\/script>\n<!-- \/ Yoast SEO plugin. -->","yoast_head_json":{"title":"Bit\u00e1cora de viaje XXX | Revista Latitud 21","description":"L21, Emprendedores y Negocios en el Caribe Mexicano, es la revista l\u00edder entre el Sector Empresarial y Tur\u00edstico del Caribe Mexicano.","robots":{"index":"index","follow":"follow","max-snippet":"max-snippet:-1","max-image-preview":"max-image-preview:large","max-video-preview":"max-video-preview:-1"},"canonical":"https:\/\/l21.mx\/?p=52526","twitter_card":"summary_large_image","twitter_title":"Bit\u00e1cora de viaje XXX | Revista Latitud 21","twitter_description":"L21, Emprendedores y Negocios en el Caribe Mexicano, es la revista l\u00edder entre el Sector Empresarial y Tur\u00edstico del Caribe Mexicano.","twitter_image":"https:\/\/l21.mx\/wp-content\/uploads\/2021\/04\/inaki-manero-bitacora-de-viaje.jpg","twitter_creator":"@Latitud21mx","twitter_site":"@Latitud21mx","twitter_misc":{"Escrito por":"NellyG","Tiempo de lectura":"5 minutos"},"schema":{"@context":"https:\/\/schema.org","@graph":[{"@type":"Article","@id":"https:\/\/l21.mx\/?p=52526#article","isPartOf":{"@id":"https:\/\/l21.mx\/?p=52526"},"author":{"name":"NellyG","@id":"https:\/\/l21.mx\/#\/schema\/person\/cca68595b80b2f6c4c55a8b254bfbb2a"},"headline":"Bit\u00e1cora de viaje XXX","datePublished":"2022-12-30T16:24:37+00:00","dateModified":"2023-01-03T16:03:08+00:00","mainEntityOfPage":{"@id":"https:\/\/l21.mx\/?p=52526"},"wordCount":1175,"publisher":{"@id":"https:\/\/l21.mx\/#organization"},"image":{"@id":"https:\/\/l21.mx\/?p=52526#primaryimage"},"thumbnailUrl":"https:\/\/l21.mx\/wp-content\/uploads\/2021\/04\/inaki-manero-bitacora-de-viaje.jpg","articleSection":["I\u00f1aki Manero"],"inLanguage":"es"},{"@type":"WebPage","@id":"https:\/\/l21.mx\/?p=52526","url":"https:\/\/l21.mx\/?p=52526","name":"Bit\u00e1cora de viaje XXX | Revista Latitud 21","isPartOf":{"@id":"https:\/\/l21.mx\/#website"},"primaryImageOfPage":{"@id":"https:\/\/l21.mx\/?p=52526#primaryimage"},"image":{"@id":"https:\/\/l21.mx\/?p=52526#primaryimage"},"thumbnailUrl":"https:\/\/l21.mx\/wp-content\/uploads\/2021\/04\/inaki-manero-bitacora-de-viaje.jpg","datePublished":"2022-12-30T16:24:37+00:00","dateModified":"2023-01-03T16:03:08+00:00","description":"L21, Emprendedores y Negocios en el Caribe Mexicano, es la revista l\u00edder entre el Sector Empresarial y Tur\u00edstico del Caribe Mexicano.","breadcrumb":{"@id":"https:\/\/l21.mx\/?p=52526#breadcrumb"},"inLanguage":"es","potentialAction":[{"@type":"ReadAction","target":["https:\/\/l21.mx\/?p=52526"]}]},{"@type":"ImageObject","inLanguage":"es","@id":"https:\/\/l21.mx\/?p=52526#primaryimage","url":"https:\/\/l21.mx\/wp-content\/uploads\/2021\/04\/inaki-manero-bitacora-de-viaje.jpg","contentUrl":"https:\/\/l21.mx\/wp-content\/uploads\/2021\/04\/inaki-manero-bitacora-de-viaje.jpg","width":"900","height":"599"},{"@type":"BreadcrumbList","@id":"https:\/\/l21.mx\/?p=52526#breadcrumb","itemListElement":[{"@type":"ListItem","position":1,"name":"Portada","item":"https:\/\/l21.mx\/"},{"@type":"ListItem","position":2,"name":"Bit\u00e1cora de viaje XXX"}]},{"@type":"WebSite","@id":"https:\/\/l21.mx\/#website","url":"https:\/\/l21.mx\/","name":"Revista Latitud 21","description":"Emprendedores  y negocios en el Caribe Mexicano","publisher":{"@id":"https:\/\/l21.mx\/#organization"},"potentialAction":[{"@type":"SearchAction","target":{"@type":"EntryPoint","urlTemplate":"https:\/\/l21.mx\/?s={search_term_string}"},"query-input":{"@type":"PropertyValueSpecification","valueRequired":true,"valueName":"search_term_string"}}],"inLanguage":"es"},{"@type":"Organization","@id":"https:\/\/l21.mx\/#organization","name":"Grupo Editorial Latitud 21 SA de CV","url":"https:\/\/l21.mx\/","logo":{"@type":"ImageObject","inLanguage":"es","@id":"https:\/\/l21.mx\/#\/schema\/logo\/image\/","url":"https:\/\/l21.mx\/wp-content\/uploads\/2020\/10\/logo-l21-baja.jpg","contentUrl":"https:\/\/l21.mx\/wp-content\/uploads\/2020\/10\/logo-l21-baja.jpg","width":250,"height":250,"caption":"Grupo Editorial Latitud 21 SA de CV"},"image":{"@id":"https:\/\/l21.mx\/#\/schema\/logo\/image\/"},"sameAs":["https:\/\/www.facebook.com\/RevistaLatitud21\/","https:\/\/x.com\/Latitud21mx"]},{"@type":"Person","@id":"https:\/\/l21.mx\/#\/schema\/person\/cca68595b80b2f6c4c55a8b254bfbb2a","name":"NellyG","url":"https:\/\/l21.mx\/?author=100"}]}},"amp_enabled":true,"_links":{"self":[{"href":"https:\/\/l21.mx\/index.php?rest_route=\/wp\/v2\/posts\/52526","targetHints":{"allow":["GET"]}}],"collection":[{"href":"https:\/\/l21.mx\/index.php?rest_route=\/wp\/v2\/posts"}],"about":[{"href":"https:\/\/l21.mx\/index.php?rest_route=\/wp\/v2\/types\/post"}],"author":[{"embeddable":true,"href":"https:\/\/l21.mx\/index.php?rest_route=\/wp\/v2\/users\/100"}],"replies":[{"embeddable":true,"href":"https:\/\/l21.mx\/index.php?rest_route=%2Fwp%2Fv2%2Fcomments&post=52526"}],"version-history":[{"count":2,"href":"https:\/\/l21.mx\/index.php?rest_route=\/wp\/v2\/posts\/52526\/revisions"}],"predecessor-version":[{"id":52528,"href":"https:\/\/l21.mx\/index.php?rest_route=\/wp\/v2\/posts\/52526\/revisions\/52528"}],"wp:featuredmedia":[{"embeddable":true,"href":"https:\/\/l21.mx\/index.php?rest_route=\/wp\/v2\/media\/49565"}],"wp:attachment":[{"href":"https:\/\/l21.mx\/index.php?rest_route=%2Fwp%2Fv2%2Fmedia&parent=52526"}],"wp:term":[{"taxonomy":"category","embeddable":true,"href":"https:\/\/l21.mx\/index.php?rest_route=%2Fwp%2Fv2%2Fcategories&post=52526"},{"taxonomy":"post_tag","embeddable":true,"href":"https:\/\/l21.mx\/index.php?rest_route=%2Fwp%2Fv2%2Ftags&post=52526"}],"curies":[{"name":"wp","href":"https:\/\/api.w.org\/{rel}","templated":true}]}}