{"id":52529,"date":"2022-12-30T11:25:47","date_gmt":"2022-12-30T16:25:47","guid":{"rendered":"https:\/\/l21.mx\/?p=52529"},"modified":"2023-01-03T11:03:07","modified_gmt":"2023-01-03T16:03:07","slug":"2023-2","status":"publish","type":"post","link":"https:\/\/l21.mx\/?p=52529","title":{"rendered":"2023"},"content":{"rendered":"<p><strong>Para: EMDI, MI AMOR INFINITO<\/strong><\/p>\n<p><strong>\u00a0<\/strong>\u00a1FELIZ A\u00d1O NUEVO!. Mi agradecimiento como siempre a Latitud 21, en especial a Amador Gutierrez, por la oportunidad de poder escribir cada mes en este espacio. Les deseo lo mejor para este a\u00f1o que parece ser\u00e1 muy interesante. El cierre de 2022 fue lo esperado y sobre todo lo a\u00f1orado. El a\u00f1o que acaba de terminar nos permiti\u00f3 ver la llegada del pasajero 30 millones en el Aeropuerto de Canc\u00fan; no s\u00f3lo fue que se rompiera un r\u00e9cord, sino que se rompi\u00f3 cinco veces, lo cual es todav\u00eda mucho m\u00e1s espectacular. En esto intervienen todos; as\u00ed es, todos lo que d\u00eda a d\u00eda le dedican alma y coraz\u00f3n a este destino y que buscan siempre dar lo mejor de s\u00ed.<\/p>\n<p>Existen grandes retos a\u00fan y seguramente ser\u00e1n lo que marque la tarea diaria en este a\u00f1o. Debemos sin duda mejorar por mucho el servicio de transporte p\u00fablico, tanto colectivo como los taxis, permitir que esta ciudad d\u00e9 el salto a la tecnolog\u00eda y que la libre competencia permita que el mejor se lleve a los clientes, tal y como es el caso de Uber o cualquier plataforma digital que ofrezca un servicio en el destino. Debemos permitirnos tener un servicio digno, de calidad, no lo que hoy tenemos, en su gran mayor\u00eda, para ofrecer a nuestros visitantes. Por supuesto que los habitantes de Quintana Roo tambi\u00e9n merecemos un servicio de primera y no lo que hoy tenemos. No todos son malos, s\u00f3lo la gran mayor\u00eda, y ni qu\u00e9 decir de los camiones y vans de transporte, una verg\u00fcenza total en todos sentidos. Ojal\u00e1 se tomen en serio esto y permitan que este estado tengo mejores condiciones para todos.<\/p>\n<p>Por otro lado, iniciamos el a\u00f1o con el anuncio del cambio de placas en Quintana Roo; algo que debimos hacer antes, pero que por pandemia el gobierno anterior decidi\u00f3 no hacer, pero que este 2023 deberemos hacer todos. Aproveche los descuentos y facilidades que se dan en los primeros meses, ya que esto ser\u00e1 lo que nos permita cumplir con la ley y de mejor forma; lo mismo que sucede con el impuesto predial.<\/p>\n<p>Quiero aprovechar estas l\u00edneas para agradecer a la Asociaci\u00f3n de Locutores de M\u00e9xico, pues el pasado 13 de diciembre, tuve el honor de que me distinguieran con la medalla \u201cPedro Ferriz Santacruz\u201d, por el Premio Nacional de Locuci\u00f3n 2022, en la categor\u00eda de Noticias por Televisi\u00f3n. Me siento muy honrado y muy agradecido, 30 a\u00f1os de dedicarle a esta profesi\u00f3n que tanto me apasiona, hoy sea reconocida de esta manera, es de verdad muy satisfactorio. MUCHAS GRACIAS. Por \u00faltimo, quiero invitarlos a que nos sigan en una nueva aventura. Junto con mi hermano, Arturo Medina, a quien usted conoce muy bien, a disfrutar semanalmente del an\u00e1lisis informativo de lo acontecido en el estado, en M\u00e9xico y en el mundo, a trav\u00e9s de EL ROSTICERO. S\u00edganos en YouTube, Facebook, Twitter e Instagram.<\/p>\n<p>Que el camino sea divertido y exitoso. Hasta la pr\u00f3xima<strong>. #EMDI<\/strong><\/p>\n","protected":false},"excerpt":{"rendered":"<p>Para: EMDI, MI AMOR INFINITO \u00a0\u00a1FELIZ A\u00d1O NUEVO!. Mi agradecimiento como siempre a Latitud 21, en&hellip;<\/p>\n","protected":false},"author":100,"featured_media":49562,"comment_status":"closed","ping_status":"closed","sticky":false,"template":"","format":"standard","meta":{"_acf_changed":false,"_lmt_disableupdate":"","_lmt_disable":"","_mbp_gutenberg_autopost":false,"footnotes":""},"categories":[1008],"tags":[],"class_list":["post-52529","post","type-post","status-publish","format-standard","has-post-thumbnail","hentry","category-alejandro-rosel"],"acf":[],"yoast_head":"<!-- This site is optimized with the Yoast SEO plugin v27.3 - https:\/\/yoast.com\/product\/yoast-seo-wordpress\/ -->\n<title>2023 | Revista Latitud 21<\/title>\n<meta name=\"description\" content=\"L21, Emprendedores y Negocios en el Caribe Mexicano, es la revista l\u00edder entre el Sector Empresarial y Tur\u00edstico del Caribe Mexicano.\" \/>\n<meta name=\"robots\" content=\"index, follow, max-snippet:-1, max-image-preview:large, max-video-preview:-1\" \/>\n<link rel=\"canonical\" href=\"https:\/\/l21.mx\/?p=52529\" \/>\n<meta name=\"twitter:card\" content=\"summary_large_image\" \/>\n<meta name=\"twitter:title\" content=\"2023 | Revista Latitud 21\" \/>\n<meta name=\"twitter:description\" content=\"L21, Emprendedores y Negocios en el Caribe Mexicano, es la revista l\u00edder entre el Sector Empresarial y Tur\u00edstico del Caribe Mexicano.\" \/>\n<meta name=\"twitter:image\" content=\"https:\/\/l21.mx\/wp-content\/uploads\/2021\/04\/alejandro-rosel-desde-el-camerino.jpg\" \/>\n<meta name=\"twitter:creator\" content=\"@Latitud21mx\" \/>\n<meta name=\"twitter:site\" content=\"@Latitud21mx\" \/>\n<meta name=\"twitter:label1\" content=\"Escrito por\" \/>\n\t<meta name=\"twitter:data1\" content=\"NellyG\" \/>\n\t<meta name=\"twitter:label2\" content=\"Tiempo de lectura\" \/>\n\t<meta name=\"twitter:data2\" content=\"3 minutos\" \/>\n<script type=\"application\/ld+json\" class=\"yoast-schema-graph\">{\"@context\":\"https:\\\/\\\/schema.org\",\"@graph\":[{\"@type\":\"Article\",\"@id\":\"https:\\\/\\\/l21.mx\\\/?p=52529#article\",\"isPartOf\":{\"@id\":\"https:\\\/\\\/l21.mx\\\/?p=52529\"},\"author\":{\"name\":\"NellyG\",\"@id\":\"https:\\\/\\\/l21.mx\\\/#\\\/schema\\\/person\\\/cca68595b80b2f6c4c55a8b254bfbb2a\"},\"headline\":\"2023\",\"datePublished\":\"2022-12-30T16:25:47+00:00\",\"dateModified\":\"2023-01-03T16:03:07+00:00\",\"mainEntityOfPage\":{\"@id\":\"https:\\\/\\\/l21.mx\\\/?p=52529\"},\"wordCount\":528,\"publisher\":{\"@id\":\"https:\\\/\\\/l21.mx\\\/#organization\"},\"image\":{\"@id\":\"https:\\\/\\\/l21.mx\\\/?p=52529#primaryimage\"},\"thumbnailUrl\":\"https:\\\/\\\/l21.mx\\\/wp-content\\\/uploads\\\/2021\\\/04\\\/alejandro-rosel-desde-el-camerino.jpg\",\"articleSection\":[\"Alejandro Rosel\"],\"inLanguage\":\"es\"},{\"@type\":\"WebPage\",\"@id\":\"https:\\\/\\\/l21.mx\\\/?p=52529\",\"url\":\"https:\\\/\\\/l21.mx\\\/?p=52529\",\"name\":\"2023 | Revista Latitud 21\",\"isPartOf\":{\"@id\":\"https:\\\/\\\/l21.mx\\\/#website\"},\"primaryImageOfPage\":{\"@id\":\"https:\\\/\\\/l21.mx\\\/?p=52529#primaryimage\"},\"image\":{\"@id\":\"https:\\\/\\\/l21.mx\\\/?p=52529#primaryimage\"},\"thumbnailUrl\":\"https:\\\/\\\/l21.mx\\\/wp-content\\\/uploads\\\/2021\\\/04\\\/alejandro-rosel-desde-el-camerino.jpg\",\"datePublished\":\"2022-12-30T16:25:47+00:00\",\"dateModified\":\"2023-01-03T16:03:07+00:00\",\"description\":\"L21, Emprendedores y Negocios en el Caribe Mexicano, es la revista l\u00edder entre el Sector Empresarial y Tur\u00edstico del Caribe Mexicano.\",\"breadcrumb\":{\"@id\":\"https:\\\/\\\/l21.mx\\\/?p=52529#breadcrumb\"},\"inLanguage\":\"es\",\"potentialAction\":[{\"@type\":\"ReadAction\",\"target\":[\"https:\\\/\\\/l21.mx\\\/?p=52529\"]}]},{\"@type\":\"ImageObject\",\"inLanguage\":\"es\",\"@id\":\"https:\\\/\\\/l21.mx\\\/?p=52529#primaryimage\",\"url\":\"https:\\\/\\\/l21.mx\\\/wp-content\\\/uploads\\\/2021\\\/04\\\/alejandro-rosel-desde-el-camerino.jpg\",\"contentUrl\":\"https:\\\/\\\/l21.mx\\\/wp-content\\\/uploads\\\/2021\\\/04\\\/alejandro-rosel-desde-el-camerino.jpg\",\"width\":\"900\",\"height\":\"599\"},{\"@type\":\"BreadcrumbList\",\"@id\":\"https:\\\/\\\/l21.mx\\\/?p=52529#breadcrumb\",\"itemListElement\":[{\"@type\":\"ListItem\",\"position\":1,\"name\":\"Portada\",\"item\":\"https:\\\/\\\/l21.mx\\\/\"},{\"@type\":\"ListItem\",\"position\":2,\"name\":\"2023\"}]},{\"@type\":\"WebSite\",\"@id\":\"https:\\\/\\\/l21.mx\\\/#website\",\"url\":\"https:\\\/\\\/l21.mx\\\/\",\"name\":\"Revista Latitud 21\",\"description\":\"Emprendedores  y negocios en el Caribe Mexicano\",\"publisher\":{\"@id\":\"https:\\\/\\\/l21.mx\\\/#organization\"},\"potentialAction\":[{\"@type\":\"SearchAction\",\"target\":{\"@type\":\"EntryPoint\",\"urlTemplate\":\"https:\\\/\\\/l21.mx\\\/?s={search_term_string}\"},\"query-input\":{\"@type\":\"PropertyValueSpecification\",\"valueRequired\":true,\"valueName\":\"search_term_string\"}}],\"inLanguage\":\"es\"},{\"@type\":\"Organization\",\"@id\":\"https:\\\/\\\/l21.mx\\\/#organization\",\"name\":\"Grupo Editorial Latitud 21 SA de CV\",\"url\":\"https:\\\/\\\/l21.mx\\\/\",\"logo\":{\"@type\":\"ImageObject\",\"inLanguage\":\"es\",\"@id\":\"https:\\\/\\\/l21.mx\\\/#\\\/schema\\\/logo\\\/image\\\/\",\"url\":\"https:\\\/\\\/l21.mx\\\/wp-content\\\/uploads\\\/2020\\\/10\\\/logo-l21-baja.jpg\",\"contentUrl\":\"https:\\\/\\\/l21.mx\\\/wp-content\\\/uploads\\\/2020\\\/10\\\/logo-l21-baja.jpg\",\"width\":250,\"height\":250,\"caption\":\"Grupo Editorial Latitud 21 SA de CV\"},\"image\":{\"@id\":\"https:\\\/\\\/l21.mx\\\/#\\\/schema\\\/logo\\\/image\\\/\"},\"sameAs\":[\"https:\\\/\\\/www.facebook.com\\\/RevistaLatitud21\\\/\",\"https:\\\/\\\/x.com\\\/Latitud21mx\"]},{\"@type\":\"Person\",\"@id\":\"https:\\\/\\\/l21.mx\\\/#\\\/schema\\\/person\\\/cca68595b80b2f6c4c55a8b254bfbb2a\",\"name\":\"NellyG\",\"url\":\"https:\\\/\\\/l21.mx\\\/?author=100\"}]}<\/script>\n<!-- \/ Yoast SEO plugin. -->","yoast_head_json":{"title":"2023 | Revista Latitud 21","description":"L21, Emprendedores y Negocios en el Caribe Mexicano, es la revista l\u00edder entre el Sector Empresarial y Tur\u00edstico del Caribe Mexicano.","robots":{"index":"index","follow":"follow","max-snippet":"max-snippet:-1","max-image-preview":"max-image-preview:large","max-video-preview":"max-video-preview:-1"},"canonical":"https:\/\/l21.mx\/?p=52529","twitter_card":"summary_large_image","twitter_title":"2023 | Revista Latitud 21","twitter_description":"L21, Emprendedores y Negocios en el Caribe Mexicano, es la revista l\u00edder entre el Sector Empresarial y Tur\u00edstico del Caribe Mexicano.","twitter_image":"https:\/\/l21.mx\/wp-content\/uploads\/2021\/04\/alejandro-rosel-desde-el-camerino.jpg","twitter_creator":"@Latitud21mx","twitter_site":"@Latitud21mx","twitter_misc":{"Escrito por":"NellyG","Tiempo de lectura":"3 minutos"},"schema":{"@context":"https:\/\/schema.org","@graph":[{"@type":"Article","@id":"https:\/\/l21.mx\/?p=52529#article","isPartOf":{"@id":"https:\/\/l21.mx\/?p=52529"},"author":{"name":"NellyG","@id":"https:\/\/l21.mx\/#\/schema\/person\/cca68595b80b2f6c4c55a8b254bfbb2a"},"headline":"2023","datePublished":"2022-12-30T16:25:47+00:00","dateModified":"2023-01-03T16:03:07+00:00","mainEntityOfPage":{"@id":"https:\/\/l21.mx\/?p=52529"},"wordCount":528,"publisher":{"@id":"https:\/\/l21.mx\/#organization"},"image":{"@id":"https:\/\/l21.mx\/?p=52529#primaryimage"},"thumbnailUrl":"https:\/\/l21.mx\/wp-content\/uploads\/2021\/04\/alejandro-rosel-desde-el-camerino.jpg","articleSection":["Alejandro Rosel"],"inLanguage":"es"},{"@type":"WebPage","@id":"https:\/\/l21.mx\/?p=52529","url":"https:\/\/l21.mx\/?p=52529","name":"2023 | Revista Latitud 21","isPartOf":{"@id":"https:\/\/l21.mx\/#website"},"primaryImageOfPage":{"@id":"https:\/\/l21.mx\/?p=52529#primaryimage"},"image":{"@id":"https:\/\/l21.mx\/?p=52529#primaryimage"},"thumbnailUrl":"https:\/\/l21.mx\/wp-content\/uploads\/2021\/04\/alejandro-rosel-desde-el-camerino.jpg","datePublished":"2022-12-30T16:25:47+00:00","dateModified":"2023-01-03T16:03:07+00:00","description":"L21, Emprendedores y Negocios en el Caribe Mexicano, es la revista l\u00edder entre el Sector Empresarial y Tur\u00edstico del Caribe Mexicano.","breadcrumb":{"@id":"https:\/\/l21.mx\/?p=52529#breadcrumb"},"inLanguage":"es","potentialAction":[{"@type":"ReadAction","target":["https:\/\/l21.mx\/?p=52529"]}]},{"@type":"ImageObject","inLanguage":"es","@id":"https:\/\/l21.mx\/?p=52529#primaryimage","url":"https:\/\/l21.mx\/wp-content\/uploads\/2021\/04\/alejandro-rosel-desde-el-camerino.jpg","contentUrl":"https:\/\/l21.mx\/wp-content\/uploads\/2021\/04\/alejandro-rosel-desde-el-camerino.jpg","width":"900","height":"599"},{"@type":"BreadcrumbList","@id":"https:\/\/l21.mx\/?p=52529#breadcrumb","itemListElement":[{"@type":"ListItem","position":1,"name":"Portada","item":"https:\/\/l21.mx\/"},{"@type":"ListItem","position":2,"name":"2023"}]},{"@type":"WebSite","@id":"https:\/\/l21.mx\/#website","url":"https:\/\/l21.mx\/","name":"Revista Latitud 21","description":"Emprendedores  y negocios en el Caribe Mexicano","publisher":{"@id":"https:\/\/l21.mx\/#organization"},"potentialAction":[{"@type":"SearchAction","target":{"@type":"EntryPoint","urlTemplate":"https:\/\/l21.mx\/?s={search_term_string}"},"query-input":{"@type":"PropertyValueSpecification","valueRequired":true,"valueName":"search_term_string"}}],"inLanguage":"es"},{"@type":"Organization","@id":"https:\/\/l21.mx\/#organization","name":"Grupo Editorial Latitud 21 SA de CV","url":"https:\/\/l21.mx\/","logo":{"@type":"ImageObject","inLanguage":"es","@id":"https:\/\/l21.mx\/#\/schema\/logo\/image\/","url":"https:\/\/l21.mx\/wp-content\/uploads\/2020\/10\/logo-l21-baja.jpg","contentUrl":"https:\/\/l21.mx\/wp-content\/uploads\/2020\/10\/logo-l21-baja.jpg","width":250,"height":250,"caption":"Grupo Editorial Latitud 21 SA de CV"},"image":{"@id":"https:\/\/l21.mx\/#\/schema\/logo\/image\/"},"sameAs":["https:\/\/www.facebook.com\/RevistaLatitud21\/","https:\/\/x.com\/Latitud21mx"]},{"@type":"Person","@id":"https:\/\/l21.mx\/#\/schema\/person\/cca68595b80b2f6c4c55a8b254bfbb2a","name":"NellyG","url":"https:\/\/l21.mx\/?author=100"}]}},"amp_enabled":true,"_links":{"self":[{"href":"https:\/\/l21.mx\/index.php?rest_route=\/wp\/v2\/posts\/52529","targetHints":{"allow":["GET"]}}],"collection":[{"href":"https:\/\/l21.mx\/index.php?rest_route=\/wp\/v2\/posts"}],"about":[{"href":"https:\/\/l21.mx\/index.php?rest_route=\/wp\/v2\/types\/post"}],"author":[{"embeddable":true,"href":"https:\/\/l21.mx\/index.php?rest_route=\/wp\/v2\/users\/100"}],"replies":[{"embeddable":true,"href":"https:\/\/l21.mx\/index.php?rest_route=%2Fwp%2Fv2%2Fcomments&post=52529"}],"version-history":[{"count":1,"href":"https:\/\/l21.mx\/index.php?rest_route=\/wp\/v2\/posts\/52529\/revisions"}],"predecessor-version":[{"id":52530,"href":"https:\/\/l21.mx\/index.php?rest_route=\/wp\/v2\/posts\/52529\/revisions\/52530"}],"wp:featuredmedia":[{"embeddable":true,"href":"https:\/\/l21.mx\/index.php?rest_route=\/wp\/v2\/media\/49562"}],"wp:attachment":[{"href":"https:\/\/l21.mx\/index.php?rest_route=%2Fwp%2Fv2%2Fmedia&parent=52529"}],"wp:term":[{"taxonomy":"category","embeddable":true,"href":"https:\/\/l21.mx\/index.php?rest_route=%2Fwp%2Fv2%2Fcategories&post=52529"},{"taxonomy":"post_tag","embeddable":true,"href":"https:\/\/l21.mx\/index.php?rest_route=%2Fwp%2Fv2%2Ftags&post=52529"}],"curies":[{"name":"wp","href":"https:\/\/api.w.org\/{rel}","templated":true}]}}