{"id":52591,"date":"2022-12-30T11:45:05","date_gmt":"2022-12-30T16:45:05","guid":{"rendered":"https:\/\/l21.mx\/?p=52591"},"modified":"2023-01-03T11:02:24","modified_gmt":"2023-01-03T16:02:24","slug":"viaje-con-sentido-eco","status":"publish","type":"post","link":"https:\/\/l21.mx\/?p=52591","title":{"rendered":"Viaje con sentido eco"},"content":{"rendered":"<p>Como parte de la campa\u00f1a para crear conciencia sobre la contaminaci\u00f3n de los oc\u00e9anos, los Schurmann, la primera familia latinoamericana en dar la vuelta al mundo en un velero, estuvo en Puerto Morelos.<\/p>\n<p>La iniciativa, denominada Voice of the Oceans (Voz de los Oc\u00e9anos), apoyada por el Programa de las Naciones Unidas para el Medio Ambiente como parte de la campa\u00f1a Mares Limpios, busca crear conciencia sobre la contaminaci\u00f3n por pl\u00e1sticos y micropl\u00e1sticos, e involucrar a gobiernos y al p\u00fablico en cada parada, desde el sur de Brasil hasta Nueva York y el Caribe Mexicano.<\/p>\n<p>Fueron recibidos por la secretaria de Ecolog\u00eda y Medio Ambiente, Huguette Hern\u00e1ndez, quien les comparti\u00f3 detalles sobre el seguro param\u00e9trico con el que cuenta Quintana Roo que permite dar una pronta respuesta para reducir los da\u00f1os a los arrecifes de coral despu\u00e9s de un hurac\u00e1n, ya que pueden ser particularmente severos, disminuyendo la cobertura de coral vivo y la complejidad del arrecife en unas pocas horas.<\/p>\n<p>La embarcaci\u00f3n en la que viaja la familia Schurmann es completamente sustentable, un ejemplo de que s\u00ed se puede garantizar una situaci\u00f3n m\u00e1s sostenible para el oc\u00e9ano.<\/p>\n<p>&nbsp;<\/p>\n","protected":false},"excerpt":{"rendered":"<p>Como parte de la campa\u00f1a para crear conciencia sobre la contaminaci\u00f3n de los oc\u00e9anos, los Schurmann,&hellip;<\/p>\n","protected":false},"author":100,"featured_media":52568,"comment_status":"closed","ping_status":"closed","sticky":false,"template":"","format":"standard","meta":{"_acf_changed":false,"_lmt_disableupdate":"","_lmt_disable":"","_mbp_gutenberg_autopost":false,"footnotes":""},"categories":[38],"tags":[],"class_list":["post-52591","post","type-post","status-publish","format-standard","has-post-thumbnail","hentry","category-en-la-21-y-otras-latitudes"],"acf":[],"_links":{"self":[{"href":"https:\/\/l21.mx\/index.php?rest_route=\/wp\/v2\/posts\/52591","targetHints":{"allow":["GET"]}}],"collection":[{"href":"https:\/\/l21.mx\/index.php?rest_route=\/wp\/v2\/posts"}],"about":[{"href":"https:\/\/l21.mx\/index.php?rest_route=\/wp\/v2\/types\/post"}],"author":[{"embeddable":true,"href":"https:\/\/l21.mx\/index.php?rest_route=\/wp\/v2\/users\/100"}],"replies":[{"embeddable":true,"href":"https:\/\/l21.mx\/index.php?rest_route=%2Fwp%2Fv2%2Fcomments&post=52591"}],"version-history":[{"count":0,"href":"https:\/\/l21.mx\/index.php?rest_route=\/wp\/v2\/posts\/52591\/revisions"}],"wp:featuredmedia":[{"embeddable":true,"href":"https:\/\/l21.mx\/index.php?rest_route=\/wp\/v2\/media\/52568"}],"wp:attachment":[{"href":"https:\/\/l21.mx\/index.php?rest_route=%2Fwp%2Fv2%2Fmedia&parent=52591"}],"wp:term":[{"taxonomy":"category","embeddable":true,"href":"https:\/\/l21.mx\/index.php?rest_route=%2Fwp%2Fv2%2Fcategories&post=52591"},{"taxonomy":"post_tag","embeddable":true,"href":"https:\/\/l21.mx\/index.php?rest_route=%2Fwp%2Fv2%2Ftags&post=52591"}],"curies":[{"name":"wp","href":"https:\/\/api.w.org\/{rel}","templated":true}]}}