{"id":52672,"date":"2022-12-30T18:18:58","date_gmt":"2022-12-30T23:18:58","guid":{"rendered":"https:\/\/l21.mx\/?p=52672"},"modified":"2023-01-03T11:02:18","modified_gmt":"2023-01-03T16:02:18","slug":"2022-ano-historico-en-deporte-para-solidaridad-lili-campos","status":"publish","type":"post","link":"https:\/\/l21.mx\/?p=52672","title":{"rendered":"2022 a\u00f1o hist\u00f3rico en deporte para Solidaridad: Lili Campos"},"content":{"rendered":"<p>&nbsp;<\/p>\n<p>\u2022 El deporte municipal es un referente estatal, por la renovaci\u00f3n que crece desde la iniciaci\u00f3n hasta el alto rendimiento profesional<\/p>\n<p>Playa del Carmen, Solidaridad, 30 de diciembre.- El 2022 fue un a\u00f1o de hechos tangibles que renovaron el deporte en Solidaridad, encabezados por la presidenta Lili Campos, aportando crecimiento a la infraestructura y al apoyo para el desarrollo de los deportistas desde la iniciaci\u00f3n del deportita hasta el alto rendimiento.<\/p>\n<p><a href=\"https:\/\/l21.mx\/wp-content\/uploads\/2022\/12\/WhatsApp-Image-2022-12-30-at-16.36.10-1.jpeg\" data-rel=\"penci-gallery-image-content\" ><img fetchpriority=\"high\" decoding=\"async\" class=\"alignnone size-medium wp-image-52674\" src=\"https:\/\/l21.mx\/wp-content\/uploads\/2022\/12\/WhatsApp-Image-2022-12-30-at-16.36.10-1-300x199.jpeg\" alt=\"\" width=\"300\" height=\"199\" srcset=\"https:\/\/l21.mx\/wp-content\/uploads\/2022\/12\/WhatsApp-Image-2022-12-30-at-16.36.10-1-300x199.jpeg 300w, https:\/\/l21.mx\/wp-content\/uploads\/2022\/12\/WhatsApp-Image-2022-12-30-at-16.36.10-1-768x509.jpeg 768w, https:\/\/l21.mx\/wp-content\/uploads\/2022\/12\/WhatsApp-Image-2022-12-30-at-16.36.10-1-780x516.jpeg 780w, https:\/\/l21.mx\/wp-content\/uploads\/2022\/12\/WhatsApp-Image-2022-12-30-at-16.36.10-1-585x387.jpeg 585w, https:\/\/l21.mx\/wp-content\/uploads\/2022\/12\/WhatsApp-Image-2022-12-30-at-16.36.10-1-263x175.jpeg 263w, https:\/\/l21.mx\/wp-content\/uploads\/2022\/12\/WhatsApp-Image-2022-12-30-at-16.36.10-1.jpeg 1024w\" sizes=\"(max-width: 300px) 100vw, 300px\" \/><\/a><\/p>\n<p>Los atletas del municipio destacaron en varios \u00e1mbitos, dentro del medallero de los Juegos Nacionales CONADE. Del 30% de las medallas obtenidas por deportistas del estado, 48 fueron para Solidaridad.<\/p>\n<p>Atletas como Swami Mostalac, Dinak Garza, Rudy Polanco, Jorge Fregoso, Magdalena Borja, Jorge Guerrero, V\u00edctor Rodr\u00edguez y Adriana Galicia fueron condecorados con el premio municipal del deporte y se entregaron reconocimientos especiales a los campeones nacionales de 2da divisi\u00f3n, el Ek Balaam de rugby, los campeones estatales Dorados de Playa del Carmen, el nadador Jack Lund, la nadadora art\u00edstica Gabriela Perlestain, y la m\u00faltiple medallista de patines Azul Rodr\u00edguez.<\/p>\n<p>Amador Guti\u00e9rrez, director del Instituto del Deporte, destac\u00f3 que hubo un repunte hist\u00f3rico en las escuelas municipales gratuitas. Al inicio de la administraci\u00f3n eran 350 ni\u00f1os y ni\u00f1as inscritos; ahora hay m\u00e1s de dos mil deportistas en 16 disciplinas diferentes. Adem\u00e1s, se cuenta con los programas Mu\u00e9vete y Act\u00edvate, Playa sobre Ruedas, Rodando por Solidaridad, las Caravanas Luch\u00edsticas, por destacar algunos.<\/p>\n<p><a href=\"https:\/\/l21.mx\/wp-content\/uploads\/2022\/12\/WhatsApp-Image-2022-12-30-at-16.36.11.jpeg\" data-rel=\"penci-gallery-image-content\" ><img decoding=\"async\" class=\"alignnone size-medium wp-image-52675\" src=\"https:\/\/l21.mx\/wp-content\/uploads\/2022\/12\/WhatsApp-Image-2022-12-30-at-16.36.11-300x199.jpeg\" alt=\"\" width=\"300\" height=\"199\" srcset=\"https:\/\/l21.mx\/wp-content\/uploads\/2022\/12\/WhatsApp-Image-2022-12-30-at-16.36.11-300x199.jpeg 300w, https:\/\/l21.mx\/wp-content\/uploads\/2022\/12\/WhatsApp-Image-2022-12-30-at-16.36.11-1024x678.jpeg 1024w, https:\/\/l21.mx\/wp-content\/uploads\/2022\/12\/WhatsApp-Image-2022-12-30-at-16.36.11-768x509.jpeg 768w, https:\/\/l21.mx\/wp-content\/uploads\/2022\/12\/WhatsApp-Image-2022-12-30-at-16.36.11-1536x1018.jpeg 1536w, https:\/\/l21.mx\/wp-content\/uploads\/2022\/12\/WhatsApp-Image-2022-12-30-at-16.36.11-1170x775.jpeg 1170w, https:\/\/l21.mx\/wp-content\/uploads\/2022\/12\/WhatsApp-Image-2022-12-30-at-16.36.11-780x516.jpeg 780w, https:\/\/l21.mx\/wp-content\/uploads\/2022\/12\/WhatsApp-Image-2022-12-30-at-16.36.11-585x388.jpeg 585w, https:\/\/l21.mx\/wp-content\/uploads\/2022\/12\/WhatsApp-Image-2022-12-30-at-16.36.11-263x175.jpeg 263w, https:\/\/l21.mx\/wp-content\/uploads\/2022\/12\/WhatsApp-Image-2022-12-30-at-16.36.11.jpeg 1600w\" sizes=\"(max-width: 300px) 100vw, 300px\" \/><\/a><\/p>\n<p>Por otra parte, el director inform\u00f3 que en cuanto a remodelaci\u00f3n y mantenimiento destacan las obras en las unidades deportivas, del Poliforum, con la instalaci\u00f3n de la duela de maple canadiense, reparaci\u00f3n total del techo, rampa para inclusi\u00f3n y equipamiento. En Mario Villanueva con mantenimiento e instalaci\u00f3n de m\u00e1s de 100 luminarias.<\/p>\n<p>En la Colosio se reconstruy\u00f3 la cancha de f\u00fatbol r\u00e1pido y mantenimiento integral, en la Riviera Maya se mejoraron los accesos, rehabilitaci\u00f3n de sus tres canchas de baloncesto, as\u00ed como en la alberca, domo y cancha de f\u00fatbol. Cabe mencionar tambi\u00e9n la rehabilitaci\u00f3n total del campo de b\u00e9isbol y s\u00f3ftbol de Puerto Aventuras, adem\u00e1s en equipo con la iniciativa privada, se remoz\u00f3 la cancha de f\u00fatbol r\u00e1pido y usos mutiles de la unidad deportiva Poliforum, con el programa social \u201cM\u00e9xico Bien Hecho\u201d.<\/p>\n<p>Por \u00faltimo, el titular mencion\u00f3 que las canchas de usos m\u00faltiples o domos tambi\u00e9n fueron remodeladas y acondicionadas con mantenimiento, entre ellas Villas del Sol -parques uno y dos-, la calle 80, Palmas 1, Colosio, La Guadalupana. Las canchas de usos m\u00faltiples de: Galaxias 1, Colosio, de la calle Copte en Puerto Aventuras, DIF y de Servicios P\u00fablicos.<\/p>\n","protected":false},"excerpt":{"rendered":"<p>&nbsp; \u2022 El deporte municipal es un referente estatal, por la renovaci\u00f3n que crece desde la&hellip;<\/p>\n","protected":false},"author":100,"featured_media":52673,"comment_status":"closed","ping_status":"closed","sticky":false,"template":"","format":"standard","meta":{"_acf_changed":false,"_lmt_disableupdate":"","_lmt_disable":"","_mbp_gutenberg_autopost":false,"footnotes":""},"categories":[1654],"tags":[],"class_list":["post-52672","post","type-post","status-publish","format-standard","has-post-thumbnail","hentry","category-solidaridad"],"acf":[],"_links":{"self":[{"href":"https:\/\/l21.mx\/index.php?rest_route=\/wp\/v2\/posts\/52672","targetHints":{"allow":["GET"]}}],"collection":[{"href":"https:\/\/l21.mx\/index.php?rest_route=\/wp\/v2\/posts"}],"about":[{"href":"https:\/\/l21.mx\/index.php?rest_route=\/wp\/v2\/types\/post"}],"author":[{"embeddable":true,"href":"https:\/\/l21.mx\/index.php?rest_route=\/wp\/v2\/users\/100"}],"replies":[{"embeddable":true,"href":"https:\/\/l21.mx\/index.php?rest_route=%2Fwp%2Fv2%2Fcomments&post=52672"}],"version-history":[{"count":0,"href":"https:\/\/l21.mx\/index.php?rest_route=\/wp\/v2\/posts\/52672\/revisions"}],"wp:featuredmedia":[{"embeddable":true,"href":"https:\/\/l21.mx\/index.php?rest_route=\/wp\/v2\/media\/52673"}],"wp:attachment":[{"href":"https:\/\/l21.mx\/index.php?rest_route=%2Fwp%2Fv2%2Fmedia&parent=52672"}],"wp:term":[{"taxonomy":"category","embeddable":true,"href":"https:\/\/l21.mx\/index.php?rest_route=%2Fwp%2Fv2%2Fcategories&post=52672"},{"taxonomy":"post_tag","embeddable":true,"href":"https:\/\/l21.mx\/index.php?rest_route=%2Fwp%2Fv2%2Ftags&post=52672"}],"curies":[{"name":"wp","href":"https:\/\/api.w.org\/{rel}","templated":true}]}}