{"id":5270,"date":"2013-12-01T07:01:58","date_gmt":"2013-12-01T13:01:58","guid":{"rendered":"http:\/\/innovatori.space\/lat21\/?p=5270"},"modified":"2013-11-29T14:04:30","modified_gmt":"2013-11-29T20:04:30","slug":"encuentro-de-relaciones-publicas-del-caribe","status":"publish","type":"post","link":"https:\/\/l21.mx\/?p=5270","title":{"rendered":"Encuentro de Relaciones P\u00fablicas del Caribe"},"content":{"rendered":"<p><strong><span style=\"color: #993300;\">Qu\u00e9:<\/span> Encuentro de Relaciones\u00a0<\/strong><strong>P\u00fablicas del Caribe\u00a0<\/strong><\/p>\n<p><strong><span style=\"color: #993300;\">D\u00f3nde:<\/span> Universidad del Caribe\u00a0<\/strong><\/p>\n<p><strong><span style=\"color: #993300;\">Cu\u00e1ndo:<\/span> Noviembre 2013<\/strong><\/p>\n<p><a href=\"http:\/\/l21.mx\/wp-content\/uploads\/2013\/11\/RELACIONES-P\u00daBLICAS.jpg\" data-rel=\"penci-gallery-image-content\" ><img fetchpriority=\"high\" decoding=\"async\" class=\"alignleft size-medium wp-image-5271\" title=\"RELACIONES P\u00daBLICAS\" src=\"http:\/\/l21.mx\/wp-content\/uploads\/2013\/11\/RELACIONES-P\u00daBLICAS-300x200.jpg\" alt=\"\" width=\"300\" height=\"200\" srcset=\"https:\/\/l21.mx\/wp-content\/uploads\/2013\/11\/RELACIONES-P\u00daBLICAS-300x200.jpg 300w, https:\/\/l21.mx\/wp-content\/uploads\/2013\/11\/RELACIONES-P\u00daBLICAS-1024x683.jpg 1024w, https:\/\/l21.mx\/wp-content\/uploads\/2013\/11\/RELACIONES-P\u00daBLICAS-768x512.jpg 768w, https:\/\/l21.mx\/wp-content\/uploads\/2013\/11\/RELACIONES-P\u00daBLICAS-1536x1024.jpg 1536w, https:\/\/l21.mx\/wp-content\/uploads\/2013\/11\/RELACIONES-P\u00daBLICAS-2048x1365.jpg 2048w, https:\/\/l21.mx\/wp-content\/uploads\/2013\/11\/RELACIONES-P\u00daBLICAS-1920x1280.jpg 1920w, https:\/\/l21.mx\/wp-content\/uploads\/2013\/11\/RELACIONES-P\u00daBLICAS-1170x780.jpg 1170w, https:\/\/l21.mx\/wp-content\/uploads\/2013\/11\/RELACIONES-P\u00daBLICAS-585x390.jpg 585w, https:\/\/l21.mx\/wp-content\/uploads\/2013\/11\/RELACIONES-P\u00daBLICAS-263x175.jpg 263w\" sizes=\"(max-width: 300px) 100vw, 300px\" \/><\/a><\/p>\n<p>La Asociaci\u00f3n de Relaciones P\u00fablicas del Caribe Mexicano, presidida por Roc\u00edo Mena, convoc\u00f3 a un panel de especialistas para analizar temas relevantes en el quehacer de la actividad. \u201cLas Relaciones P\u00fablicas son una herramienta indispensable en cada organizaci\u00f3n para el logro de sus metas porque les ayudan a llegar al p\u00fablico, objetivo de cada una de ellas\u201d, coment\u00f3 Roc\u00edo Mena. Entre los temas abordados estuvieron el uso de las redes sociales, la imagen p\u00fablica, el manejo de crisis, as\u00ed como el papel del publirrelacionista en empresas como parques acu\u00e1ticos, universidades, Oficinas de Visitantes y Convenciones (OVC), fideicomisos y planes de relaciones p\u00fablicas del sector p\u00fablico. El evento cont\u00f3 con la participaci\u00f3n de personalidades como el rector de la Universidad del Caribe, Tirso Ordaz Coral; Ra\u00fal Andrade Angulo, subsecretario de Planeaci\u00f3n Tur\u00edstica del Gobierno del Estado de Quintana Roo; Francisco L\u00f3pez Reyes, director de Turismo de Benito Ju\u00e1rez.<\/p>\n<div>\n<p>[editor]bitacora[\/editor]<\/p>\n<\/div>\n","protected":false},"excerpt":{"rendered":"<p>Qu\u00e9: Encuentro de Relaciones\u00a0P\u00fablicas del Caribe\u00a0 D\u00f3nde: Universidad del Caribe\u00a0 Cu\u00e1ndo: Noviembre 2013 La Asociaci\u00f3n de&hellip;<\/p>\n","protected":false},"author":2,"featured_media":5272,"comment_status":"open","ping_status":"open","sticky":false,"template":"","format":"standard","meta":{"_acf_changed":false,"_lmt_disableupdate":"","_lmt_disable":"","_mbp_gutenberg_autopost":false,"footnotes":""},"categories":[1],"tags":[],"class_list":["post-5270","post","type-post","status-publish","format-standard","has-post-thumbnail","hentry","category-sin-categoria"],"acf":[],"_links":{"self":[{"href":"https:\/\/l21.mx\/index.php?rest_route=\/wp\/v2\/posts\/5270","targetHints":{"allow":["GET"]}}],"collection":[{"href":"https:\/\/l21.mx\/index.php?rest_route=\/wp\/v2\/posts"}],"about":[{"href":"https:\/\/l21.mx\/index.php?rest_route=\/wp\/v2\/types\/post"}],"author":[{"embeddable":true,"href":"https:\/\/l21.mx\/index.php?rest_route=\/wp\/v2\/users\/2"}],"replies":[{"embeddable":true,"href":"https:\/\/l21.mx\/index.php?rest_route=%2Fwp%2Fv2%2Fcomments&post=5270"}],"version-history":[{"count":0,"href":"https:\/\/l21.mx\/index.php?rest_route=\/wp\/v2\/posts\/5270\/revisions"}],"wp:featuredmedia":[{"embeddable":true,"href":"https:\/\/l21.mx\/index.php?rest_route=\/wp\/v2\/media\/5272"}],"wp:attachment":[{"href":"https:\/\/l21.mx\/index.php?rest_route=%2Fwp%2Fv2%2Fmedia&parent=5270"}],"wp:term":[{"taxonomy":"category","embeddable":true,"href":"https:\/\/l21.mx\/index.php?rest_route=%2Fwp%2Fv2%2Fcategories&post=5270"},{"taxonomy":"post_tag","embeddable":true,"href":"https:\/\/l21.mx\/index.php?rest_route=%2Fwp%2Fv2%2Ftags&post=5270"}],"curies":[{"name":"wp","href":"https:\/\/api.w.org\/{rel}","templated":true}]}}