{"id":52943,"date":"2023-01-03T11:57:20","date_gmt":"2023-01-03T16:57:20","guid":{"rendered":"https:\/\/l21.mx\/?p=52943"},"modified":"2023-01-04T11:58:41","modified_gmt":"2023-01-04T16:58:41","slug":"se-reactiva-rodando-por-solidaridad-en-este-2023","status":"publish","type":"post","link":"https:\/\/l21.mx\/?p=52943","title":{"rendered":"Se reactiva rodando por Solidaridad en este 2023"},"content":{"rendered":"<p>&nbsp;<\/p>\n<p>\u2022 La primera actividad deportiva de este a\u00f1o ser\u00e1 el domingo 8 e iniciar\u00e1 en la plaza 28 de Julio<\/p>\n<p>Playa del Carmen, Solidaridad, 3 de enero del 2023.- A fin de promover la activaci\u00f3n f\u00edsica de las y los solidarenses con el uso de la bicicleta, patines, patinetas, a trav\u00e9s del Instituto Municipal del Deporte (IDM), el gobierno de Lili Campos reactiva el programa \u201cRodando por Solidaridad\u201d, cuya primera edici\u00f3n de este a\u00f1o ser\u00e1 el domingo 8 de enero.<\/p>\n<p>El director general del IDM, Amador Guti\u00e9rrez Guigui, detall\u00f3 que esta primera rodada del 2023 iniciar\u00e1 a las 8 de la ma\u00f1ana, partiendo de la plaza c\u00edvica 28 de Julio hasta la Constituyentes y 30 avenida, circuito con vialidades cerradas para un desplazamiento seguro.<\/p>\n<p>Record\u00f3 que por indicaciones de la edil Lili Campos, el programa Rodando por Solidaridad continuar\u00e1 realiz\u00e1ndose cada primer domingo de mes, incentivando el uso de la bicicleta como medio de transporte amigable con el medio ambiente, adem\u00e1s de fortalecer la salud de quien la usa.<\/p>\n","protected":false},"excerpt":{"rendered":"<p>&nbsp; \u2022 La primera actividad deportiva de este a\u00f1o ser\u00e1 el domingo 8 e iniciar\u00e1 en&hellip;<\/p>\n","protected":false},"author":100,"featured_media":52944,"comment_status":"closed","ping_status":"closed","sticky":false,"template":"","format":"standard","meta":{"_acf_changed":false,"_lmt_disableupdate":"","_lmt_disable":"","_mbp_gutenberg_autopost":false,"footnotes":""},"categories":[1654],"tags":[],"class_list":["post-52943","post","type-post","status-publish","format-standard","has-post-thumbnail","hentry","category-solidaridad"],"acf":[],"_links":{"self":[{"href":"https:\/\/l21.mx\/index.php?rest_route=\/wp\/v2\/posts\/52943","targetHints":{"allow":["GET"]}}],"collection":[{"href":"https:\/\/l21.mx\/index.php?rest_route=\/wp\/v2\/posts"}],"about":[{"href":"https:\/\/l21.mx\/index.php?rest_route=\/wp\/v2\/types\/post"}],"author":[{"embeddable":true,"href":"https:\/\/l21.mx\/index.php?rest_route=\/wp\/v2\/users\/100"}],"replies":[{"embeddable":true,"href":"https:\/\/l21.mx\/index.php?rest_route=%2Fwp%2Fv2%2Fcomments&post=52943"}],"version-history":[{"count":0,"href":"https:\/\/l21.mx\/index.php?rest_route=\/wp\/v2\/posts\/52943\/revisions"}],"wp:featuredmedia":[{"embeddable":true,"href":"https:\/\/l21.mx\/index.php?rest_route=\/wp\/v2\/media\/52944"}],"wp:attachment":[{"href":"https:\/\/l21.mx\/index.php?rest_route=%2Fwp%2Fv2%2Fmedia&parent=52943"}],"wp:term":[{"taxonomy":"category","embeddable":true,"href":"https:\/\/l21.mx\/index.php?rest_route=%2Fwp%2Fv2%2Fcategories&post=52943"},{"taxonomy":"post_tag","embeddable":true,"href":"https:\/\/l21.mx\/index.php?rest_route=%2Fwp%2Fv2%2Ftags&post=52943"}],"curies":[{"name":"wp","href":"https:\/\/api.w.org\/{rel}","templated":true}]}}